{"id":4198,"date":"2020-07-07T10:57:29","date_gmt":"2020-07-07T10:57:29","guid":{"rendered":"https:\/\/vettensjournal.de\/klassischer-journalismus\/?p=4198"},"modified":"2020-07-07T10:57:30","modified_gmt":"2020-07-07T10:57:30","slug":"wecken","status":"publish","type":"post","link":"https:\/\/vettensjournal.de\/klassischer-journalismus\/wecken\/","title":{"rendered":"WECKEN"},"content":{"rendered":"\n<p><strong>TANZ DER VIREN<\/strong><\/p>\n\n\n\n<p><strong>10. Juni<\/strong><\/p>\n\n\n\n<p>Peter Doherty (Nobelpreis f\u00fcr Medizin, f\u00fcr seine\nForschung \u00fcber k\u00f6rpereigene Virusabwehr):<\/p>\n\n\n\n<p>\u201eSo sind wir Menschen. Wenn es ernst wird, handeln wir\nrichtig \u2013 l\u00e4sst die Bedrohung nach, verlieren wir den Fokus\u2026Ich empfinde diese\nPandemie als nicht so schlimm. Aber ich glaube, sie ist ein Weckruf. Das Virus\nhat unsere k\u00f6pereigene Abwehr unvorbereitet getroffen, anders als die\nregelm\u00e4\u00dfigen Grippe-Pandemien.\u201c<\/p>\n","protected":false},"excerpt":{"rendered":"<p>TANZ DER VIREN 10. Juni Peter Doherty (Nobelpreis f\u00fcr Medizin, f\u00fcr seine Forschung \u00fcber k\u00f6rpereigene Virusabwehr): \u201eSo sind wir Menschen. Wenn es ernst wird, handeln wir richtig \u2013 l\u00e4sst die Bedrohung nach, verlieren wir den Fokus\u2026Ich empfinde diese Pandemie als nicht so schlimm. Aber ich glaube, sie ist ein Weckruf. Das Virus hat unsere k\u00f6pereigene [&hellip;]<\/p>\n","protected":false},"author":3,"featured_media":4079,"comment_status":"closed","ping_status":"closed","sticky":false,"template":"","format":"standard","meta":{"footnotes":""},"categories":[930],"tags":[],"class_list":["post-4198","post","type-post","status-publish","format-standard","has-post-thumbnail","hentry","category-tanz-der-viren","has-post-title","has-post-date","has-post-category","has-post-tag","has-post-comment","has-post-author",""],"_links":{"self":[{"href":"https:\/\/vettensjournal.de\/klassischer-journalismus\/wp-json\/wp\/v2\/posts\/4198","targetHints":{"allow":["GET"]}}],"collection":[{"href":"https:\/\/vettensjournal.de\/klassischer-journalismus\/wp-json\/wp\/v2\/posts"}],"about":[{"href":"https:\/\/vettensjournal.de\/klassischer-journalismus\/wp-json\/wp\/v2\/types\/post"}],"author":[{"embeddable":true,"href":"https:\/\/vettensjournal.de\/klassischer-journalismus\/wp-json\/wp\/v2\/users\/3"}],"replies":[{"embeddable":true,"href":"https:\/\/vettensjournal.de\/klassischer-journalismus\/wp-json\/wp\/v2\/comments?post=4198"}],"version-history":[{"count":1,"href":"https:\/\/vettensjournal.de\/klassischer-journalismus\/wp-json\/wp\/v2\/posts\/4198\/revisions"}],"predecessor-version":[{"id":4199,"href":"https:\/\/vettensjournal.de\/klassischer-journalismus\/wp-json\/wp\/v2\/posts\/4198\/revisions\/4199"}],"wp:featuredmedia":[{"embeddable":true,"href":"https:\/\/vettensjournal.de\/klassischer-journalismus\/wp-json\/wp\/v2\/media\/4079"}],"wp:attachment":[{"href":"https:\/\/vettensjournal.de\/klassischer-journalismus\/wp-json\/wp\/v2\/media?parent=4198"}],"wp:term":[{"taxonomy":"category","embeddable":true,"href":"https:\/\/vettensjournal.de\/klassischer-journalismus\/wp-json\/wp\/v2\/categories?post=4198"},{"taxonomy":"post_tag","embeddable":true,"href":"https:\/\/vettensjournal.de\/klassischer-journalismus\/wp-json\/wp\/v2\/tags?post=4198"}],"curies":[{"name":"wp","href":"https:\/\/api.w.org\/{rel}","templated":true}]}}