{"id":4196,"date":"2020-07-07T10:56:10","date_gmt":"2020-07-07T10:56:10","guid":{"rendered":"https:\/\/vettensjournal.de\/klassischer-journalismus\/?p=4196"},"modified":"2020-07-07T10:56:11","modified_gmt":"2020-07-07T10:56:11","slug":"vertuschen","status":"publish","type":"post","link":"https:\/\/vettensjournal.de\/klassischer-journalismus\/vertuschen\/","title":{"rendered":"VERTUSCHEN"},"content":{"rendered":"\n<p><strong>TANZ DER VIREN<\/strong><\/p>\n\n\n\n<p><strong>9. Juni<\/strong><\/p>\n\n\n\n<p>Anruf bei Erich Mocanu, dem Mann, der die\nSpargel-Krise des schw\u00e4bischen Gro\u00dfbauern ins Rollen gebracht hat. Er hat bei\nder Bundespolizei und beim Gesundheitsamt angerufen und Missst\u00e4nde zur Anzeige\ngebracht. Jetzt ist die Ernte eingestellt, die Verkaufsst\u00e4nde sind vernagelt,\nder Bauer l\u00e4sst sich anwaltlich vertreten.<\/p>\n\n\n\n<p>Mocanu hat eine tiefe k\u00e4mpferische Stimme, er\nformuliert unaufgeregt und beherrscht. Ja, ihn h\u00e4tten Landsleute angerufen und\n\u00fcber Erntehelfer berichtet, die sich in Vielzahl angesteckt hatten.<\/p>\n\n\n\n<p>\u201eDas war ein Wespennest. Niemand wollte h\u00f6ren, was ich\nsagte. Ich bin auf viel Aggressivit\u00e4t gesto\u00dfen. Und ich habe gesp\u00fcrt, dass ich\nes mit einer m\u00e4chtigen Lobby zu tun habe. Die sind fast so einflussreich wie\ndie Pharma-Leute.\u201c<\/p>\n\n\n\n<p>Man hat Mocanu deutlich gemacht, dass er sehr\nvorsichtig mit seinen Behauptungen sein solle. Ansonsten: Anwalt!<\/p>\n\n\n\n<p>Was denn die Schwaben so nerv\u00f6s mache?<\/p>\n\n\n\n<p>\u201eNaja, meine Leute haben mir zwei Dinge erz\u00e4hlt.\nZuerst hat es angeblich einen Vorarbeiter erwischt. Das ist vor knapp drei\nWochen gewesen. Er hat gehustet, Kopfweh und Fieber sind dazu gekommen. Der\nMann war schon \u00f6fter auf diesem Hof gewesen, ein guter Arbeiter, der sich vor\nkeinem Job dr\u00fcckt. Er ist zu einem der Chefs gegangen und hat gesagt, er kann\nnicht mehr aufs Feld. Da hat man schnell einen Aufhebungsvertrag gemacht und\nihn in die Heimat zur\u00fcck bringen lassen.<\/p>\n\n\n\n<p>Nicht viel sp\u00e4ter sind noch einmal angeblich 90 Leute\nentlassen und nach Hause geschickt worden. Und keiner hat dr\u00fcber ein Wort\nverloren. Von denen spricht kein Anwalt.\u201c<\/p>\n\n\n\n<p>Was er jetzt tun wolle?<\/p>\n\n\n\n<p>Mocanu r\u00e4uspert sich. Er hat telefoniert, er ist aktiv\ngeworden. Jetzt h\u00e4lt er lieber die F\u00fc\u00dfe still. Die Lobby \u2013 alles klar?<\/p>\n\n\n\n<p>Nachmittags ein Anruf beim Augsburger Anwalt der\nSpargelbauern. Herrische Stimme. F\u00fcr wen man das alles wissen wolle, was man da\nfrage, ob das Stoff f\u00fcr ein Buch sei?<\/p>\n\n\n\n<p>Man wolle nur die Fakten checken. Am Morgen habe man ein Feld zwischen Haimhausen und Ampermoching fotografiert, auf dem der Spargel verrotte.<\/p>\n\n\n\n<p>\u201eUnd? Was wollen Sie wissen?&#8221;<\/p>\n\n\n\n<p>Nur fragen, ob das Feld von seinem Mandanten\nbewirtschaftet worden sei.<\/p>\n\n\n\n<p>\u201eDas kann ich Ihnen nicht sagen. Da muss ich\nnachsehen. Au\u00dferdem ist alles in der Presseerkl\u00e4rung gesagt. Geben Sie mir Ihre\nmail-Adresse, ich melde mich. Auf Wiederh\u00f6ren.\u201c<\/p>\n\n\n\n<p>Freundlich klingt das nicht.<\/p>\n\n\n\n<p>Zwei Stunden drauf die Mail:<\/p>\n\n\n\n<p>Sehr geehrter Herr Vetten,<\/p>\n\n\n\n<p>unsere Kanzlei vertritt anwaltlich die Interessen der\nLohner Agrar GmbH. Wir beziehen uns auf Ihre telefonische Anfrage vom\n09.06.2020. Sie haben nachgefragt, ob ein \u201eaufgelassenes Spargelfeld\u201c zwischen Heimhausen\nund Ampermoding, welches von Ihrer Frau in den zur\u00fcckliegenden Tagen\nfotografiert wurde, sich im Eigentum der Lohner Agrar GmbH befindet. In der von\nIhnen bezeichneten Gegend besitzt unsere Mandantin zwar Anbaufl\u00e4chen; aufgrund\nder ungenauen Ortsangaben und der Tatsache, dass derzeit auch Felder anderer\nSpargelbauern bereits aufgelassen sind, kann aber nicht festgestellt werden, ob\ndas konkrete Feld der Lohner Agrar GmbH geh\u00f6rt. Wir bitten um Verst\u00e4ndnis, dass\ndies derzeit mit vertretbarem Aufwand auch nicht zu ermitteln ist.<\/p>\n\n\n\n<p>Mit freundlichen Gr\u00fc\u00dfen<br>\n<br>\nDr. Dirk Hermann Vo\u00df<br>\nRechtsanwalt<\/p>\n","protected":false},"excerpt":{"rendered":"<p>TANZ DER VIREN 9. Juni Anruf bei Erich Mocanu, dem Mann, der die Spargel-Krise des schw\u00e4bischen Gro\u00dfbauern ins Rollen gebracht hat. Er hat bei der Bundespolizei und beim Gesundheitsamt angerufen und Missst\u00e4nde zur Anzeige gebracht. Jetzt ist die Ernte eingestellt, die Verkaufsst\u00e4nde sind vernagelt, der Bauer l\u00e4sst sich anwaltlich vertreten. Mocanu hat eine tiefe k\u00e4mpferische [&hellip;]<\/p>\n","protected":false},"author":3,"featured_media":4098,"comment_status":"closed","ping_status":"closed","sticky":false,"template":"","format":"standard","meta":{"footnotes":""},"categories":[930],"tags":[],"class_list":["post-4196","post","type-post","status-publish","format-standard","has-post-thumbnail","hentry","category-tanz-der-viren","has-post-title","has-post-date","has-post-category","has-post-tag","has-post-comment","has-post-author",""],"_links":{"self":[{"href":"https:\/\/vettensjournal.de\/klassischer-journalismus\/wp-json\/wp\/v2\/posts\/4196","targetHints":{"allow":["GET"]}}],"collection":[{"href":"https:\/\/vettensjournal.de\/klassischer-journalismus\/wp-json\/wp\/v2\/posts"}],"about":[{"href":"https:\/\/vettensjournal.de\/klassischer-journalismus\/wp-json\/wp\/v2\/types\/post"}],"author":[{"embeddable":true,"href":"https:\/\/vettensjournal.de\/klassischer-journalismus\/wp-json\/wp\/v2\/users\/3"}],"replies":[{"embeddable":true,"href":"https:\/\/vettensjournal.de\/klassischer-journalismus\/wp-json\/wp\/v2\/comments?post=4196"}],"version-history":[{"count":1,"href":"https:\/\/vettensjournal.de\/klassischer-journalismus\/wp-json\/wp\/v2\/posts\/4196\/revisions"}],"predecessor-version":[{"id":4197,"href":"https:\/\/vettensjournal.de\/klassischer-journalismus\/wp-json\/wp\/v2\/posts\/4196\/revisions\/4197"}],"wp:featuredmedia":[{"embeddable":true,"href":"https:\/\/vettensjournal.de\/klassischer-journalismus\/wp-json\/wp\/v2\/media\/4098"}],"wp:attachment":[{"href":"https:\/\/vettensjournal.de\/klassischer-journalismus\/wp-json\/wp\/v2\/media?parent=4196"}],"wp:term":[{"taxonomy":"category","embeddable":true,"href":"https:\/\/vettensjournal.de\/klassischer-journalismus\/wp-json\/wp\/v2\/categories?post=4196"},{"taxonomy":"post_tag","embeddable":true,"href":"https:\/\/vettensjournal.de\/klassischer-journalismus\/wp-json\/wp\/v2\/tags?post=4196"}],"curies":[{"name":"wp","href":"https:\/\/api.w.org\/{rel}","templated":true}]}}