{"id":4193,"date":"2020-07-07T10:46:24","date_gmt":"2020-07-07T10:46:24","guid":{"rendered":"https:\/\/vettensjournal.de\/klassischer-journalismus\/?p=4193"},"modified":"2020-07-07T10:51:09","modified_gmt":"2020-07-07T10:51:09","slug":"verschweigen","status":"publish","type":"post","link":"https:\/\/vettensjournal.de\/klassischer-journalismus\/verschweigen\/","title":{"rendered":"VERSCHWEIGEN"},"content":{"rendered":"\n<p><strong>TANZ DER VIREN<\/strong><\/p>\n\n\n\n<p><strong>8. Juni<\/strong><\/p>\n\n\n\n<p>In Schwaben schlie\u00dft einer der gr\u00f6\u00dften Spargelbetriebe\ndes Landes \u2013 aber danach bleibt es seltsam ruhig. Das Unternehmen l\u00e4sst einen\nAnwalt alles abwiegeln und tut, als sei nichts Bemerkenswertes geschehen. Kein\nWort auf der \u00fcppigen Homepage \u2013 nur am Zaun des Firmengel\u00e4ndes ein Pappschild,\ndass man den Verkauf eingestellt habe. Keine Erkl\u00e4rung f\u00fcr die Presse. Eisernes\nSchweigen.<\/p>\n\n\n\n<p>Nur wenige Medien berichten. Darunter die \u201eAichacher Nachrichten\u201c.\nDort steht:<\/p>\n\n\n\n<p>\u201eIm Zusammenhang mit den beiden infizierten Erntehelfern hatte im Internet ein Video f\u00fcr Aufsehen gesorgt, das inzwischen nicht mehr abrufbar ist. Darin hatte ein Vertreter des Vereins \u201eAuch Engel brauchen Schutzengel\u201c (AEBS) an die Gesch\u00e4ftsf\u00fchrung des Spargelhofs und die Kommune die Frage gerichtet, warum sie nicht \u00f6ffentlich \u00fcber die Corona-F\u00e4lle informierten.<\/p>\n\n\n\n<p>Der Sprecher, der in dem Video zu sehen war,\nbezeichnete sich auf Anfrage unserer Redaktion als Gr\u00fcnder von AEBS. Dabei handle\nes sich um einen 200 Mitglieder z\u00e4hlenden Menschenrechtsverein, der im\nniederbayerischen Landkreis Freyung-Grafenau ans\u00e4ssig ist. Der Verein wolle\nunter anderem Kurierfahrer, Bau- oder Saisonarbeiter \u00fcber ihre Rechte\naufkl\u00e4ren. Der Vereinsvertreter forderte, die \u00d6ffentlichkeit habe das Recht zu\nerfahren, wenn in ihrem Dorf, in ihrer Stra\u00dfe ein Covid-19-Infizierter lebe.\nSowohl das Gesundheitsamt als auch der Anwalt des Spargelhofs wiesen das\nzur\u00fcck. Die \u00d6ffentlichkeit sei durch das Gesundheitsamt informiert worden. Die\nInfizierten und ihre Kontaktpersonen stellten keine Gefahr dar, da sie sich in\nQuarant\u00e4ne bef\u00e4nden. Sie m\u00fcssten vor Stigmatisierung gesch\u00fctzt werden.\u201c&nbsp;<\/p>\n","protected":false},"excerpt":{"rendered":"<p>TANZ DER VIREN 8. Juni In Schwaben schlie\u00dft einer der gr\u00f6\u00dften Spargelbetriebe des Landes \u2013 aber danach bleibt es seltsam ruhig. Das Unternehmen l\u00e4sst einen Anwalt alles abwiegeln und tut, als sei nichts Bemerkenswertes geschehen. Kein Wort auf der \u00fcppigen Homepage \u2013 nur am Zaun des Firmengel\u00e4ndes ein Pappschild, dass man den Verkauf eingestellt habe. [&hellip;]<\/p>\n","protected":false},"author":3,"featured_media":4110,"comment_status":"closed","ping_status":"closed","sticky":false,"template":"","format":"standard","meta":{"footnotes":""},"categories":[930],"tags":[],"class_list":["post-4193","post","type-post","status-publish","format-standard","has-post-thumbnail","hentry","category-tanz-der-viren","has-post-title","has-post-date","has-post-category","has-post-tag","has-post-comment","has-post-author",""],"_links":{"self":[{"href":"https:\/\/vettensjournal.de\/klassischer-journalismus\/wp-json\/wp\/v2\/posts\/4193","targetHints":{"allow":["GET"]}}],"collection":[{"href":"https:\/\/vettensjournal.de\/klassischer-journalismus\/wp-json\/wp\/v2\/posts"}],"about":[{"href":"https:\/\/vettensjournal.de\/klassischer-journalismus\/wp-json\/wp\/v2\/types\/post"}],"author":[{"embeddable":true,"href":"https:\/\/vettensjournal.de\/klassischer-journalismus\/wp-json\/wp\/v2\/users\/3"}],"replies":[{"embeddable":true,"href":"https:\/\/vettensjournal.de\/klassischer-journalismus\/wp-json\/wp\/v2\/comments?post=4193"}],"version-history":[{"count":1,"href":"https:\/\/vettensjournal.de\/klassischer-journalismus\/wp-json\/wp\/v2\/posts\/4193\/revisions"}],"predecessor-version":[{"id":4195,"href":"https:\/\/vettensjournal.de\/klassischer-journalismus\/wp-json\/wp\/v2\/posts\/4193\/revisions\/4195"}],"wp:featuredmedia":[{"embeddable":true,"href":"https:\/\/vettensjournal.de\/klassischer-journalismus\/wp-json\/wp\/v2\/media\/4110"}],"wp:attachment":[{"href":"https:\/\/vettensjournal.de\/klassischer-journalismus\/wp-json\/wp\/v2\/media?parent=4193"}],"wp:term":[{"taxonomy":"category","embeddable":true,"href":"https:\/\/vettensjournal.de\/klassischer-journalismus\/wp-json\/wp\/v2\/categories?post=4193"},{"taxonomy":"post_tag","embeddable":true,"href":"https:\/\/vettensjournal.de\/klassischer-journalismus\/wp-json\/wp\/v2\/tags?post=4193"}],"curies":[{"name":"wp","href":"https:\/\/api.w.org\/{rel}","templated":true}]}}