{"id":4188,"date":"2020-07-07T10:37:44","date_gmt":"2020-07-07T10:37:44","guid":{"rendered":"https:\/\/vettensjournal.de\/klassischer-journalismus\/?p=4188"},"modified":"2020-07-07T10:41:05","modified_gmt":"2020-07-07T10:41:05","slug":"4188-2","status":"publish","type":"post","link":"https:\/\/vettensjournal.de\/klassischer-journalismus\/4188-2\/","title":{"rendered":"K\u00d6PFEN"},"content":{"rendered":"\n<p><strong>TANZ DER VIREN<\/strong><\/p>\n\n\n\n<p><strong>6. Juni<\/strong><\/p>\n\n\n\n<p>Vor drei Tagen stand bei agrarheute.com noch, \u201ebeim\nLohner Spargel in Bayern lief die Saison bisher gut\u201c. Auf der Webseite war die\nWelt in Ordnung:<\/p>\n\n\n\n<p>\u201eIm Jahr 1991 von den Br\u00fcdern Georg und Josef Lohner\ngegr\u00fcndet, ist der Spargelhof Lohner heute eines der erfahrensten und gr\u00f6\u00dften\nSpargelunternehmen in Deutschland. Der spezialisierte Spargelanbau und die\nLandwirtschaft sind in der Familie Lohner tief verwurzelt. Daraus resultiert\nein zutiefst respektvoller und sensibler Umgang mit den wertvollen Ressourcen,\ndie uns unsere Erde schenkt.<br>\n<br>\nWir lieben unsere Arbeit und das Land, das wir bewirtschaften d\u00fcrfen. Aus\ndieser Passion heraus und einer Menge Erfahrung w\u00e4chst und gedeiht unser\nSpargel \u2013 ein heimisches K\u00f6nigsgem\u00fcse auf h\u00f6chstem Niveau.\u201c<\/p>\n\n\n\n<p>Letzter Eintrag in der News-Spalte: \u201eWir haben auch am 1. Mai ge\u00f6ffnet\u201c.<\/p>\n\n\n\n<p>Dabei m\u00fcssten sie vermelden: Seit gestern ist die\nVeranstaltung geschlossen.<\/p>\n\n\n\n<p>Erst sind zwei Arbeiter beim Lohner krank geworden. Corona haben sie gehabt, wurden isoliert, eine Woche lang hielt man die Geschichte unterm Deckel. Dann kam nach Tests heraus, dass noch weitere 19 Menschen den Virus hatten. Noch einmal schw\u00e4rmten die Helfer aus \u2013 aber sie stachen keinen Spargel, sie deckten die schwarzen und wei\u00dfen Planen ab und fuhren zum Hof zur\u00fcck. Schluss mit der Spargelsaison.<\/p>\n\n\n\n<p>Seitdem w\u00e4chst das heimische K\u00f6nigsgem\u00fcse ungeerntet\nvor sich hin. L\u00e4nger und l\u00e4nger werden die Stangen, ein wenig unansehnlich, sie\nkr\u00fcmmen sich, sind \u00fcberreif, sterben ab. Und dann fault der gute Spargel als\nprima D\u00fcnger in den nahenden Sommer.<\/p>\n\n\n\n<p>Das hat gerade noch gefehlt.<\/p>\n\n\n\n<p>Beim Lohner, an den anderen H\u00f6fen, bei allen Bauern\nund beim S\u00f6der macht man sich Sorgen.<\/p>\n","protected":false},"excerpt":{"rendered":"<p>TANZ DER VIREN 6. Juni Vor drei Tagen stand bei agrarheute.com noch, \u201ebeim Lohner Spargel in Bayern lief die Saison bisher gut\u201c. Auf der Webseite war die Welt in Ordnung: \u201eIm Jahr 1991 von den Br\u00fcdern Georg und Josef Lohner gegr\u00fcndet, ist der Spargelhof Lohner heute eines der erfahrensten und gr\u00f6\u00dften Spargelunternehmen in Deutschland. Der [&hellip;]<\/p>\n","protected":false},"author":3,"featured_media":0,"comment_status":"closed","ping_status":"closed","sticky":false,"template":"","format":"standard","meta":{"footnotes":""},"categories":[930],"tags":[],"class_list":["post-4188","post","type-post","status-publish","format-standard","hentry","category-tanz-der-viren","has-post-title","has-post-date","has-post-category","has-post-tag","has-post-comment","has-post-author",""],"_links":{"self":[{"href":"https:\/\/vettensjournal.de\/klassischer-journalismus\/wp-json\/wp\/v2\/posts\/4188","targetHints":{"allow":["GET"]}}],"collection":[{"href":"https:\/\/vettensjournal.de\/klassischer-journalismus\/wp-json\/wp\/v2\/posts"}],"about":[{"href":"https:\/\/vettensjournal.de\/klassischer-journalismus\/wp-json\/wp\/v2\/types\/post"}],"author":[{"embeddable":true,"href":"https:\/\/vettensjournal.de\/klassischer-journalismus\/wp-json\/wp\/v2\/users\/3"}],"replies":[{"embeddable":true,"href":"https:\/\/vettensjournal.de\/klassischer-journalismus\/wp-json\/wp\/v2\/comments?post=4188"}],"version-history":[{"count":1,"href":"https:\/\/vettensjournal.de\/klassischer-journalismus\/wp-json\/wp\/v2\/posts\/4188\/revisions"}],"predecessor-version":[{"id":4190,"href":"https:\/\/vettensjournal.de\/klassischer-journalismus\/wp-json\/wp\/v2\/posts\/4188\/revisions\/4190"}],"wp:attachment":[{"href":"https:\/\/vettensjournal.de\/klassischer-journalismus\/wp-json\/wp\/v2\/media?parent=4188"}],"wp:term":[{"taxonomy":"category","embeddable":true,"href":"https:\/\/vettensjournal.de\/klassischer-journalismus\/wp-json\/wp\/v2\/categories?post=4188"},{"taxonomy":"post_tag","embeddable":true,"href":"https:\/\/vettensjournal.de\/klassischer-journalismus\/wp-json\/wp\/v2\/tags?post=4188"}],"curies":[{"name":"wp","href":"https:\/\/api.w.org\/{rel}","templated":true}]}}