{"id":4186,"date":"2020-07-07T10:35:49","date_gmt":"2020-07-07T10:35:49","guid":{"rendered":"https:\/\/vettensjournal.de\/klassischer-journalismus\/?p=4186"},"modified":"2020-07-07T10:35:50","modified_gmt":"2020-07-07T10:35:50","slug":"mauern","status":"publish","type":"post","link":"https:\/\/vettensjournal.de\/klassischer-journalismus\/mauern\/","title":{"rendered":"MAUERN"},"content":{"rendered":"\n<p><strong>TANZ DER VIREN<\/strong><\/p>\n\n\n\n<p><strong>5. Juni<\/strong><\/p>\n\n\n\n<p>Good News.<\/p>\n\n\n\n<p><em>dpa<\/em>&nbsp;vermeldet, dass \u201eTschechien nach\nfast drei Monaten wieder seine Grenze f\u00fcr B\u00fcrger aus Deutschland, \u00d6sterreich\nund Ungarn ge\u00f6ffnet hat. ,Wir m\u00fcssen zur Normalit\u00e4t zur\u00fcckkehren\u2018, sagte\nRegierungschef Andrej Babis im \u00f6ffentlich-rechtlichen Fernsehen. Es sei gut,\nwenn Touristen aus diesen L\u00e4ndern wieder Geld in Tschechien ausg\u00e4ben.\u201c<\/p>\n\n\n\n<p>Soweit die Nachrichtenagentur. \u00dcbrigens wurde Babis\nvon Journalisten gefragt, wann denn die Neuerungen in Kraft tr\u00e4ten. Er dachte\nkurz nach und antwortete dann: \u201eSoweit ich wei\u00df, ist das sofort der Fall.\u201c<\/p>\n\n\n\n<p>War auch so \u2013 um zw\u00f6lf sind die Schlagb\u00e4ume oben\ngewesen.<\/p>\n\n\n\n<p>Babis hat sich angeh\u00f6rt, wie einstens der DDR-Politiker Schabowski, der zum Thema Mauer\u00f6ffnung erkl\u00e4rte, die Leute k\u00f6nnten nach seiner Einsch\u00e4tzung \u201eab sofort\u201c \u00fcber die Grenze.<\/p>\n\n\n\n<p>Danach ging alles ganz schnell. Und man hatte den\nEindruck, alles w\u00fcrde gut werden\u2026<\/p>\n","protected":false},"excerpt":{"rendered":"<p>TANZ DER VIREN 5. Juni Good News. dpa&nbsp;vermeldet, dass \u201eTschechien nach fast drei Monaten wieder seine Grenze f\u00fcr B\u00fcrger aus Deutschland, \u00d6sterreich und Ungarn ge\u00f6ffnet hat. ,Wir m\u00fcssen zur Normalit\u00e4t zur\u00fcckkehren\u2018, sagte Regierungschef Andrej Babis im \u00f6ffentlich-rechtlichen Fernsehen. Es sei gut, wenn Touristen aus diesen L\u00e4ndern wieder Geld in Tschechien ausg\u00e4ben.\u201c Soweit die Nachrichtenagentur. \u00dcbrigens [&hellip;]<\/p>\n","protected":false},"author":3,"featured_media":1790,"comment_status":"closed","ping_status":"closed","sticky":false,"template":"","format":"standard","meta":{"footnotes":""},"categories":[930],"tags":[],"class_list":["post-4186","post","type-post","status-publish","format-standard","has-post-thumbnail","hentry","category-tanz-der-viren","has-post-title","has-post-date","has-post-category","has-post-tag","has-post-comment","has-post-author",""],"_links":{"self":[{"href":"https:\/\/vettensjournal.de\/klassischer-journalismus\/wp-json\/wp\/v2\/posts\/4186","targetHints":{"allow":["GET"]}}],"collection":[{"href":"https:\/\/vettensjournal.de\/klassischer-journalismus\/wp-json\/wp\/v2\/posts"}],"about":[{"href":"https:\/\/vettensjournal.de\/klassischer-journalismus\/wp-json\/wp\/v2\/types\/post"}],"author":[{"embeddable":true,"href":"https:\/\/vettensjournal.de\/klassischer-journalismus\/wp-json\/wp\/v2\/users\/3"}],"replies":[{"embeddable":true,"href":"https:\/\/vettensjournal.de\/klassischer-journalismus\/wp-json\/wp\/v2\/comments?post=4186"}],"version-history":[{"count":1,"href":"https:\/\/vettensjournal.de\/klassischer-journalismus\/wp-json\/wp\/v2\/posts\/4186\/revisions"}],"predecessor-version":[{"id":4187,"href":"https:\/\/vettensjournal.de\/klassischer-journalismus\/wp-json\/wp\/v2\/posts\/4186\/revisions\/4187"}],"wp:featuredmedia":[{"embeddable":true,"href":"https:\/\/vettensjournal.de\/klassischer-journalismus\/wp-json\/wp\/v2\/media\/1790"}],"wp:attachment":[{"href":"https:\/\/vettensjournal.de\/klassischer-journalismus\/wp-json\/wp\/v2\/media?parent=4186"}],"wp:term":[{"taxonomy":"category","embeddable":true,"href":"https:\/\/vettensjournal.de\/klassischer-journalismus\/wp-json\/wp\/v2\/categories?post=4186"},{"taxonomy":"post_tag","embeddable":true,"href":"https:\/\/vettensjournal.de\/klassischer-journalismus\/wp-json\/wp\/v2\/tags?post=4186"}],"curies":[{"name":"wp","href":"https:\/\/api.w.org\/{rel}","templated":true}]}}