{"id":4181,"date":"2020-07-07T10:29:44","date_gmt":"2020-07-07T10:29:44","guid":{"rendered":"https:\/\/vettensjournal.de\/klassischer-journalismus\/?p=4181"},"modified":"2020-07-07T10:30:11","modified_gmt":"2020-07-07T10:30:11","slug":"4181-2","status":"publish","type":"post","link":"https:\/\/vettensjournal.de\/klassischer-journalismus\/4181-2\/","title":{"rendered":"HOFFEN"},"content":{"rendered":"\n<p><strong>TANZ DER VIREN<\/strong><\/p>\n\n\n\n<p><strong>3. Juni<\/strong><\/p>\n\n\n\n<p>Auf agrarheute.com macht sich die Fachjournalistin\nJulia Sch\u00fcrer Sorgen. Unter der \u00dcberschrift \u201eSpargelanbau in der Krise: geringe\nErnte, Corona, Insolvenzen\u201c schreibt sie nach einem Gespr\u00e4ch mit\ndem&nbsp;Gesch\u00e4ftsf\u00fchrer der Vereinigung der Spargel- und Beerenanbauer in\nNiedersachsen, Fred Eickhorst:<\/p>\n\n\n\n<p>\u201eDas Problem, in ausreichender Zahl Erntehelfer zu finden, habe es schon vor der Corona-Pandemie, sagt Eickhorst. Auch die Trockenheit der beiden vergangenen Jahre habe den Unternehmen zugesetzt. Dieses Jahr nun sei es besonders teuer geworden, die Erntehelfer zu bekommen. Die Betriebe mussten f\u00fcr die Flugkosten aufkommen, auch die Aufwendungen f\u00fcr die Unterk\u00fcnfte seien wegen der Corona-Hygieneauflagen deutlich gestiegen. Die bestehende Regelung f\u00fcr die Einreise von Saisonarbeitskr\u00e4ften wurde vergangene Woche bis zum 15. Juni.<\/p>\n\n\n\n<p>Nach einem hohen Preisniveau zu Beginn der heimischen\nErnte, wo der Kilopreis f\u00fcr die Endverbraucher im Schnitt um bis zu 40 Prozent\n\u00fcber dem Vorjahresniveau lag, hat sich der Preis inzwischen ungef\u00e4hr auf dem\ndes vergangenen Jahres eingependelt. Er lag in der Himmelfahrtswoche im\nDurchschnitt bei 6,86 Euro f\u00fcr ein Kilo wei\u00dfen Spargel erster Sortierung.\u201c<\/p>\n\n\n\n<p>Alles in allem haben sie es also echt schwer heuer,\ndie Spargelbauern.<\/p>\n\n\n\n<p>Bebildert wird die Geschichte mit dem Foto eines Spargelstandes in der N\u00e4he von M\u00fcnchen. Wenigstens der Text dazu macht ein klein wenig Hoffnung:<\/p>\n\n\n\n<p>\u201eBeim Lohner Spargel in Bayern lief die Saison bisher\ngut. Andere Spargelbetriebe haben jedoch zu k\u00e4mpfen.\u201c<\/p>\n\n\n\n<p>Na bitte! A bisserl was geht allerweil.<\/p>\n","protected":false},"excerpt":{"rendered":"<p>TANZ DER VIREN 3. Juni Auf agrarheute.com macht sich die Fachjournalistin Julia Sch\u00fcrer Sorgen. Unter der \u00dcberschrift \u201eSpargelanbau in der Krise: geringe Ernte, Corona, Insolvenzen\u201c schreibt sie nach einem Gespr\u00e4ch mit dem&nbsp;Gesch\u00e4ftsf\u00fchrer der Vereinigung der Spargel- und Beerenanbauer in Niedersachsen, Fred Eickhorst: \u201eDas Problem, in ausreichender Zahl Erntehelfer zu finden, habe es schon vor der [&hellip;]<\/p>\n","protected":false},"author":3,"featured_media":1417,"comment_status":"closed","ping_status":"closed","sticky":false,"template":"","format":"standard","meta":{"footnotes":""},"categories":[930],"tags":[],"class_list":["post-4181","post","type-post","status-publish","format-standard","has-post-thumbnail","hentry","category-tanz-der-viren","has-post-title","has-post-date","has-post-category","has-post-tag","has-post-comment","has-post-author",""],"_links":{"self":[{"href":"https:\/\/vettensjournal.de\/klassischer-journalismus\/wp-json\/wp\/v2\/posts\/4181","targetHints":{"allow":["GET"]}}],"collection":[{"href":"https:\/\/vettensjournal.de\/klassischer-journalismus\/wp-json\/wp\/v2\/posts"}],"about":[{"href":"https:\/\/vettensjournal.de\/klassischer-journalismus\/wp-json\/wp\/v2\/types\/post"}],"author":[{"embeddable":true,"href":"https:\/\/vettensjournal.de\/klassischer-journalismus\/wp-json\/wp\/v2\/users\/3"}],"replies":[{"embeddable":true,"href":"https:\/\/vettensjournal.de\/klassischer-journalismus\/wp-json\/wp\/v2\/comments?post=4181"}],"version-history":[{"count":1,"href":"https:\/\/vettensjournal.de\/klassischer-journalismus\/wp-json\/wp\/v2\/posts\/4181\/revisions"}],"predecessor-version":[{"id":4183,"href":"https:\/\/vettensjournal.de\/klassischer-journalismus\/wp-json\/wp\/v2\/posts\/4181\/revisions\/4183"}],"wp:featuredmedia":[{"embeddable":true,"href":"https:\/\/vettensjournal.de\/klassischer-journalismus\/wp-json\/wp\/v2\/media\/1417"}],"wp:attachment":[{"href":"https:\/\/vettensjournal.de\/klassischer-journalismus\/wp-json\/wp\/v2\/media?parent=4181"}],"wp:term":[{"taxonomy":"category","embeddable":true,"href":"https:\/\/vettensjournal.de\/klassischer-journalismus\/wp-json\/wp\/v2\/categories?post=4181"},{"taxonomy":"post_tag","embeddable":true,"href":"https:\/\/vettensjournal.de\/klassischer-journalismus\/wp-json\/wp\/v2\/tags?post=4181"}],"curies":[{"name":"wp","href":"https:\/\/api.w.org\/{rel}","templated":true}]}}