{"id":4179,"date":"2020-07-07T10:25:25","date_gmt":"2020-07-07T10:25:25","guid":{"rendered":"https:\/\/vettensjournal.de\/klassischer-journalismus\/?p=4179"},"modified":"2020-07-07T10:25:26","modified_gmt":"2020-07-07T10:25:26","slug":"kucken","status":"publish","type":"post","link":"https:\/\/vettensjournal.de\/klassischer-journalismus\/kucken\/","title":{"rendered":"KUCKEN"},"content":{"rendered":"\n<p><strong>TANZ DER VIREN<\/strong><\/p>\n\n\n\n<p><strong>2. Juni<\/strong><\/p>\n\n\n\n<p>In Neuschwanstein d\u00fcrfen die Touris wieder ran. In\nZehnergruppen werden sie, mit Masken bewehrt, ins K\u00f6nigsschloss eingelassen,\nwoselbst die Handwerker, ohne Masken, die die R\u00e4umlichkeiten renovieren.<\/p>\n\n\n\n<p>Der Kastellan ist ganz gl\u00fccklich und sagt, dass sich seine\nG\u00e4ste wie bei tollen Spezialf\u00fchrungen f\u00fchlen. Man hat schlie\u00dflich was zu\nbieten.<\/p>\n\n\n\n<p>Das h\u00f6rt sich dann so an. Der F\u00fchrer bittet von einem Raum in den n\u00e4chsten und spricht mit markiger Allg\u00e4uer Stimme gegen das Hallen eines Allg\u00e4uer Hammers an.<\/p>\n\n\n\n<p>\u201eHier hat seine Majest\u00e4t in wundervoller Manier die\nzw\u00f6lf Apostel in voller Wandh\u00f6he verewigen lassen und so ein Bild f\u00fcr die\nEwigkeit schaffen lassen. Sie k\u00f6nnen es leider nicht sehen, weil es wegen der\nBauarbeiten zugeh\u00e4ngt ist \u2013 doch stellen Sie es sich gerne vor. Oder Sie\nbewundern die Apostel in unserem Katalog \u2013 auch in Englisch, Franz\u00f6sisch und\nJapanisch erh\u00e4ltlich.\u201c<\/p>\n","protected":false},"excerpt":{"rendered":"<p>TANZ DER VIREN 2. Juni In Neuschwanstein d\u00fcrfen die Touris wieder ran. In Zehnergruppen werden sie, mit Masken bewehrt, ins K\u00f6nigsschloss eingelassen, woselbst die Handwerker, ohne Masken, die die R\u00e4umlichkeiten renovieren. Der Kastellan ist ganz gl\u00fccklich und sagt, dass sich seine G\u00e4ste wie bei tollen Spezialf\u00fchrungen f\u00fchlen. Man hat schlie\u00dflich was zu bieten. Das h\u00f6rt [&hellip;]<\/p>\n","protected":false},"author":3,"featured_media":4053,"comment_status":"closed","ping_status":"closed","sticky":false,"template":"","format":"standard","meta":{"footnotes":""},"categories":[930],"tags":[],"class_list":["post-4179","post","type-post","status-publish","format-standard","has-post-thumbnail","hentry","category-tanz-der-viren","has-post-title","has-post-date","has-post-category","has-post-tag","has-post-comment","has-post-author",""],"_links":{"self":[{"href":"https:\/\/vettensjournal.de\/klassischer-journalismus\/wp-json\/wp\/v2\/posts\/4179","targetHints":{"allow":["GET"]}}],"collection":[{"href":"https:\/\/vettensjournal.de\/klassischer-journalismus\/wp-json\/wp\/v2\/posts"}],"about":[{"href":"https:\/\/vettensjournal.de\/klassischer-journalismus\/wp-json\/wp\/v2\/types\/post"}],"author":[{"embeddable":true,"href":"https:\/\/vettensjournal.de\/klassischer-journalismus\/wp-json\/wp\/v2\/users\/3"}],"replies":[{"embeddable":true,"href":"https:\/\/vettensjournal.de\/klassischer-journalismus\/wp-json\/wp\/v2\/comments?post=4179"}],"version-history":[{"count":1,"href":"https:\/\/vettensjournal.de\/klassischer-journalismus\/wp-json\/wp\/v2\/posts\/4179\/revisions"}],"predecessor-version":[{"id":4180,"href":"https:\/\/vettensjournal.de\/klassischer-journalismus\/wp-json\/wp\/v2\/posts\/4179\/revisions\/4180"}],"wp:featuredmedia":[{"embeddable":true,"href":"https:\/\/vettensjournal.de\/klassischer-journalismus\/wp-json\/wp\/v2\/media\/4053"}],"wp:attachment":[{"href":"https:\/\/vettensjournal.de\/klassischer-journalismus\/wp-json\/wp\/v2\/media?parent=4179"}],"wp:term":[{"taxonomy":"category","embeddable":true,"href":"https:\/\/vettensjournal.de\/klassischer-journalismus\/wp-json\/wp\/v2\/categories?post=4179"},{"taxonomy":"post_tag","embeddable":true,"href":"https:\/\/vettensjournal.de\/klassischer-journalismus\/wp-json\/wp\/v2\/tags?post=4179"}],"curies":[{"name":"wp","href":"https:\/\/api.w.org\/{rel}","templated":true}]}}