{"id":4175,"date":"2020-07-07T10:21:35","date_gmt":"2020-07-07T10:21:35","guid":{"rendered":"https:\/\/vettensjournal.de\/klassischer-journalismus\/?p=4175"},"modified":"2020-07-07T10:21:36","modified_gmt":"2020-07-07T10:21:36","slug":"bunkern","status":"publish","type":"post","link":"https:\/\/vettensjournal.de\/klassischer-journalismus\/bunkern\/","title":{"rendered":"BUNKERN"},"content":{"rendered":"\n<p><strong>TANZ DER VIREN<\/strong><\/p>\n\n\n\n<p><strong>31. Mai<\/strong><\/p>\n\n\n\n<p>Langsam wird es Zeit. Man wei\u00df, nie was wird. Ein Anbieter von Bunkern schreibt \u201eNoah hat man auch nicht geglaubt, bis die Sintflut kam.\u201c Ein Berliner Konkurrent stellt fest, dass der Zulauf potenzieller Kunden sich in den letzten Monaten verzwanzigfacht habe. Wer jetzt nicht bunkert, den bestraft Corona. Oder Trump. Oder Putin. Oder der Maha Vajiralongkorn, der irre Thai-K\u00f6nig, der derzeit in Garmisch residiert\u2026<\/p>\n\n\n\n<p>Das Berliner Unternehmen mit der interessierten\nKundschaft nennt sich&nbsp;BSSD und sitzt in Berlin-Zehlendorf. Man \u201eversteht\nsich als Schnittstelle zwischen milit\u00e4rischen und zivilen\nSicherheitsanwendungen\u201c.<\/p>\n\n\n\n<p>Momentan ist bei BSSD das Magermilchpulver\nausverkauft. Zu bl\u00f6d! Wir k\u00f6nnen also nur nachlesen, was f\u00fcr ein tolles Produkt\ndie Menschheit am Leben halten wird:<\/p>\n\n\n\n<p>Mit Magermilchpulver\nl\u00e4sst sich Ihr Lebensmittelvorrat sehr platzsparend und unkompliziert\nerg\u00e4nzen.&nbsp;Magermilch ist eine&nbsp; wichtige Grundzutat vieler Speisen und\nwird h\u00e4ufig zum Backen verwendet. Bei Versorgungsengp\u00e4ssen (kompletter Lieferengpass\ndurch einen Krisenfall oder durch&nbsp; Tierseuchen etcetera, die nur ein\nbestimmtes Lebensmittel betreffen) sind Sie hiermit auf der sicheren Seite, um\nnach wie vor eine abwechslungsreiche Ern\u00e4hrung f\u00fcr sich zu gew\u00e4hrleisten.\nDehydrierte Langzeitnahrung mit einem&nbsp; Mindesthaltbarkeitsdatum von 15\nJahren ab Herstellungsdatum. So l\u00e4sst sich eine erheblich gr\u00f6\u00dfere Menge\nMagermilch&nbsp;ungek\u00fchlt&nbsp;\u00fcber mehrere Jahre einlagern.&nbsp; Das Produkt\nwurde unter Schutzatmosph\u00e4re mit einem&nbsp; Aufrei\u00dfdeckel (kein Dosen\u00f6ffner\nn\u00f6tig) verpackt und wird mit einem&nbsp; Plastikdeckel zum Wiederverschlie\u00dfen\ngeliefert.<\/p>\n\n\n\n<p>Aber, leider: Magermilchpulver alle. Als Schn\u00e4ppchen stattdessen im Angebot:<\/p>\n\n\n\n<p>Ein Bunker. Sofort lieferbar, 302000 Euro:<\/p>\n\n\n\n<p>Bunker B4 :\n72-m\u00b2.&nbsp;Artikelnummer: 16. 6,00m x 3,00m x 2,50m; &nbsp;vierfacher\nStahlk\u00f6rper. Gasfilteranlage BS75. Panzert\u00fcr.\nExplosionsschutzventile\/Gasklappen. Minik\u00fcche. 6 Betten. Notbeleuchtung-Set.\nAnlieferung und Einbau nach Absprache.<\/p>\n\n\n\n<p>Na! Wie w\u00e4r\u2019s?<\/p>\n","protected":false},"excerpt":{"rendered":"<p>TANZ DER VIREN 31. Mai Langsam wird es Zeit. Man wei\u00df, nie was wird. Ein Anbieter von Bunkern schreibt \u201eNoah hat man auch nicht geglaubt, bis die Sintflut kam.\u201c Ein Berliner Konkurrent stellt fest, dass der Zulauf potenzieller Kunden sich in den letzten Monaten verzwanzigfacht habe. Wer jetzt nicht bunkert, den bestraft Corona. Oder Trump. [&hellip;]<\/p>\n","protected":false},"author":3,"featured_media":1558,"comment_status":"closed","ping_status":"closed","sticky":false,"template":"","format":"standard","meta":{"footnotes":""},"categories":[930],"tags":[],"class_list":["post-4175","post","type-post","status-publish","format-standard","has-post-thumbnail","hentry","category-tanz-der-viren","has-post-title","has-post-date","has-post-category","has-post-tag","has-post-comment","has-post-author",""],"_links":{"self":[{"href":"https:\/\/vettensjournal.de\/klassischer-journalismus\/wp-json\/wp\/v2\/posts\/4175","targetHints":{"allow":["GET"]}}],"collection":[{"href":"https:\/\/vettensjournal.de\/klassischer-journalismus\/wp-json\/wp\/v2\/posts"}],"about":[{"href":"https:\/\/vettensjournal.de\/klassischer-journalismus\/wp-json\/wp\/v2\/types\/post"}],"author":[{"embeddable":true,"href":"https:\/\/vettensjournal.de\/klassischer-journalismus\/wp-json\/wp\/v2\/users\/3"}],"replies":[{"embeddable":true,"href":"https:\/\/vettensjournal.de\/klassischer-journalismus\/wp-json\/wp\/v2\/comments?post=4175"}],"version-history":[{"count":1,"href":"https:\/\/vettensjournal.de\/klassischer-journalismus\/wp-json\/wp\/v2\/posts\/4175\/revisions"}],"predecessor-version":[{"id":4176,"href":"https:\/\/vettensjournal.de\/klassischer-journalismus\/wp-json\/wp\/v2\/posts\/4175\/revisions\/4176"}],"wp:featuredmedia":[{"embeddable":true,"href":"https:\/\/vettensjournal.de\/klassischer-journalismus\/wp-json\/wp\/v2\/media\/1558"}],"wp:attachment":[{"href":"https:\/\/vettensjournal.de\/klassischer-journalismus\/wp-json\/wp\/v2\/media?parent=4175"}],"wp:term":[{"taxonomy":"category","embeddable":true,"href":"https:\/\/vettensjournal.de\/klassischer-journalismus\/wp-json\/wp\/v2\/categories?post=4175"},{"taxonomy":"post_tag","embeddable":true,"href":"https:\/\/vettensjournal.de\/klassischer-journalismus\/wp-json\/wp\/v2\/tags?post=4175"}],"curies":[{"name":"wp","href":"https:\/\/api.w.org\/{rel}","templated":true}]}}