{"id":4146,"date":"2020-07-05T15:34:25","date_gmt":"2020-07-05T15:34:25","guid":{"rendered":"https:\/\/vettensjournal.de\/klassischer-journalismus\/?p=4146"},"modified":"2020-07-05T15:34:27","modified_gmt":"2020-07-05T15:34:27","slug":"garteln","status":"publish","type":"post","link":"https:\/\/vettensjournal.de\/klassischer-journalismus\/garteln\/","title":{"rendered":"GARTELN"},"content":{"rendered":"\n<p><strong>TANZ DER VIREN<\/strong><\/p>\n\n\n\n<p><strong>18. Mai<\/strong><\/p>\n\n\n\n<p>Sonne \u00fcberm Land. Die Freischankfl\u00e4chen sind wieder ge\u00f6ffnet. Ein Montag,\nan dem es nachmittags die Menschen in die Bierg\u00e4rten zieht. Die Benimmregeln\nhat Herr S\u00f6der erkl\u00e4rt, sein Wirtschaftsdackel Aiwanger springt dem Herrchen\nbei.<\/p>\n\n\n\n<p>HUBSIS WELT \u2013\ndas Gelbe vom AI&nbsp;&nbsp;&nbsp;&nbsp;&nbsp;&nbsp;&nbsp;\n\u201e<em>Wenn sechs bis acht Leute, jeder mit seinem Kumpel kommt, dann kann der\nsich nat\u00fcrlich jeweils mit seinem Kumpel, der seine Bezugsperson ist, an einen\nTisch setzen. Und mit 1,50 Abstand sitzt der n\u00e4chste Kumpel mit seinem Kumpel.\nAber sie k\u00f6nnen nicht sechs mal zwei an einem Tisch sitzen, weil nicht mal die\nersten Sechs an einem Tisch sitzen d\u00fcrfen. (&#8230;) Und zu den anderen ist jeweils\n1,50 Abstand zu halten. Wenn der Tisch irgendwo 15 Meter lang ist und dann im\nAbstand von 1,50 immer die P\u00e4rchen gegen\u00fcber sitzen.\u201c<\/em><\/p>\n","protected":false},"excerpt":{"rendered":"<p>TANZ DER VIREN 18. Mai Sonne \u00fcberm Land. Die Freischankfl\u00e4chen sind wieder ge\u00f6ffnet. Ein Montag, an dem es nachmittags die Menschen in die Bierg\u00e4rten zieht. Die Benimmregeln hat Herr S\u00f6der erkl\u00e4rt, sein Wirtschaftsdackel Aiwanger springt dem Herrchen bei. HUBSIS WELT \u2013 das Gelbe vom AI&nbsp;&nbsp;&nbsp;&nbsp;&nbsp;&nbsp;&nbsp; \u201eWenn sechs bis acht Leute, jeder mit seinem Kumpel kommt, [&hellip;]<\/p>\n","protected":false},"author":3,"featured_media":4054,"comment_status":"closed","ping_status":"closed","sticky":false,"template":"","format":"standard","meta":{"footnotes":""},"categories":[930],"tags":[],"class_list":["post-4146","post","type-post","status-publish","format-standard","has-post-thumbnail","hentry","category-tanz-der-viren","has-post-title","has-post-date","has-post-category","has-post-tag","has-post-comment","has-post-author",""],"_links":{"self":[{"href":"https:\/\/vettensjournal.de\/klassischer-journalismus\/wp-json\/wp\/v2\/posts\/4146","targetHints":{"allow":["GET"]}}],"collection":[{"href":"https:\/\/vettensjournal.de\/klassischer-journalismus\/wp-json\/wp\/v2\/posts"}],"about":[{"href":"https:\/\/vettensjournal.de\/klassischer-journalismus\/wp-json\/wp\/v2\/types\/post"}],"author":[{"embeddable":true,"href":"https:\/\/vettensjournal.de\/klassischer-journalismus\/wp-json\/wp\/v2\/users\/3"}],"replies":[{"embeddable":true,"href":"https:\/\/vettensjournal.de\/klassischer-journalismus\/wp-json\/wp\/v2\/comments?post=4146"}],"version-history":[{"count":1,"href":"https:\/\/vettensjournal.de\/klassischer-journalismus\/wp-json\/wp\/v2\/posts\/4146\/revisions"}],"predecessor-version":[{"id":4147,"href":"https:\/\/vettensjournal.de\/klassischer-journalismus\/wp-json\/wp\/v2\/posts\/4146\/revisions\/4147"}],"wp:featuredmedia":[{"embeddable":true,"href":"https:\/\/vettensjournal.de\/klassischer-journalismus\/wp-json\/wp\/v2\/media\/4054"}],"wp:attachment":[{"href":"https:\/\/vettensjournal.de\/klassischer-journalismus\/wp-json\/wp\/v2\/media?parent=4146"}],"wp:term":[{"taxonomy":"category","embeddable":true,"href":"https:\/\/vettensjournal.de\/klassischer-journalismus\/wp-json\/wp\/v2\/categories?post=4146"},{"taxonomy":"post_tag","embeddable":true,"href":"https:\/\/vettensjournal.de\/klassischer-journalismus\/wp-json\/wp\/v2\/tags?post=4146"}],"curies":[{"name":"wp","href":"https:\/\/api.w.org\/{rel}","templated":true}]}}