{"id":4144,"date":"2020-07-05T15:32:05","date_gmt":"2020-07-05T15:32:05","guid":{"rendered":"https:\/\/vettensjournal.de\/klassischer-journalismus\/?p=4144"},"modified":"2020-07-05T15:32:06","modified_gmt":"2020-07-05T15:32:06","slug":"abheben-2","status":"publish","type":"post","link":"https:\/\/vettensjournal.de\/klassischer-journalismus\/abheben-2\/","title":{"rendered":"ABHEBEN"},"content":{"rendered":"\n<p><strong>TANZ DER VIREN<\/strong><\/p>\n\n\n\n<p><strong>17. Mai<\/strong><\/p>\n\n\n\n<p>War das ein Umzug damals! Am 16. Mai 1992 hob kurz vor Mitternacht die Lufthansa-Boeing B737 Freising in Riem ab, am n\u00e4chsten Morgen war der Flughafen M\u00fcnchen Erding betriebsbereit. Er hat sich gemausert, die Menschen in Vierkirchen gew\u00f6hnten sich an \u00dcberfl\u00fcge im Zweiminutentakt. Der Himmel \u00fcber Dachau und Umgebung sah an sonnigen Tagen aus wie ein Schnittmuster. <\/p>\n\n\n\n<p>Jetzt gibt es keine Kondensstreifen und kein Dauerrauschen. Es ist still geworden, oben. Himmlisch ruhig.<\/p>\n\n\n\n<p>Aber nun passt\u2019s den Leuten auch wieder nicht.<\/p>\n","protected":false},"excerpt":{"rendered":"<p>TANZ DER VIREN 17. Mai War das ein Umzug damals! Am 16. Mai 1992 hob kurz vor Mitternacht die Lufthansa-Boeing B737 Freising in Riem ab, am n\u00e4chsten Morgen war der Flughafen M\u00fcnchen Erding betriebsbereit. Er hat sich gemausert, die Menschen in Vierkirchen gew\u00f6hnten sich an \u00dcberfl\u00fcge im Zweiminutentakt. Der Himmel \u00fcber Dachau und Umgebung sah [&hellip;]<\/p>\n","protected":false},"author":3,"featured_media":3653,"comment_status":"closed","ping_status":"closed","sticky":false,"template":"","format":"standard","meta":{"footnotes":""},"categories":[930],"tags":[],"class_list":["post-4144","post","type-post","status-publish","format-standard","has-post-thumbnail","hentry","category-tanz-der-viren","has-post-title","has-post-date","has-post-category","has-post-tag","has-post-comment","has-post-author",""],"_links":{"self":[{"href":"https:\/\/vettensjournal.de\/klassischer-journalismus\/wp-json\/wp\/v2\/posts\/4144","targetHints":{"allow":["GET"]}}],"collection":[{"href":"https:\/\/vettensjournal.de\/klassischer-journalismus\/wp-json\/wp\/v2\/posts"}],"about":[{"href":"https:\/\/vettensjournal.de\/klassischer-journalismus\/wp-json\/wp\/v2\/types\/post"}],"author":[{"embeddable":true,"href":"https:\/\/vettensjournal.de\/klassischer-journalismus\/wp-json\/wp\/v2\/users\/3"}],"replies":[{"embeddable":true,"href":"https:\/\/vettensjournal.de\/klassischer-journalismus\/wp-json\/wp\/v2\/comments?post=4144"}],"version-history":[{"count":1,"href":"https:\/\/vettensjournal.de\/klassischer-journalismus\/wp-json\/wp\/v2\/posts\/4144\/revisions"}],"predecessor-version":[{"id":4145,"href":"https:\/\/vettensjournal.de\/klassischer-journalismus\/wp-json\/wp\/v2\/posts\/4144\/revisions\/4145"}],"wp:featuredmedia":[{"embeddable":true,"href":"https:\/\/vettensjournal.de\/klassischer-journalismus\/wp-json\/wp\/v2\/media\/3653"}],"wp:attachment":[{"href":"https:\/\/vettensjournal.de\/klassischer-journalismus\/wp-json\/wp\/v2\/media?parent=4144"}],"wp:term":[{"taxonomy":"category","embeddable":true,"href":"https:\/\/vettensjournal.de\/klassischer-journalismus\/wp-json\/wp\/v2\/categories?post=4144"},{"taxonomy":"post_tag","embeddable":true,"href":"https:\/\/vettensjournal.de\/klassischer-journalismus\/wp-json\/wp\/v2\/tags?post=4144"}],"curies":[{"name":"wp","href":"https:\/\/api.w.org\/{rel}","templated":true}]}}