{"id":393,"date":"2015-01-26T10:28:44","date_gmt":"2015-01-26T10:28:44","guid":{"rendered":"http:\/\/vettensjournal.de\/klassischer-journalismus\/?p=393"},"modified":"2015-01-26T10:28:44","modified_gmt":"2015-01-26T10:28:44","slug":"der-star","status":"publish","type":"post","link":"https:\/\/vettensjournal.de\/klassischer-journalismus\/der-star\/","title":{"rendered":"DER STAR"},"content":{"rendered":"<p><em><strong>berlin, 26. januar 2015<\/strong><\/em><\/p>\n<p><strong>Walter Freiwald ist 60 und nicht besonders in Form. Er raucht zuviel und schafft keine 20 Stufen am St\u00fcck. Der Mann hat dicke Tr\u00e4nens\u00e4cke und sehr traurige Augen, sein Friseur m\u00fcsste Schmerzensgeld zahlen. Walter Freiwald ist ein erheblich aus der Fasson geratener Mensch. Aber seit zwei Wochen gilt er als \u201eStar\u201c. Ja, wie denn das?<\/strong><\/p>\n<p>Als Sohn der Stadt Wittmund wird Walter Freiwald zwischen HansWilhelm M\u00fcller-Wohlfahrt und Matthias Rogg mit einem Satz auf &#8220;wikipedia&#8221; abgehandelt. Rogg ist Offizier und Historiker, M\u00fcller-Wohlfahrt ein bekannter Sportarzt.<\/p>\n<p>Und Freiwald?<\/p>\n<p>Das ist der aus dem &#8220;Dschungelcamp&#8221;. Dem Mann sind die Verantwortlichen des RTL-Formats &#8220;Ich bin ein Star \u2013 holt mich hier raus&#8221; echt dankbar. Schlie\u00dflich macht er sich unabl\u00e4ssig und scheinbar schmerzfrei zum Affen.<\/p>\n<p>Das ist geil, das macht Lust auf mehr. Wenn der Walter w\u00fctet, wollen die Liebhaber des TV-Trashs unbedingt live dabei sein. Und so haben sich am Wochenende wieder mal siebeneinhalb Millionen Voyeure zugeschaltet und damit das &#8220;Dschungelcamp&#8221; zur beliebtesten Sendung im deutschen Fernsehen \u00fcberhaupt gemacht.<\/p>\n<figure id=\"attachment_397\" aria-describedby=\"caption-attachment-397\" style=\"width: 300px\" class=\"wp-caption aligncenter\"><img loading=\"lazy\" decoding=\"async\" class=\"wp-image-397 size-medium\" src=\"http:\/\/vettensjournal.de\/klassischer-journalismus\/wp-content\/uploads\/2015\/01\/IMG_1211-300x215.jpg\" alt=\"IMG_1211\" width=\"300\" height=\"215\" srcset=\"https:\/\/vettensjournal.de\/klassischer-journalismus\/wp-content\/uploads\/2015\/01\/IMG_1211-300x215.jpg 300w, https:\/\/vettensjournal.de\/klassischer-journalismus\/wp-content\/uploads\/2015\/01\/IMG_1211-600x430.jpg 600w, https:\/\/vettensjournal.de\/klassischer-journalismus\/wp-content\/uploads\/2015\/01\/IMG_1211.jpg 980w\" sizes=\"auto, (max-width: 300px) 100vw, 300px\" \/><figcaption id=\"caption-attachment-397\" class=\"wp-caption-text\">Ich bin kein Star &#8211; holt mich nicht raus!<\/figcaption><\/figure>\n<p>&nbsp;<\/p>\n<p>2013 noch haben sich die die Herrschaften der &#8220;Zeit&#8221; Sorgen gemacht, weil das &#8220;Dschungelcamp&#8221; f\u00fcr den Grimme-Preis nominiert war. Man w\u00e4hnte sich kurz vorm Untergang des Abendlandes. Die Sendung ist dann doch am Preis vorbei geschrammt, aber trotzdem\u2026<\/p>\n<p>Nun meldet sich in der FAZ ein hochdotierter Schauspieler zu Wort: Er sei ein echter Fan des &#8220;Camps&#8221;, erkl\u00e4rt Ulrich Matthes. &#8220;Wenn das Moderatorenpaar am Anfang auf der wackelnden H\u00e4ngebr\u00fccke steht, dann freu\u2019 ich mich. Man ist im Dschungel! Dazu kommen so schlechte Eigenschaften wie enthemmter Voyeurismus und Schadenfreude. Wobei ich als Kind beigebracht bekommen habe, dass sich Schadenfreude gegen\u00fcber Schwachen nicht geh\u00f6rt. Aber die Erwachsenen im Dschungelcamp haben sich ihr Schicksal ausgesucht und werden hoch bezahlt. Dadurch ist meine Schadenfreude legitimiert.&#8221;<\/p>\n<p>In diesem Jahr hat Matthes einen neuen Helden. Walter Freiwald, der sich f\u00fcr nichts zu schade ist. Geboren eben in Wittmund, Moderator bei Radio Gong und dem Radio Luxemburg. Zweiter Mann bei &#8220;Der Preis ist hei\u00df&#8221;. Wechsel zu Teleshopping-Sendern. Bewerbung zur Wahl des Bundespr\u00e4sidenten. Koch beim &#8220;Promi-Dinner&#8221;. Gastauftritte in der Seifenoper &#8220;Unter uns&#8221;.<\/p>\n<p>Walter Freiwald zu Beginn des Jahres 2014: kein Job, keine Perspektive, keine Hoffnung. Ende einer Bergab-Karriere.<\/p>\n<p>Da klingelten die Scouts von RTL bei Freiwald durch und beschwatzten ihn. Man verhandelte, der Arbeitslose Walter F. pokerte hoch, aber nicht zu hoch. Und unterschrieb letztendlich. Die Gage liegt bei 70000 Euro.<\/p>\n<p>Und jeden Abend nach 22 Uhr darf Freiwald in eigener Sache aktiv werden. Er kennt das Business. Dieser PR-Job im Camp tut weh. Im &#8220;Dschungelcamp&#8221; hat nur der eine Chance, der den Deppen und den Verlierer gibt. Die Menschen m\u00fcssen Dich am Boden sehen.<\/p>\n<p>Und so ist Freiwald der Ritter von der traurigen Gestalt.<\/p>\n<p>Ist ja nicht wirklich neu f\u00fcr ihn, diese Rolle. In seiner Verkaufsshow hat er schon regelm\u00e4\u00dfig die Hosen runter gelassen. Das war kein Zufall, sagen die, die dabei waren. Pearl-TV-Chef Michael Sichler erinnert sich: &#8220;So manchem Kollegen sind die Bilder ins Hirn gebrannt. Walter war sehr freiz\u00fcgig. Er lief hier regelm\u00e4\u00dfig in Boxershorts rum. Auch die Umkleide war immer offen.&#8221;<\/p>\n<figure id=\"attachment_398\" aria-describedby=\"caption-attachment-398\" style=\"width: 300px\" class=\"wp-caption aligncenter\"><img loading=\"lazy\" decoding=\"async\" class=\"wp-image-398 size-medium\" src=\"http:\/\/vettensjournal.de\/klassischer-journalismus\/wp-content\/uploads\/2015\/01\/Scan-150121-0013-2-300x197.jpg\" alt=\"Scan-150121-0013-2\" width=\"300\" height=\"197\" srcset=\"https:\/\/vettensjournal.de\/klassischer-journalismus\/wp-content\/uploads\/2015\/01\/Scan-150121-0013-2-300x197.jpg 300w, https:\/\/vettensjournal.de\/klassischer-journalismus\/wp-content\/uploads\/2015\/01\/Scan-150121-0013-2-600x394.jpg 600w, https:\/\/vettensjournal.de\/klassischer-journalismus\/wp-content\/uploads\/2015\/01\/Scan-150121-0013-2.jpg 980w\" sizes=\"auto, (max-width: 300px) 100vw, 300px\" \/><figcaption id=\"caption-attachment-398\" class=\"wp-caption-text\">Die guten alten Zeiten: Harry Wijnfoord und Kolleginnen machen gute Miene zum wilden Walter (Zweiter von links). FOTO: BARBARA VOLKMER<\/figcaption><\/figure>\n<p>&nbsp;<\/p>\n<p>Und auch Moderator Harry Wijnfoord staunt nicht schlecht, wenn er h\u00f6rt, was der Walter im australischen Busch alles von sich gibt. Er erkl\u00e4rt, dass der Wijnfoord ein echtes Kollegenschwein sei, der es doch vor laufender Kamera vermasselt h\u00e4tte, wenn da nicht ein gewisser Walter Freiwald die Show regelm\u00e4\u00dfig gerettet h\u00e4tte.<\/p>\n<p>&#8220;Ich war sehr erstaunt, als ich das h\u00f6rte. Ich dachte, auf was f\u00fcr einem Trip bist du denn? Das ist ja nicht mehr normal. Bei uns auf den Korridoren lief er immer in Unterhosen rum, egal ob da M\u00e4nnlein oder Weiblein waren. Der war der Einzige, der in einem Top-Team immer wieder von der Rolle war.&#8221;<\/p>\n<p>Aber Harry Wijnfoord \u2013 ein Mann mit wunderbaren Manieren &#8211; muss mit seinen eleganten Moderationen immer noch \u00fcber die D\u00f6rfer tingeln, w\u00e4hrend es den durchgeknallten Walter im Dschungel nach oben zu sp\u00fclen scheint. Wenn das so weiter geht, wird der Mann noch f\u00fcr den Grimme-Preis vorgeschlagen.<\/p>\n<p style=\"text-align: right\"><strong><em>Morgen: Immer mehr Tr\u00f6del \u2013 die Messis \u00fcbernehmen das Fernsehen.<\/em><\/strong><\/p>\n","protected":false},"excerpt":{"rendered":"<p>berlin, 26. januar 2015 Walter Freiwald ist 60 und nicht besonders in Form. Er raucht zuviel und schafft keine 20 Stufen am St\u00fcck. Der Mann hat dicke Tr\u00e4nens\u00e4cke und sehr traurige Augen, sein Friseur m\u00fcsste Schmerzensgeld zahlen. Walter Freiwald ist ein erheblich aus der Fasson geratener Mensch. Aber seit zwei Wochen gilt er als \u201eStar\u201c. [&hellip;]<\/p>\n","protected":false},"author":3,"featured_media":394,"comment_status":"closed","ping_status":"closed","sticky":false,"template":"","format":"standard","meta":{"footnotes":""},"categories":[25],"tags":[105,104,101,107,102,103,106],"class_list":["post-393","post","type-post","status-publish","format-standard","has-post-thumbnail","hentry","category-report","tag-dschungelcamp","tag-fernsehen","tag-freiwald-walter","tag-grimme-preis-harry","tag-rtl","tag-tv","tag-wijnfoord","has-post-title","has-post-date","has-post-category","has-post-tag","has-post-comment","has-post-author",""],"_links":{"self":[{"href":"https:\/\/vettensjournal.de\/klassischer-journalismus\/wp-json\/wp\/v2\/posts\/393","targetHints":{"allow":["GET"]}}],"collection":[{"href":"https:\/\/vettensjournal.de\/klassischer-journalismus\/wp-json\/wp\/v2\/posts"}],"about":[{"href":"https:\/\/vettensjournal.de\/klassischer-journalismus\/wp-json\/wp\/v2\/types\/post"}],"author":[{"embeddable":true,"href":"https:\/\/vettensjournal.de\/klassischer-journalismus\/wp-json\/wp\/v2\/users\/3"}],"replies":[{"embeddable":true,"href":"https:\/\/vettensjournal.de\/klassischer-journalismus\/wp-json\/wp\/v2\/comments?post=393"}],"version-history":[{"count":1,"href":"https:\/\/vettensjournal.de\/klassischer-journalismus\/wp-json\/wp\/v2\/posts\/393\/revisions"}],"predecessor-version":[{"id":401,"href":"https:\/\/vettensjournal.de\/klassischer-journalismus\/wp-json\/wp\/v2\/posts\/393\/revisions\/401"}],"wp:featuredmedia":[{"embeddable":true,"href":"https:\/\/vettensjournal.de\/klassischer-journalismus\/wp-json\/wp\/v2\/media\/394"}],"wp:attachment":[{"href":"https:\/\/vettensjournal.de\/klassischer-journalismus\/wp-json\/wp\/v2\/media?parent=393"}],"wp:term":[{"taxonomy":"category","embeddable":true,"href":"https:\/\/vettensjournal.de\/klassischer-journalismus\/wp-json\/wp\/v2\/categories?post=393"},{"taxonomy":"post_tag","embeddable":true,"href":"https:\/\/vettensjournal.de\/klassischer-journalismus\/wp-json\/wp\/v2\/tags?post=393"}],"curies":[{"name":"wp","href":"https:\/\/api.w.org\/{rel}","templated":true}]}}