{"id":3928,"date":"2020-04-16T12:40:26","date_gmt":"2020-04-16T12:40:26","guid":{"rendered":"https:\/\/vettensjournal.de\/klassischer-journalismus\/?p=3928"},"modified":"2020-04-16T12:40:27","modified_gmt":"2020-04-16T12:40:27","slug":"sonnengeflecht","status":"publish","type":"post","link":"https:\/\/vettensjournal.de\/klassischer-journalismus\/sonnengeflecht\/","title":{"rendered":"SONNENGEFLECHT"},"content":{"rendered":"\n<p><strong>ENDZEIT 13<\/strong>    Guter Schlaf, munteres Fr\u00fchst\u00fcck, eine saubere Luft, weil nicht viele Autos unterwegs sind. Sabine hat Radio geh\u00f6rt und unterrichtet die M\u00e4nner, dass die B\u00fcrger noch eine Weile weg gesperrt bleiben.<\/p>\n\n\n\n<p>Man sitzt zusammen, trinkt Kaffee und beratschlagt, was das hei\u00dft. Alois\nfragt, ob er abends wieder zum Schlafen kommen darf, Sabine und Ernst nicken\nheftig. Aber ja, man hat doch eine gute Zeit. Es soll \u00fcbrigens jetzt immer\nw\u00e4rmer werden, tags\u00fcber braucht man keinen Anorak, und die N\u00e4chte werden auch\nertr\u00e4glicher.<\/p>\n\n\n\n<p>\u201eDie Gesch\u00e4fte haben normal ge\u00f6ffnet\u201c, sagt Sabine. &#8220;Da mache ich nach Mittag meine Runde.\u201c<\/p>\n\n\n\n<p>Ernst wird sofort aufbrechen und in den Papierk\u00f6rben st\u00f6bern. Soll ihm doch niemand zuvor kommen. \u201eHeute wird ein guter Tag. Ich k\u00fcmmere mich um Getr\u00e4nke. Wein oder Bier?\u201c<\/p>\n\n\n\n<p>Am besten Beides. Man lacht. Alois ist ganz ausgelassen, der Tag freut ihn\nnarrisch. \u201eIch geh\u2018 mal zur Tafel am Kapuzinerkloster \u2013 da krieg ich sicher was\nGutes.\u201c<\/p>\n\n\n\n<p>Ja, Tafel ist gut. \u201eTu aber nicht schon auf dem Hinweg saufen, das m\u00f6gen die\nnicht.\u201c<\/p>\n\n\n\n<p>\u201eSchon klar. Sabine, ich bin ja nicht auf der Brennsuppn daher geschwommen.\nEin Bier vielleicht an der Reichenbachbr\u00fccke.\u201c<\/p>\n\n\n\n<p>\u201eHat der Kiosk offen?\u201c<\/p>\n\n\n\n<p>\u201eWei\u00df nicht. Habe nichts anderes geh\u00f6rt.\u201c<\/p>\n\n\n\n<p>\u201eWennst meinst. Bist um sechs zur\u00fcck?\u201c<\/p>\n\n\n\n<p>\u201eDas passt. Dann pack\u2018 ich\u2019s jetzt.\u201c<\/p>\n\n\n\n<p>Alois wirft sich die leere Ikea-Tasche \u00fcber die Schulter und marschiert los. L\u00e4chelnd schauen ihm Sabine und Ernst hinterdrein. Er hat die Schultern gerade, er federt fast beim Gehen. Ein Mann, der zwar ein bisschen verlottert ist, aber er wandert fr\u00f6hlich in einen neuen Tag. <\/p>\n\n\n\n<p>Alois verschwindet in der Fu\u00dfg\u00e4ngerunterf\u00fchrung, biegt in den Englischen\nGarten ein und l\u00e4sst sich in Richtung Chinesischer Turm treiben. Er hat Zeit,\nsieht den Enten zu, die ratlos \u00fcber den Schlamm am Kleinen See watscheln. Dort\nist noch immer das Wasser abgelassen, und der Schlick sieht gef\u00e4hrlich, krank\nund dreckig aus. Die Enten geben\u2019s dann auch auf und fliegen zur Isar.<\/p>\n\n\n\n<p>Das sch\u00f6ne Wetter hat die Menschen schon am Vormittag in den Park gelockt. Sie tun was f\u00fcr die Gesundheit. Heiter sehen sie nicht aus dabei. Sie arbeiten am Gesund-Sein. Hackeln mit Skist\u00f6cken wie Gardeleutnants bei der Parade. Schwitzen im Laufschritt, mit roten ernsten K\u00f6pfen. Gehen stramm spazieren, das L\u00e4cheln haben sie daheim gelassen. <\/p>\n\n\n\n<p>Alois ist einer der Wenigen, die Spa\u00df haben. Er pfeift vor sich hin \u2013 weil er ein wenig einfallslos ist, in dieser Hinsicht, bel\u00e4sst er es erstmal bei einer Melodie aus der Werbung, die er immer parat hat. <\/p>\n\n\n\n<p style=\"text-align:center\"><em>Das\nErdinger Wei\u00dfbier, das ist halt a Pracht, holariadei, das schmeckt uns beim Tag\nund bei der Nacht.<\/em><\/p>\n\n\n\n<p>Ein Passant \u2013 einer der strammen Spazierer mit Dackel an der Leine \u2013 sieht emp\u00f6rt\nzu dem pfeifenden Penner. Das geh\u00f6rt sich nun wirklich nicht.<\/p>\n\n\n\n<p>Das befeuert den Alois noch mehr. Weiter im Repertoire. Diesmal nichts aus\nder Werbung. Sondern ein St\u00fcckl, das zum Chinesischen Turm passt. <\/p>\n\n\n\n<p style=\"text-align:center\"><em>In\nM\u00fcnchen steht ein Hofbr\u00e4uhau. Oans. Zwoa. Gesuffa.<\/em><\/p>\n\n\n\n<p>Der Mann mit dem Dackel hat ein Gesicht, als ob er sich gleich \u00fcbergeben\nm\u00fcsse.<\/p>\n\n\n\n<p>Da f\u00e4llt dem Alois noch etwas ein. Das kennt auch jedermann den Text, selbst wenn es einer nur pfeift. <\/p>\n\n\n\n<p style=\"text-align:center\"><em>In\nM\u00fcnchen steht ein Hofbr\u00e4uhaus. Aber Freundenh\u00e4user m\u00fcssen raus. Skandaaal im\nSperrbezirk, Skandaal im Sperrbezirk, Skandaal im Sperrbezirk. Skandal um Rosi.<\/em><\/p>\n\n\n\n<p>\u201eUnversch\u00e4mtheit\u201c brummt der Mann mit dem Dackel \u2013 so laut, dass man es auf\nzehn Meter h\u00f6ren muss.<\/p>\n\n\n\n<p>Der Alois ist happy. <\/p>\n\n\n\n<p style=\"text-align:center\"><em>Here\ncomes the sun. Little darling, the smiles returning to the faces.<br>\nLittle darling, it seems like years since it&#8217;s been here. Here comes the sun,\nhere comes the sun.<br>\nAnd I say it&#8217;s all right.<\/em><\/p>\n","protected":false},"excerpt":{"rendered":"<p>ENDZEIT 13 Guter Schlaf, munteres Fr\u00fchst\u00fcck, eine saubere Luft, weil nicht viele Autos unterwegs sind. Sabine hat Radio geh\u00f6rt und unterrichtet die M\u00e4nner, dass die B\u00fcrger noch eine Weile weg gesperrt bleiben. Man sitzt zusammen, trinkt Kaffee und beratschlagt, was das hei\u00dft. Alois fragt, ob er abends wieder zum Schlafen kommen darf, Sabine und Ernst [&hellip;]<\/p>\n","protected":false},"author":3,"featured_media":758,"comment_status":"closed","ping_status":"closed","sticky":false,"template":"","format":"standard","meta":{"footnotes":""},"categories":[929],"tags":[],"class_list":["post-3928","post","type-post","status-publish","format-standard","has-post-thumbnail","hentry","category-endzeit","has-post-title","has-post-date","has-post-category","has-post-tag","has-post-comment","has-post-author",""],"_links":{"self":[{"href":"https:\/\/vettensjournal.de\/klassischer-journalismus\/wp-json\/wp\/v2\/posts\/3928","targetHints":{"allow":["GET"]}}],"collection":[{"href":"https:\/\/vettensjournal.de\/klassischer-journalismus\/wp-json\/wp\/v2\/posts"}],"about":[{"href":"https:\/\/vettensjournal.de\/klassischer-journalismus\/wp-json\/wp\/v2\/types\/post"}],"author":[{"embeddable":true,"href":"https:\/\/vettensjournal.de\/klassischer-journalismus\/wp-json\/wp\/v2\/users\/3"}],"replies":[{"embeddable":true,"href":"https:\/\/vettensjournal.de\/klassischer-journalismus\/wp-json\/wp\/v2\/comments?post=3928"}],"version-history":[{"count":1,"href":"https:\/\/vettensjournal.de\/klassischer-journalismus\/wp-json\/wp\/v2\/posts\/3928\/revisions"}],"predecessor-version":[{"id":3929,"href":"https:\/\/vettensjournal.de\/klassischer-journalismus\/wp-json\/wp\/v2\/posts\/3928\/revisions\/3929"}],"wp:featuredmedia":[{"embeddable":true,"href":"https:\/\/vettensjournal.de\/klassischer-journalismus\/wp-json\/wp\/v2\/media\/758"}],"wp:attachment":[{"href":"https:\/\/vettensjournal.de\/klassischer-journalismus\/wp-json\/wp\/v2\/media?parent=3928"}],"wp:term":[{"taxonomy":"category","embeddable":true,"href":"https:\/\/vettensjournal.de\/klassischer-journalismus\/wp-json\/wp\/v2\/categories?post=3928"},{"taxonomy":"post_tag","embeddable":true,"href":"https:\/\/vettensjournal.de\/klassischer-journalismus\/wp-json\/wp\/v2\/tags?post=3928"}],"curies":[{"name":"wp","href":"https:\/\/api.w.org\/{rel}","templated":true}]}}