{"id":3867,"date":"2020-03-23T08:18:48","date_gmt":"2020-03-23T08:18:48","guid":{"rendered":"https:\/\/vettensjournal.de\/klassischer-journalismus\/?p=3867"},"modified":"2020-03-23T08:22:15","modified_gmt":"2020-03-23T08:22:15","slug":"duda","status":"publish","type":"post","link":"https:\/\/vettensjournal.de\/klassischer-journalismus\/duda\/","title":{"rendered":"DUDA?"},"content":{"rendered":"\n<p><strong>ENDZEIT 3<\/strong><\/p>\n\n\n\n<p>Krkgnchkrmpf \u2013 so hat es sich angeh\u00f6rt, als er einen falschen Tritt tat:<\/p>\n\n\n\n<p>Krkgnchkrmpf \u2013 er ist nach dem Straucheln f\u00fcrbass marschiert.<\/p>\n\n\n\n<p>Es scheint, dass er das Kranksein hat. Er nennt es Grippe.<\/p>\n\n\n\n<p>Gegen Grippe ist er allweil mit L\u00f6wenbr\u00e4u angegangen.<\/p>\n\n\n\n<p>Der dumme Mann hat eingekauft und macht weiter.<\/p>\n\n\n\n<p>Krkgnchkrmpf<\/p>\n","protected":false},"excerpt":{"rendered":"<p>ENDZEIT 3 Krkgnchkrmpf \u2013 so hat es sich angeh\u00f6rt, als er einen falschen Tritt tat: Krkgnchkrmpf \u2013 er ist nach dem Straucheln f\u00fcrbass marschiert. Es scheint, dass er das Kranksein hat. Er nennt es Grippe. Gegen Grippe ist er allweil mit L\u00f6wenbr\u00e4u angegangen. Der dumme Mann hat eingekauft und macht weiter. Krkgnchkrmpf<\/p>\n","protected":false},"author":3,"featured_media":3775,"comment_status":"closed","ping_status":"closed","sticky":false,"template":"","format":"standard","meta":{"footnotes":""},"categories":[1],"tags":[],"class_list":["post-3867","post","type-post","status-publish","format-standard","has-post-thumbnail","hentry","category-uncategorized","has-post-title","has-post-date","has-post-category","has-post-tag","has-post-comment","has-post-author",""],"_links":{"self":[{"href":"https:\/\/vettensjournal.de\/klassischer-journalismus\/wp-json\/wp\/v2\/posts\/3867","targetHints":{"allow":["GET"]}}],"collection":[{"href":"https:\/\/vettensjournal.de\/klassischer-journalismus\/wp-json\/wp\/v2\/posts"}],"about":[{"href":"https:\/\/vettensjournal.de\/klassischer-journalismus\/wp-json\/wp\/v2\/types\/post"}],"author":[{"embeddable":true,"href":"https:\/\/vettensjournal.de\/klassischer-journalismus\/wp-json\/wp\/v2\/users\/3"}],"replies":[{"embeddable":true,"href":"https:\/\/vettensjournal.de\/klassischer-journalismus\/wp-json\/wp\/v2\/comments?post=3867"}],"version-history":[{"count":1,"href":"https:\/\/vettensjournal.de\/klassischer-journalismus\/wp-json\/wp\/v2\/posts\/3867\/revisions"}],"predecessor-version":[{"id":3870,"href":"https:\/\/vettensjournal.de\/klassischer-journalismus\/wp-json\/wp\/v2\/posts\/3867\/revisions\/3870"}],"wp:featuredmedia":[{"embeddable":true,"href":"https:\/\/vettensjournal.de\/klassischer-journalismus\/wp-json\/wp\/v2\/media\/3775"}],"wp:attachment":[{"href":"https:\/\/vettensjournal.de\/klassischer-journalismus\/wp-json\/wp\/v2\/media?parent=3867"}],"wp:term":[{"taxonomy":"category","embeddable":true,"href":"https:\/\/vettensjournal.de\/klassischer-journalismus\/wp-json\/wp\/v2\/categories?post=3867"},{"taxonomy":"post_tag","embeddable":true,"href":"https:\/\/vettensjournal.de\/klassischer-journalismus\/wp-json\/wp\/v2\/tags?post=3867"}],"curies":[{"name":"wp","href":"https:\/\/api.w.org\/{rel}","templated":true}]}}