{"id":3863,"date":"2020-03-21T13:38:42","date_gmt":"2020-03-21T13:38:42","guid":{"rendered":"https:\/\/vettensjournal.de\/klassischer-journalismus\/?p=3863"},"modified":"2020-03-21T13:38:44","modified_gmt":"2020-03-21T13:38:44","slug":"wohin-2","status":"publish","type":"post","link":"https:\/\/vettensjournal.de\/klassischer-journalismus\/wohin-2\/","title":{"rendered":"WOHIN?"},"content":{"rendered":"\n<p><strong>ENDZEIT, 2<\/strong><\/p>\n\n\n\n<p>Am Ortsrand einer Siedlung nordw\u00e4rts von M\u00fcnchen lebt ein\nPaar. Sie haben es sich sch\u00f6n gemacht. Jeder hat ein Auto f\u00fcr sich, man juckelt\nzur Arbeit und macht seine klitzekleine \u00fcberschaubare Karriere.<\/p>\n\n\n\n<p>Wir haben Samstag, den 21. M\u00e4rz 2020. Grau ist es,\nNieselregen. Man muss nicht ausm Haus.<\/p>\n\n\n\n<p>Der Hausherr schiebt die Laufschuhe weg. Heute wird er nicht\njoggen.<\/p>\n\n\n\n<p>Er ruft in die K\u00fcche \u201eKann ich Dir helfen?\u201c<\/p>\n\n\n\n<p>Sie, aus der K\u00fcche: \u201eNein. Du k\u00f6nntest langsamer trinken.\u201c<\/p>\n\n\n\n<p>Er, mittlerweile am Schreibe-Tisch: \u201eNee, exakt das kann ich\nnicht.\u201c<\/p>\n","protected":false},"excerpt":{"rendered":"<p>ENDZEIT, 2 Am Ortsrand einer Siedlung nordw\u00e4rts von M\u00fcnchen lebt ein Paar. Sie haben es sich sch\u00f6n gemacht. Jeder hat ein Auto f\u00fcr sich, man juckelt zur Arbeit und macht seine klitzekleine \u00fcberschaubare Karriere. Wir haben Samstag, den 21. M\u00e4rz 2020. Grau ist es, Nieselregen. Man muss nicht ausm Haus. Der Hausherr schiebt die Laufschuhe [&hellip;]<\/p>\n","protected":false},"author":3,"featured_media":3630,"comment_status":"closed","ping_status":"closed","sticky":false,"template":"","format":"standard","meta":{"footnotes":""},"categories":[1],"tags":[],"class_list":["post-3863","post","type-post","status-publish","format-standard","has-post-thumbnail","hentry","category-uncategorized","has-post-title","has-post-date","has-post-category","has-post-tag","has-post-comment","has-post-author",""],"_links":{"self":[{"href":"https:\/\/vettensjournal.de\/klassischer-journalismus\/wp-json\/wp\/v2\/posts\/3863","targetHints":{"allow":["GET"]}}],"collection":[{"href":"https:\/\/vettensjournal.de\/klassischer-journalismus\/wp-json\/wp\/v2\/posts"}],"about":[{"href":"https:\/\/vettensjournal.de\/klassischer-journalismus\/wp-json\/wp\/v2\/types\/post"}],"author":[{"embeddable":true,"href":"https:\/\/vettensjournal.de\/klassischer-journalismus\/wp-json\/wp\/v2\/users\/3"}],"replies":[{"embeddable":true,"href":"https:\/\/vettensjournal.de\/klassischer-journalismus\/wp-json\/wp\/v2\/comments?post=3863"}],"version-history":[{"count":1,"href":"https:\/\/vettensjournal.de\/klassischer-journalismus\/wp-json\/wp\/v2\/posts\/3863\/revisions"}],"predecessor-version":[{"id":3864,"href":"https:\/\/vettensjournal.de\/klassischer-journalismus\/wp-json\/wp\/v2\/posts\/3863\/revisions\/3864"}],"wp:featuredmedia":[{"embeddable":true,"href":"https:\/\/vettensjournal.de\/klassischer-journalismus\/wp-json\/wp\/v2\/media\/3630"}],"wp:attachment":[{"href":"https:\/\/vettensjournal.de\/klassischer-journalismus\/wp-json\/wp\/v2\/media?parent=3863"}],"wp:term":[{"taxonomy":"category","embeddable":true,"href":"https:\/\/vettensjournal.de\/klassischer-journalismus\/wp-json\/wp\/v2\/categories?post=3863"},{"taxonomy":"post_tag","embeddable":true,"href":"https:\/\/vettensjournal.de\/klassischer-journalismus\/wp-json\/wp\/v2\/tags?post=3863"}],"curies":[{"name":"wp","href":"https:\/\/api.w.org\/{rel}","templated":true}]}}