{"id":3855,"date":"2019-09-25T19:02:23","date_gmt":"2019-09-25T19:02:23","guid":{"rendered":"https:\/\/vettensjournal.de\/klassischer-journalismus\/?p=3855"},"modified":"2019-09-25T19:02:26","modified_gmt":"2019-09-25T19:02:26","slug":"die-zwei","status":"publish","type":"post","link":"https:\/\/vettensjournal.de\/klassischer-journalismus\/die-zwei\/","title":{"rendered":"DIE ZWEI"},"content":{"rendered":"\n<p><em><strong>Herbst \u201a19, #3<\/strong><\/em><\/p>\n\n\n\n<p>Dritter Herbsttag, das Wetter f\u00e4hrt Achterbahn, das Marschieren war weit, das Dorf ist nah. Ein Auto am Wegrand, zwei Menschen ziehen sich Wanderschuhe an.<\/p>\n\n\n\n<p>Brrr! Hund, steh still, ich will mit den Leuten reden.<\/p>\n\n\n\n<p>\u201eSagen Sie, wenn ich Sie ansprechen darf: Habe ich Sie nicht vor zwei Stunden schon einmal gesehen?\u201c<\/p>\n\n\n\n<p>Der Mann blickt auf und l\u00e4chelt unsicher. Kann sein, sagt er, wo denn das gewesen sein solle.<\/p>\n\n\n\n<p>Dr\u00fcben am Unterschleissheimer See \u2013 da habe sich auch ein Paar die Schuhe geschn\u00fcrt, die Frau habe auch rote Haare gehabt (dass sie einen geilen wiedererkennbaren Arsch hat, muss man nicht erw\u00e4hnen, mee too, verstehen Sie?), und der Wagen sei wohl \u00e4hnlich gewesen.<\/p>\n\n\n\n<p>\u201eJa, das waren wir.\u201c Er hat sich aufgerichtet. Junges Gesicht, voller Wind und Sonne und Lachen. <\/p>\n\n\n\n<p>\u201eWir k\u00f6nnen es nicht lassen. Sind dr\u00fcben um den See gegangen. Dann\u00a0 nach Hause, da haben wir Kaffee und Kuchen gehabt. Und dann sind die Wolken so herrlich gewesen, da sind wir noch einmal ins Auto und jetzt gehen wir in den Wald.\u201c<\/p>\n\n\n\n<p>Er h\u00e4lt inne. Seine Frau hat die Schuhe an und will los.<\/p>\n\n\n\n<p>\u201eWir sind halt Rentner.\u201c<\/p>\n\n\n\n<p>M\u00f6chte ja wie eine Entschuldigung klingen. Ist aber nicht so gemeint. Gemeint ist:<\/p>\n\n\n\n<p>Checker sind sie.<\/p>\n\n\n\n<p>Sie haben begriffen, dass sie jetzt los m\u00fcssen, wenn sie was vom Leben haben wollen.<\/p>\n","protected":false},"excerpt":{"rendered":"<p>Herbst \u201a19, #3 Dritter Herbsttag, das Wetter f\u00e4hrt Achterbahn, das Marschieren war weit, das Dorf ist nah. Ein Auto am Wegrand, zwei Menschen ziehen sich Wanderschuhe an. Brrr! Hund, steh still, ich will mit den Leuten reden. \u201eSagen Sie, wenn ich Sie ansprechen darf: Habe ich Sie nicht vor zwei Stunden schon einmal gesehen?\u201c Der [&hellip;]<\/p>\n","protected":false},"author":3,"featured_media":3310,"comment_status":"closed","ping_status":"closed","sticky":false,"template":"","format":"standard","meta":{"footnotes":""},"categories":[928],"tags":[],"class_list":["post-3855","post","type-post","status-publish","format-standard","has-post-thumbnail","hentry","category-herbst-19","has-post-title","has-post-date","has-post-category","has-post-tag","has-post-comment","has-post-author",""],"_links":{"self":[{"href":"https:\/\/vettensjournal.de\/klassischer-journalismus\/wp-json\/wp\/v2\/posts\/3855","targetHints":{"allow":["GET"]}}],"collection":[{"href":"https:\/\/vettensjournal.de\/klassischer-journalismus\/wp-json\/wp\/v2\/posts"}],"about":[{"href":"https:\/\/vettensjournal.de\/klassischer-journalismus\/wp-json\/wp\/v2\/types\/post"}],"author":[{"embeddable":true,"href":"https:\/\/vettensjournal.de\/klassischer-journalismus\/wp-json\/wp\/v2\/users\/3"}],"replies":[{"embeddable":true,"href":"https:\/\/vettensjournal.de\/klassischer-journalismus\/wp-json\/wp\/v2\/comments?post=3855"}],"version-history":[{"count":1,"href":"https:\/\/vettensjournal.de\/klassischer-journalismus\/wp-json\/wp\/v2\/posts\/3855\/revisions"}],"predecessor-version":[{"id":3856,"href":"https:\/\/vettensjournal.de\/klassischer-journalismus\/wp-json\/wp\/v2\/posts\/3855\/revisions\/3856"}],"wp:featuredmedia":[{"embeddable":true,"href":"https:\/\/vettensjournal.de\/klassischer-journalismus\/wp-json\/wp\/v2\/media\/3310"}],"wp:attachment":[{"href":"https:\/\/vettensjournal.de\/klassischer-journalismus\/wp-json\/wp\/v2\/media?parent=3855"}],"wp:term":[{"taxonomy":"category","embeddable":true,"href":"https:\/\/vettensjournal.de\/klassischer-journalismus\/wp-json\/wp\/v2\/categories?post=3855"},{"taxonomy":"post_tag","embeddable":true,"href":"https:\/\/vettensjournal.de\/klassischer-journalismus\/wp-json\/wp\/v2\/tags?post=3855"}],"curies":[{"name":"wp","href":"https:\/\/api.w.org\/{rel}","templated":true}]}}