{"id":379,"date":"2015-01-24T10:21:25","date_gmt":"2015-01-24T10:21:25","guid":{"rendered":"http:\/\/vettensjournal.de\/klassischer-journalismus\/?p=379"},"modified":"2015-01-24T10:22:12","modified_gmt":"2015-01-24T10:22:12","slug":"mensch-mode","status":"publish","type":"post","link":"https:\/\/vettensjournal.de\/klassischer-journalismus\/mensch-mode\/","title":{"rendered":"MENSCH! MODE!"},"content":{"rendered":"<p><em><strong>berlin, 24. januar 2015<\/strong><\/em><\/p>\n<p><strong>Geschafft! Die Berliner k\u00f6nnen wieder in die Jogging-Klamotten schl\u00fcpfen \u2013 sie ist rum, die Fashions Week. Gut so, Mode und modische Menschen k\u00f6nnen ziemlich anstrengend sein. Eine, die es wissen muss, ist Daniela Katzenberger. Sie hat einen beeindruckenden Busen und ein loses Mundwerk. \u00dcber Events wie die Modewoche sagt sie: \u201eDas macht unheimlich viel Spa\u00df und ist sehr interessant und aufregend. Und daf\u00fcr braucht man Typen wie mich. Ich bin absolut k\u00fcnstlich, unnat\u00fcrlich, aber daf\u00fcr verstelle ich mich nicht.\u201c Sie hatte ihren gro\u00dfen Auftritt genauso wie viele ihrer \u201ek\u00fcnstlichen, unnat\u00fcrlichen\u201c Mode-Mitstreiter auch. Sie haben ihre Sendezeiten bekommen, die Katzenbergers und Setlurs und Waltzens. Und nat\u00fcrlich auch der &#8220;Star&#8221; der Stars, der umschw\u00e4rmte Guido Maria Kretschmer (der Kerl auf dem gro\u00dfen Foto in der Mitte). Barbara Volkmer \u2013 die schon auf den wichtigsten Roten Teppichen der Welt stand \u2013 hat das VIP-Material gesichtet: <\/strong><\/p>\n<p>&nbsp;<\/p>\n<figure id=\"attachment_383\" aria-describedby=\"caption-attachment-383\" style=\"width: 300px\" class=\"wp-caption aligncenter\"><img loading=\"lazy\" decoding=\"async\" class=\"wp-image-383 size-medium\" src=\"http:\/\/vettensjournal.de\/klassischer-journalismus\/wp-content\/uploads\/2015\/01\/IMG_1282-300x158.jpg\" alt=\"IMG_1282\" width=\"300\" height=\"158\" srcset=\"https:\/\/vettensjournal.de\/klassischer-journalismus\/wp-content\/uploads\/2015\/01\/IMG_1282-300x158.jpg 300w, https:\/\/vettensjournal.de\/klassischer-journalismus\/wp-content\/uploads\/2015\/01\/IMG_1282-600x317.jpg 600w, https:\/\/vettensjournal.de\/klassischer-journalismus\/wp-content\/uploads\/2015\/01\/IMG_1282.jpg 980w\" sizes=\"auto, (max-width: 300px) 100vw, 300px\" \/><figcaption id=\"caption-attachment-383\" class=\"wp-caption-text\">Wo Waltz ist, ist was los. Denkt der gelernte Friseur und quetscht sich ins Bild. digitales: BARBARA VOLKMER<\/figcaption><\/figure>\n<p>&nbsp;<\/p>\n<p>&nbsp;<\/p>\n<figure id=\"attachment_386\" aria-describedby=\"caption-attachment-386\" style=\"width: 300px\" class=\"wp-caption aligncenter\"><a href=\"http:\/\/vettensjournal.de\/klassischer-journalismus\/wp-content\/uploads\/2015\/01\/IMG_1255.jpg\"><img loading=\"lazy\" decoding=\"async\" class=\"wp-image-386 size-medium\" src=\"http:\/\/vettensjournal.de\/klassischer-journalismus\/wp-content\/uploads\/2015\/01\/IMG_1255-300x173.jpg\" alt=\"IMG_1255\" width=\"300\" height=\"173\" srcset=\"https:\/\/vettensjournal.de\/klassischer-journalismus\/wp-content\/uploads\/2015\/01\/IMG_1255-300x173.jpg 300w, https:\/\/vettensjournal.de\/klassischer-journalismus\/wp-content\/uploads\/2015\/01\/IMG_1255-600x346.jpg 600w, https:\/\/vettensjournal.de\/klassischer-journalismus\/wp-content\/uploads\/2015\/01\/IMG_1255.jpg 980w\" sizes=\"auto, (max-width: 300px) 100vw, 300px\" \/><\/a><figcaption id=\"caption-attachment-386\" class=\"wp-caption-text\">Sabrina Setlur &#8211; eine, die gerne auch dabei ist. Fr\u00fcher hat sie mal Musik gemacht.<\/figcaption><\/figure>\n<p>&nbsp;<\/p>\n<figure id=\"attachment_385\" aria-describedby=\"caption-attachment-385\" style=\"width: 300px\" class=\"wp-caption aligncenter\"><img loading=\"lazy\" decoding=\"async\" class=\"wp-image-385 size-medium\" src=\"http:\/\/vettensjournal.de\/klassischer-journalismus\/wp-content\/uploads\/2015\/01\/IMG_1265-300x197.jpg\" alt=\"IMG_1265\" width=\"300\" height=\"197\" srcset=\"https:\/\/vettensjournal.de\/klassischer-journalismus\/wp-content\/uploads\/2015\/01\/IMG_1265-300x197.jpg 300w, https:\/\/vettensjournal.de\/klassischer-journalismus\/wp-content\/uploads\/2015\/01\/IMG_1265-600x394.jpg 600w, https:\/\/vettensjournal.de\/klassischer-journalismus\/wp-content\/uploads\/2015\/01\/IMG_1265.jpg 980w\" sizes=\"auto, (max-width: 300px) 100vw, 300px\" \/><figcaption id=\"caption-attachment-385\" class=\"wp-caption-text\">Die VIP-Welt kann ein Urwald sein. \u00dcberall Nattern. Nat\u00fcrlich nicht Natascha Ochsenknecht (links) und &#8220;Dschungelcamp&#8221;-Ber\u00fchmheit Marissa Marolt.<\/figcaption><\/figure>\n<p>&nbsp;<\/p>\n<p>&nbsp;<\/p>\n<figure id=\"attachment_384\" aria-describedby=\"caption-attachment-384\" style=\"width: 264px\" class=\"wp-caption aligncenter\"><img loading=\"lazy\" decoding=\"async\" class=\"wp-image-384 size-medium\" src=\"http:\/\/vettensjournal.de\/klassischer-journalismus\/wp-content\/uploads\/2015\/01\/IMG_1278-264x300.jpg\" alt=\"IMG_1278\" width=\"264\" height=\"300\" srcset=\"https:\/\/vettensjournal.de\/klassischer-journalismus\/wp-content\/uploads\/2015\/01\/IMG_1278-264x300.jpg 264w, https:\/\/vettensjournal.de\/klassischer-journalismus\/wp-content\/uploads\/2015\/01\/IMG_1278-600x681.jpg 600w, https:\/\/vettensjournal.de\/klassischer-journalismus\/wp-content\/uploads\/2015\/01\/IMG_1278.jpg 863w\" sizes=\"auto, (max-width: 264px) 100vw, 264px\" \/><figcaption id=\"caption-attachment-384\" class=\"wp-caption-text\">Erste Schritte auf dem Laufsteg und schon bekannt wie ein bunter Hund. Boris-Becker-Tochter Anna Ermakova.<\/figcaption><\/figure>\n<p>&nbsp;<\/p>\n<p>&nbsp;<\/p>\n<figure id=\"attachment_387\" aria-describedby=\"caption-attachment-387\" style=\"width: 300px\" class=\"wp-caption aligncenter\"><img loading=\"lazy\" decoding=\"async\" class=\"wp-image-387 size-medium\" src=\"http:\/\/vettensjournal.de\/klassischer-journalismus\/wp-content\/uploads\/2015\/01\/IMG_1311-1-300x252.jpg\" alt=\"IMG_1311-1\" width=\"300\" height=\"252\" srcset=\"https:\/\/vettensjournal.de\/klassischer-journalismus\/wp-content\/uploads\/2015\/01\/IMG_1311-1-300x252.jpg 300w, https:\/\/vettensjournal.de\/klassischer-journalismus\/wp-content\/uploads\/2015\/01\/IMG_1311-1-600x503.jpg 600w, https:\/\/vettensjournal.de\/klassischer-journalismus\/wp-content\/uploads\/2015\/01\/IMG_1311-1.jpg 980w\" sizes=\"auto, (max-width: 300px) 100vw, 300px\" \/><figcaption id=\"caption-attachment-387\" class=\"wp-caption-text\">Uups! Da flutscht der Ohrring ins Dekolletee! Und die Frau Katzenberger muss mal wieder kichern.<\/figcaption><\/figure>\n<p>&nbsp;<\/p>\n","protected":false},"excerpt":{"rendered":"<p>berlin, 24. januar 2015 Geschafft! Die Berliner k\u00f6nnen wieder in die Jogging-Klamotten schl\u00fcpfen \u2013 sie ist rum, die Fashions Week. Gut so, Mode und modische Menschen k\u00f6nnen ziemlich anstrengend sein. Eine, die es wissen muss, ist Daniela Katzenberger. Sie hat einen beeindruckenden Busen und ein loses Mundwerk. \u00dcber Events wie die Modewoche sagt sie: \u201eDas [&hellip;]<\/p>\n","protected":false},"author":3,"featured_media":390,"comment_status":"closed","ping_status":"closed","sticky":false,"template":"","format":"standard","meta":{"footnotes":""},"categories":[26],"tags":[87,98,99,100,77,76,97,95,96],"class_list":["post-379","post","type-post","status-publish","format-standard","has-post-thumbnail","hentry","category-galerie","tag-ermakova-anna","tag-fashions-week","tag-katzenberger-daniela","tag-kretschmer-guido-maria","tag-mode","tag-modewoche","tag-ochsenknecht-natascha","tag-setlur-sabrina","tag-waltz-udo","has-post-title","has-post-date","has-post-category","has-post-tag","has-post-comment","has-post-author",""],"_links":{"self":[{"href":"https:\/\/vettensjournal.de\/klassischer-journalismus\/wp-json\/wp\/v2\/posts\/379","targetHints":{"allow":["GET"]}}],"collection":[{"href":"https:\/\/vettensjournal.de\/klassischer-journalismus\/wp-json\/wp\/v2\/posts"}],"about":[{"href":"https:\/\/vettensjournal.de\/klassischer-journalismus\/wp-json\/wp\/v2\/types\/post"}],"author":[{"embeddable":true,"href":"https:\/\/vettensjournal.de\/klassischer-journalismus\/wp-json\/wp\/v2\/users\/3"}],"replies":[{"embeddable":true,"href":"https:\/\/vettensjournal.de\/klassischer-journalismus\/wp-json\/wp\/v2\/comments?post=379"}],"version-history":[{"count":1,"href":"https:\/\/vettensjournal.de\/klassischer-journalismus\/wp-json\/wp\/v2\/posts\/379\/revisions"}],"predecessor-version":[{"id":392,"href":"https:\/\/vettensjournal.de\/klassischer-journalismus\/wp-json\/wp\/v2\/posts\/379\/revisions\/392"}],"wp:featuredmedia":[{"embeddable":true,"href":"https:\/\/vettensjournal.de\/klassischer-journalismus\/wp-json\/wp\/v2\/media\/390"}],"wp:attachment":[{"href":"https:\/\/vettensjournal.de\/klassischer-journalismus\/wp-json\/wp\/v2\/media?parent=379"}],"wp:term":[{"taxonomy":"category","embeddable":true,"href":"https:\/\/vettensjournal.de\/klassischer-journalismus\/wp-json\/wp\/v2\/categories?post=379"},{"taxonomy":"post_tag","embeddable":true,"href":"https:\/\/vettensjournal.de\/klassischer-journalismus\/wp-json\/wp\/v2\/tags?post=379"}],"curies":[{"name":"wp","href":"https:\/\/api.w.org\/{rel}","templated":true}]}}