{"id":3690,"date":"2019-04-28T16:41:58","date_gmt":"2019-04-28T16:41:58","guid":{"rendered":"https:\/\/vettensjournal.de\/klassischer-journalismus\/?p=3690"},"modified":"2019-04-28T16:42:00","modified_gmt":"2019-04-28T16:42:00","slug":"gipfelgluck","status":"publish","type":"post","link":"https:\/\/vettensjournal.de\/klassischer-journalismus\/gipfelgluck\/","title":{"rendered":"GIPFELGL\u00dcCK"},"content":{"rendered":"\n<p style=\"text-align:center\"><strong><em>Startschuss: 17. August 2019, 6.00 Uhr. Zielschluss: 18. August 2019, 12.00 Uhr. Dazwischen: 160 Kilometer zu Fu\u00df rund um Berlin. Das Event hei\u00dft \u201cMauerweglauf\u201d. In \u201cVettensjournal\u201d das Protokoll der Vorbereitung. Es beginnt am 9. M\u00e4rz 2019 und endet am 17. August: 22 WOCHEN.<\/em><\/strong><\/p>\n\n\n\n<p><\/p>\n\n\n\n<p>Ein unf\u00f6rmig gro\u00dfer\nVollmond macht hinterm Allg\u00e4u die Biege.<\/p>\n\n\n\n<p>Eine stechende Morgensonne macht \u00fcberm Herzogstand lange Finger.<\/p>\n\n\n\n<p>Es tut gut, auf dem\nBaumstumpf zu sitzen und in den Tag zu blinzeln, die W\u00e4rme krabbelt ins\nGesicht, trocknet den Schwei\u00df, wohlig kribbeln die Fu\u00dfsohlen, in den Waden und\nden Armen, in den Schultern und Schenkeln ist Kraft. Keine Bullen-Power \u2013 aber genug\nZ\u00e4higkeit f\u00fcr den Berg hier.<\/p>\n\n\n\n<p>Der Katheter, ein\nverschissener Fremdk\u00f6rper, st\u00f6rt. Aber Krohn muss &nbsp;nur vom Baumstumpf aufstehen, den Katheter aus\nder Hose fummeln und es laufen lassen, bis kein Tropfen mehr kommt. Danach hat\ner eine Zeitlang Ruh\u2018.<\/p>\n\n\n\n<p>Er setzt sich wieder. Sieht ins Land und erinnert sich, dass er schon oft hier war. <\/p>\n\n\n\n<p><\/p>\n\n\n\n<p>Er hat mal im Tal gelebt und ein Buch geschrieben. Nachmittags ist er in den Markt, hat sich Wein und Pizza besorgt und ist auf den Berg marschiert. Hat das verschwitzte Hemd gegen ein trockenes gewechselt, eine von den zwei Flaschen Wein leer getrunken. Danach ist er wieder hinunter marschiert. <\/p>\n\n\n\n<p>Zuerst \u00fcber die welligen\nKuppen. Sp\u00e4ter durch dichten Bergwald, am \u201eSchatzloch\u201c vorbei. Der Steig ist\nschmal und steil, m\u00fcndet in eine Forststra\u00dfe, die aus dem Wald auf die\nAlmwiesen f\u00fchrt. Nun \u00fcber Schotter, nach einer Stunde auf Teer ins Tal.<\/p>\n\n\n\n<p>Dort ebenen Fu\u00dfes zum\nHaus und zum Manuskript.<\/p>\n\n\n\n<p>Oben noch leidlich\nn\u00fcchtern, unten angekommen im Zustand selbstverliebter Trunkenheit. Das war die\nbeste Zeit des Tages: Wenn er sich einbildete, zu den Gewinnern zu geh\u00f6ren. Wenn\ner gut fand, was er schrieb und trieb. Wenn ihm die Zukunft zu geh\u00f6ren schien.<\/p>\n\n\n\n<p>Er ging ins Haus, buk die\nPizza, trank die zweite Flasche Wein und versank im Abend. Schlief vor dem\nFernseher ein oder schaffte es ins Bett.<\/p>\n\n\n\n<p>Egal.<\/p>\n\n\n\n<p>Am n\u00e4chsten Morgen machte er weiter. Und nachmittags ging\u2019s zum Supermarkt und auf den Berg.<\/p>\n\n\n\n<p>Hans Krohn meint sich zu\nerinnern, dass er nicht ungl\u00fccklich gewesen sei, damals. Er machte die Dinge,\nweil er keine Kraft f\u00fcr anderes hatte.<\/p>\n\n\n\n<p>Kraft hat er sich\nvorgegaukelt, indem er den Berg hoch hetzte \u2013 die flachen Passagen im\nLaufschritt, die Steilst\u00fccke im Kampf gegen den Krampf. Wenn er dann da oben\nauf dem Baumstumpf zur Ruhe kam, bildete er sich ein, ein Trinker sei zu dieser\nLeistung nicht f\u00e4hig.<\/p>\n\n\n\n<p>Also:<\/p>\n\n\n\n<p>Alles im Gr\u00fcnen Bereich.<\/p>\n\n\n\n<p><\/p>\n\n\n\n<p>Nun sitzt er wieder da.<\/p>\n\n\n\n<p>Nichts da mit\nLaufschritt.<\/p>\n\n\n\n<p>Er hatte den bed\u00e4chtigen\nSchritt seines Gro\u00dfvaters. <\/p>\n\n\n\n<p>Er hat Schmerzen gehabt.<\/p>\n\n\n\n<p>Aber jetzt sitzt er auf\ndiesem Baumstumpf, und die junge Sonne flirtet mit seiner Nase.<\/p>\n\n\n\n<p>Weitab von jeder\nBestzeit.<\/p>\n\n\n\n<p>Kein Wein weit und breit.<\/p>\n\n\n\n<p>Ist doch auch was.<\/p>\n","protected":false},"excerpt":{"rendered":"<p>Startschuss: 17. August 2019, 6.00 Uhr. Zielschluss: 18. August 2019, 12.00 Uhr. Dazwischen: 160 Kilometer zu Fu\u00df rund um Berlin. Das Event hei\u00dft \u201cMauerweglauf\u201d. In \u201cVettensjournal\u201d das Protokoll der Vorbereitung. Es beginnt am 9. M\u00e4rz 2019 und endet am 17. August: 22 WOCHEN. Ein unf\u00f6rmig gro\u00dfer Vollmond macht hinterm Allg\u00e4u die Biege. Eine stechende Morgensonne [&hellip;]<\/p>\n","protected":false},"author":3,"featured_media":3688,"comment_status":"closed","ping_status":"closed","sticky":false,"template":"","format":"standard","meta":{"footnotes":""},"categories":[927],"tags":[],"class_list":["post-3690","post","type-post","status-publish","format-standard","has-post-thumbnail","hentry","category-22-wochen","has-post-title","has-post-date","has-post-category","has-post-tag","has-post-comment","has-post-author",""],"_links":{"self":[{"href":"https:\/\/vettensjournal.de\/klassischer-journalismus\/wp-json\/wp\/v2\/posts\/3690","targetHints":{"allow":["GET"]}}],"collection":[{"href":"https:\/\/vettensjournal.de\/klassischer-journalismus\/wp-json\/wp\/v2\/posts"}],"about":[{"href":"https:\/\/vettensjournal.de\/klassischer-journalismus\/wp-json\/wp\/v2\/types\/post"}],"author":[{"embeddable":true,"href":"https:\/\/vettensjournal.de\/klassischer-journalismus\/wp-json\/wp\/v2\/users\/3"}],"replies":[{"embeddable":true,"href":"https:\/\/vettensjournal.de\/klassischer-journalismus\/wp-json\/wp\/v2\/comments?post=3690"}],"version-history":[{"count":1,"href":"https:\/\/vettensjournal.de\/klassischer-journalismus\/wp-json\/wp\/v2\/posts\/3690\/revisions"}],"predecessor-version":[{"id":3691,"href":"https:\/\/vettensjournal.de\/klassischer-journalismus\/wp-json\/wp\/v2\/posts\/3690\/revisions\/3691"}],"wp:featuredmedia":[{"embeddable":true,"href":"https:\/\/vettensjournal.de\/klassischer-journalismus\/wp-json\/wp\/v2\/media\/3688"}],"wp:attachment":[{"href":"https:\/\/vettensjournal.de\/klassischer-journalismus\/wp-json\/wp\/v2\/media?parent=3690"}],"wp:term":[{"taxonomy":"category","embeddable":true,"href":"https:\/\/vettensjournal.de\/klassischer-journalismus\/wp-json\/wp\/v2\/categories?post=3690"},{"taxonomy":"post_tag","embeddable":true,"href":"https:\/\/vettensjournal.de\/klassischer-journalismus\/wp-json\/wp\/v2\/tags?post=3690"}],"curies":[{"name":"wp","href":"https:\/\/api.w.org\/{rel}","templated":true}]}}