{"id":367,"date":"2015-01-23T06:31:55","date_gmt":"2015-01-23T06:31:55","guid":{"rendered":"http:\/\/vettensjournal.de\/klassischer-journalismus\/?p=367"},"modified":"2015-01-23T06:38:14","modified_gmt":"2015-01-23T06:38:14","slug":"anna-war-hier","status":"publish","type":"post","link":"https:\/\/vettensjournal.de\/klassischer-journalismus\/anna-war-hier\/","title":{"rendered":"ANNA WAR HIER"},"content":{"rendered":"<blockquote>\n<div>\n<div>\n<div><em><strong>berlin, 23. januar 2015<\/strong><\/em><\/div>\n<div><strong>Weiter weg von Berlin kann man auf diesem Globus kaum sein \u2013 dennoch verschafft sich der ehemalige Tennisspieler Boris Becker eine \u00fcberraschende Pr\u00e4senz an der Spree. Er twittert einfach. Weil Modewoche ist. Weil er sich f\u00fcr alles Sch\u00f6ne interessiert. Und weil seine uneheliche Tochter Anna Ermakova auf dem Laufsteg ihren ersten gro\u00dfen Auftritt hat. &#8220;Was f\u00fcr eine wundersch\u00f6ne junge Lady&#8221; twittert Becker stolz. A Star is born&#8230;<\/strong><\/div>\n<div><\/div>\n<div>Ja, sie verdreht den Mode-Experten die H\u00e4lse. Die Herrschaften muten ja manchmal an wie Vampire \u2013 gierig nach jungem Blut. Und wenn eine wie Anna Ermakova \u00fcber den Catwalk st\u00f6ckelt, geraten sie schnell ins Schw\u00e4rmen. Das h\u00f6rt sich dann so an:<\/div>\n<div><\/div>\n<div>&#8220;Sie glitzerte. Und funkelte. Und bezauberte alle.<\/div>\n<div>In grauen Pailletten, mit einer gro\u00dfen Schleife am Hals und wei\u00dfem Stoffpudel in der Hand stolzierte Anna Ermakova (1,78\u00a0Meter) selbstbewusst \u00fcber den Laufsteg. Es war ihr erster, gro\u00dfer Modeljob \u2013 und ein riesiger Erfolg.<\/div>\n<div><\/div>\n<div>Mit nur 14\u00a0Jahren eroberte die Tochter von Boris Becker (47) und Angela Ermakova (46) die Fashion Week im Sturm.<\/div>\n<div><\/div>\n<div>Sie durfte als erstes Model die gro\u00dfe Schau des schw\u00e4bischen Labels Riani er\u00f6ffnen \u2013 und auch schlie\u00dfen.&#8221;<\/div>\n<div><\/div>\n<div><\/div>\n<div><\/div>\n<div>\n<figure id=\"attachment_372\" aria-describedby=\"caption-attachment-372\" style=\"width: 300px\" class=\"wp-caption aligncenter\"><a href=\"http:\/\/vettensjournal.de\/klassischer-journalismus\/wp-content\/uploads\/2015\/01\/P1000953.jpg\"><img loading=\"lazy\" decoding=\"async\" class=\"wp-image-372 size-medium\" src=\"http:\/\/vettensjournal.de\/klassischer-journalismus\/wp-content\/uploads\/2015\/01\/P1000953-300x254.jpg\" alt=\"P1000953\" width=\"300\" height=\"254\" srcset=\"https:\/\/vettensjournal.de\/klassischer-journalismus\/wp-content\/uploads\/2015\/01\/P1000953-300x254.jpg 300w, https:\/\/vettensjournal.de\/klassischer-journalismus\/wp-content\/uploads\/2015\/01\/P1000953-600x509.jpg 600w, https:\/\/vettensjournal.de\/klassischer-journalismus\/wp-content\/uploads\/2015\/01\/P1000953.jpg 980w\" sizes=\"auto, (max-width: 300px) 100vw, 300px\" \/><\/a><figcaption id=\"caption-attachment-372\" class=\"wp-caption-text\">So twitterte der Papa<\/figcaption><\/figure>\n<\/div>\n<div>Das hat das Girl tierisch genossen. Es war, sagt sie, immer ihr Traum. Einen gr\u00f6\u00dferen hat sie nie gehabt. Die Mama hat\u2019s erlaubt, nachdem Anna versprochen hatte, immer brav die Hausaufgaben zu machen.<\/div>\n<div><\/div>\n<div>Routiniert gab Fr\u00e4ulein Ermakova die sch\u00fcchterne Lolita. Hinter der B\u00fchne sah Mutter Angela zu, wie die Tochter den Traum vom Ber\u00fchmt-, Begehrt- und Teuer-Sein stellvertretend f\u00fcr die Mama auslebte.<\/div>\n<div><\/div>\n<div>Und in der Branche wird das M\u00e4dchen gedankenlos hofiert und auf eine gef\u00e4hrliche Karriere los gelassen.<\/div>\n<div><\/div>\n<div>Sie ist 14 \u2013 na und?<\/div>\n<div><\/div>\n<div>Sie wird den Bezug zur Realit\u00e4t verlieren \u2013 so what?<\/div>\n<div><\/div>\n<div>Ihre Gesundheit steht auf dem Spiel \u2013 wen juckt\u2019s?<\/div>\n<div><\/div>\n<div><\/div>\n<div><\/div>\n<div>\n<figure id=\"attachment_371\" aria-describedby=\"caption-attachment-371\" style=\"width: 300px\" class=\"wp-caption aligncenter\"><img loading=\"lazy\" decoding=\"async\" class=\"wp-image-371 size-medium\" src=\"http:\/\/vettensjournal.de\/klassischer-journalismus\/wp-content\/uploads\/2015\/01\/P1000956-300x235.jpg\" alt=\"P1000956\" width=\"300\" height=\"235\" srcset=\"https:\/\/vettensjournal.de\/klassischer-journalismus\/wp-content\/uploads\/2015\/01\/P1000956-300x235.jpg 300w, https:\/\/vettensjournal.de\/klassischer-journalismus\/wp-content\/uploads\/2015\/01\/P1000956-600x470.jpg 600w, https:\/\/vettensjournal.de\/klassischer-journalismus\/wp-content\/uploads\/2015\/01\/P1000956.jpg 980w\" sizes=\"auto, (max-width: 300px) 100vw, 300px\" \/><figcaption id=\"caption-attachment-371\" class=\"wp-caption-text\">So unkte die &#8220;Bunte&#8221;<\/figcaption><\/figure>\n<\/div>\n<div>W\u00e4hrend die Ermakova lustvoll ihren Einstand auf dem Jahrmarkt der Eitelkeiten feiert, geht eine Meldung aus London fast unter. Da wird \u00fcber Lindsay Lohan \u2013 auch die stieg blutjung ins Beauty-Business ein \u2013 berichtet:<\/div>\n<div>&#8220;Schock f\u00fcr Lindsay: Sie konnte sich pl\u00f6tzlich nicht mehr bewegen und musste deshalb in ein Krankenhaus gebracht werden. Ein fr\u00fcherer M\u00fcckenstich k\u00f6nnte der Ausl\u00f6ser f\u00fcr die Erkrankung sein.&#8221;<\/div>\n<div><\/div>\n<div>Schon wieder so eine Hiobsmeldung. Es ist noch nicht einmal ein Jahr her, dass der Vater sich vor die Mikros dr\u00e4ngte: Seine Tochter, so der kummergebeugte Dad, brauche professionelle Hilfe bei ihrem Alkohol- und Drogenproblem, er sei st\u00e4ndig auf das Schlimmste gefasst.<\/div>\n<div>&#8220;Lindsay wird jetzt 27. Wie viele ber\u00fchmte Kids sind in dem Alter schon an einer \u00dcberdosis gestorben? Es ist eine Angst, die fest in meinem Kopf ist. Ich sitze st\u00e4ndig beim Telefon.&#8221;<\/div>\n<div><\/div>\n<div>Dann schlug er sich reuig an die Brust. &#8220;Es lief aus der Bahn, als ich mich von Lindsays Mutter Dina scheiden lie\u00df, also f\u00fchle ich mich nat\u00fcrlich schuldig.&#8221;<\/div>\n<div><\/div>\n<div>Nun stand Lindsay vor Gericht. &#8220;Sie so zu sehen, war furchtbar. Es brach mir das Herz. Als ich sie nach der Verhandlung in den Arm nahm, war es nicht die Lindsay, die ich fr\u00fcher in den Arm genommen habe. Die ist einfach nicht mehr hier.&#8221;<\/div>\n<div><\/div>\n<div>Was denn, was denn?<\/div>\n<div><\/div>\n<div>Die Tochter war doch ein Objekt, seit man sie vermarkten konnte. Dina und Michael Lohan verkauften das Kind, begossen den Erfolg ausgiebig, lie\u00dfen es krachen. Die Mutter trank auf Partys mit der Tochter Cocktails um die Wette und bandelte mit M\u00e4nnern in Lindsays Alter an. Der Vater seinerseits landete wegen Betrugs, Alkohols am Steuer und Gewaltt\u00e4tigkeit im Gef\u00e4ngnis.<\/div>\n<div><\/div>\n<div>Das war nun mal eine erf\u00fcllte Jugend f\u00fcr ein sensibles \u00fcberh\u00fcbsches M\u00e4dchen!<\/div>\n<div><\/div>\n<div>Jetzt ist Lindsay Lohan eine Meldung wert, wenn sie von einer M\u00fccke gestochen wurde. F\u00fcr die News aus der Glamour-Welt ist in diesem Jahr Anna Ermakova zust\u00e4ndig. Der wird eine gro\u00dfe Zukunft prophezeit (Boris Becker h\u00f6rt\u2019s mit Stolz).<\/div>\n<div><\/div>\n<div>Und Anna?<\/div>\n<div><\/div>\n<div>Sie hat ihre erste Lektion gelernt. Die hei\u00dft: Erstmal bescheiden auftreten! Bist ja noch \u2019n Kind!<\/div>\n<div><\/div>\n<div>Also erkl\u00e4rt die 14-J\u00e4hrige: \u201eMeine Mutter ist nat\u00fcrlich immer dabei. Das will ich auch so. Das, was ich hier mache, ist ein Ausflug in eine neue Welt, die ich wirklich liebe. Allerdings habe ich echt nie damit gerechnet, dass das so einen Rummel ausl\u00f6sen k\u00f6nnte.\u201c<\/div>\n<div><\/div>\n<div>Wirklich nicht? Naja, an den Trubel wird sie sich schon noch gew\u00f6hnen. Vielleicht wird ihr das Ballyhoo\u00a0 irgendwann sogar zuviel. Wie der Kollegin Tali Lennox. Die ist mittlerweile 20 und kommt auch aus ber\u00fchmtem Haus (Mutter Annie ist Popstar). Als Berufe gibt Tali\u00a0 Malerin, Schauspielerin und Model an.<\/div>\n<div><\/div>\n<div>Auf der Modewoche gl\u00e4nzt sie bei der Schau von Marc Cain.<\/div>\n<div><\/div>\n<div>Nach dem Auftritt legt sie die Fummel beiseite und l\u00e4sst durchblicken, dass es das dann wohl gewesen ist mit der Arbeit auf dem Laufsteg.<\/div>\n<div><\/div>\n<div>Ihre Model-Karriere, so ist zu h\u00f6ren, will sie an den Nagel h\u00e4ngen. &#8220;Ich m\u00f6chte lieber Portr\u00e4ts malen.&#8221;<\/div>\n<div><\/div>\n<p>Wie man auch noch h\u00f6rt, ist Tali Lennox eine ausnehmend kluge junge Frau.<\/p>\n<p>&nbsp;<\/p>\n<figure id=\"attachment_370\" aria-describedby=\"caption-attachment-370\" style=\"width: 187px\" class=\"wp-caption aligncenter\"><img loading=\"lazy\" decoding=\"async\" class=\"wp-image-370 size-medium\" src=\"http:\/\/vettensjournal.de\/klassischer-journalismus\/wp-content\/uploads\/2015\/01\/IMG_1281-187x300.jpg\" alt=\"IMG_1281\" width=\"187\" height=\"300\" srcset=\"https:\/\/vettensjournal.de\/klassischer-journalismus\/wp-content\/uploads\/2015\/01\/IMG_1281-187x300.jpg 187w, https:\/\/vettensjournal.de\/klassischer-journalismus\/wp-content\/uploads\/2015\/01\/IMG_1281.jpg 581w\" sizes=\"auto, (max-width: 187px) 100vw, 187px\" \/><figcaption id=\"caption-attachment-370\" class=\"wp-caption-text\">Auftritt mit Mensch-gef\u00fclltem Hund: Anna Ermakova digitals: BARBARA VOLKMER<\/figcaption><\/figure>\n<p>&nbsp;<\/p>\n<p style=\"text-align: right\"><em><strong>Morgen: Bilder, die bleiben &#8211; oder auch nicht.<\/strong><\/em><\/p>\n<\/div>\n<\/div>\n<\/blockquote>\n","protected":false},"excerpt":{"rendered":"<p>berlin, 23. januar 2015 Weiter weg von Berlin kann man auf diesem Globus kaum sein \u2013 dennoch verschafft sich der ehemalige Tennisspieler Boris Becker eine \u00fcberraschende Pr\u00e4senz an der Spree. Er twittert einfach. Weil Modewoche ist. Weil er sich f\u00fcr alles Sch\u00f6ne interessiert. Und weil seine uneheliche Tochter Anna Ermakova auf dem Laufsteg ihren ersten [&hellip;]<\/p>\n","protected":false},"author":3,"featured_media":369,"comment_status":"closed","ping_status":"closed","sticky":false,"template":"","format":"standard","meta":{"footnotes":""},"categories":[20],"tags":[88,87,91,90,89,93,94,77,76,92],"class_list":["post-367","post","type-post","status-publish","format-standard","has-post-thumbnail","hentry","category-reportage","tag-becker-boris","tag-ermakova-anna","tag-fashion-week","tag-kennox-annie","tag-lennox-tali","tag-lohan-lindsay","tag-marc-cain","tag-mode","tag-modewoche","tag-riani","has-post-title","has-post-date","has-post-category","has-post-tag","has-post-comment","has-post-author",""],"_links":{"self":[{"href":"https:\/\/vettensjournal.de\/klassischer-journalismus\/wp-json\/wp\/v2\/posts\/367","targetHints":{"allow":["GET"]}}],"collection":[{"href":"https:\/\/vettensjournal.de\/klassischer-journalismus\/wp-json\/wp\/v2\/posts"}],"about":[{"href":"https:\/\/vettensjournal.de\/klassischer-journalismus\/wp-json\/wp\/v2\/types\/post"}],"author":[{"embeddable":true,"href":"https:\/\/vettensjournal.de\/klassischer-journalismus\/wp-json\/wp\/v2\/users\/3"}],"replies":[{"embeddable":true,"href":"https:\/\/vettensjournal.de\/klassischer-journalismus\/wp-json\/wp\/v2\/comments?post=367"}],"version-history":[{"count":1,"href":"https:\/\/vettensjournal.de\/klassischer-journalismus\/wp-json\/wp\/v2\/posts\/367\/revisions"}],"predecessor-version":[{"id":378,"href":"https:\/\/vettensjournal.de\/klassischer-journalismus\/wp-json\/wp\/v2\/posts\/367\/revisions\/378"}],"wp:featuredmedia":[{"embeddable":true,"href":"https:\/\/vettensjournal.de\/klassischer-journalismus\/wp-json\/wp\/v2\/media\/369"}],"wp:attachment":[{"href":"https:\/\/vettensjournal.de\/klassischer-journalismus\/wp-json\/wp\/v2\/media?parent=367"}],"wp:term":[{"taxonomy":"category","embeddable":true,"href":"https:\/\/vettensjournal.de\/klassischer-journalismus\/wp-json\/wp\/v2\/categories?post=367"},{"taxonomy":"post_tag","embeddable":true,"href":"https:\/\/vettensjournal.de\/klassischer-journalismus\/wp-json\/wp\/v2\/tags?post=367"}],"curies":[{"name":"wp","href":"https:\/\/api.w.org\/{rel}","templated":true}]}}