{"id":3664,"date":"2019-04-17T11:11:26","date_gmt":"2019-04-17T11:11:26","guid":{"rendered":"https:\/\/vettensjournal.de\/klassischer-journalismus\/?p=3664"},"modified":"2019-04-17T11:11:28","modified_gmt":"2019-04-17T11:11:28","slug":"angekommen","status":"publish","type":"post","link":"https:\/\/vettensjournal.de\/klassischer-journalismus\/angekommen\/","title":{"rendered":"ANGEKOMMEN"},"content":{"rendered":"\n<p style=\"text-align:center\"><strong><em>Startschuss: 17. August 2019, 6.00 Uhr. Zielschluss: 18.\nAugust 2019, 12.00 Uhr. Dazwischen: 160 Kilometer zu Fu\u00df rund um Berlin. Das\nEvent hei\u00dft \u201cMauerweglauf\u201d. In \u201cVettensjournal\u201d das Protokoll der Vorbereitung.\nEs beginnt am 9. M\u00e4rz 2019 und endet am 17. August: 22 WOCHEN.<\/em><\/strong><\/p>\n\n\n\n<p>Sie kommen nach Hause. Biegen vom\nasphaltierten Str\u00e4\u00dfchen auf den geschotterten Feldweg ab \u2013 er hat sich\nvorgenommen, die schlimmsten Schlagl\u00f6cher in diesem Fr\u00fchjahr zu verf\u00fcllen, das\nmuss jetzt erst einmal warten -, nach dreihundert Metern stellt Sabrina den\nWagen vor dem Haus ab.<\/p>\n\n\n\n<p>Als er die Bude mietete, lebte\nSabrina noch in Italien. Ein Freund aus Berlin \u2013 er betreibt dort drei\ntodschicke Puffs \u2013 hat Krohn besucht und sich an die Stirn getippt.<\/p>\n\n\n\n<p>\u201eWat willste mit dem Kastn? Da\nkannst jleich im Zelt wohnen. Ick wunder mir, dat sowat \u00fcberhaupt erlaubt is in\nDeutschland. Da is ja in Knast jem\u00fctlicha.\u201c<\/p>\n\n\n\n<p>Pit hat sich in M\u00fcnchen im\n\u201eBayerischen Hof\u201c einquartiert und jedesmal, wenn er zu Besuch kam, vom\nUntergang der westlichen Welt geredet. Das Wasser kommt gerade mal lauwarm aus\nder Wand. Die K\u00fcche, neenee, seine Omma hat es da komfortabler gehabt. Heizung\nmit Kachelofen und im Schlafzimmer gar nicht, ja, wo sinwer denn? Ob der Hans\nsicher sei, dass es bei diesem Dach aus dem 19.en Jahrhundert nicht rein regne?\nWie lange wohl das Elektrische noch funktioniere? Wat is mit Internet und\nHandynetz? Wie, da muss man in die n\u00e4chste kleine Stadt? Ja, geht\u2019s noch?<\/p>\n\n\n\n<p>Und wo \u00fcberhaupt die Weiber\nseien?<\/p>\n\n\n\n<p>Watt?!<\/p>\n\n\n\n<p>Keene Weiba?!<\/p>\n\n\n\n<p>Da k\u00f6nne sich der Hans gleich die\nKugel geben.<\/p>\n\n\n\n<p>Also mal ehrlich, hatte der Pit\ngesagt: \u201eJetzt haste jenuch jesponnen. Jetzt kommste zur\u00fcck nach Berlin. Ick\nhab\u2018 ne Wohnung f\u00fcr Dich, piekfein, flie\u00dfend Warmwasser und Whirlpool im Haus,\nWeiba \u00fcbern Flur. Du machst mir \u2018n bissken den Papierkram und die Werbung, dann\nbrauchste keene Miete zahlen. Und wir ham Spa\u00df ohne Ende. Komm, schlag ein.\u201c<\/p>\n\n\n\n<p>Krohn ist in Bayern geblieben.\nEinmal las er in der Zeitung, dass Einsamkeit eine gef\u00e4hrliche Krankheit der\nModerne sei. Er nickte und unterhielt sich mit sich selbst \u00fcbers Allein-Sein. <\/p>\n\n\n\n<p>So weit war er.<\/p>\n\n\n\n<p>Eines Tages stand Sabrina vor der\nT\u00fcr. &nbsp;<\/p>\n\n\n\n<p>\u201eDu?\u201c, sagte er.<\/p>\n\n\n\n<p>\u201eJa. Ich.\u201c<\/p>\n\n\n\n<p>Nun fahren sie vors Haus, mit\nihren Eink\u00e4ufen wie ein altes Ehepaar. Tragen T\u00fcten in die K\u00fcche. Geben sich\nein K\u00fcsschen wie ein verliebtes altes Paar. Sie r\u00e4umt den K\u00fchlschrank ein, er\nwill ihr helfen. Nein, sagt Sabrina, er solle sich schonen. Er setzt sich\nwieder, weil ihm das ganz recht ist, der Katheter zwackt. Sabrina b\u00fcckt sich\nzum Gem\u00fcsefach, sie hat einen sch\u00f6nen Hintern, er denkt kurz an Sex.<\/p>\n\n\n\n<p>Sie steht auf und streckt sich.<\/p>\n\n\n\n<p>Und da sind die Gedanken an Sex\nwie ausradiert. Sabrina hat Krebs. In einer Woche wird sie operiert. Was dann?\nKeiner wei\u00df es.<\/p>\n\n\n\n<p>Sie hantiert in der K\u00fcche, er hat\nein gro\u00dfes Gef\u00fchl f\u00fcr sie \u2013 und er k\u00f6nnte kotzen vor Angst.<\/p>\n","protected":false},"excerpt":{"rendered":"<p>Startschuss: 17. August 2019, 6.00 Uhr. Zielschluss: 18. August 2019, 12.00 Uhr. Dazwischen: 160 Kilometer zu Fu\u00df rund um Berlin. Das Event hei\u00dft \u201cMauerweglauf\u201d. In \u201cVettensjournal\u201d das Protokoll der Vorbereitung. Es beginnt am 9. M\u00e4rz 2019 und endet am 17. August: 22 WOCHEN. Sie kommen nach Hause. Biegen vom asphaltierten Str\u00e4\u00dfchen auf den geschotterten Feldweg [&hellip;]<\/p>\n","protected":false},"author":3,"featured_media":3292,"comment_status":"closed","ping_status":"closed","sticky":false,"template":"","format":"standard","meta":{"footnotes":""},"categories":[1],"tags":[],"class_list":["post-3664","post","type-post","status-publish","format-standard","has-post-thumbnail","hentry","category-uncategorized","has-post-title","has-post-date","has-post-category","has-post-tag","has-post-comment","has-post-author",""],"_links":{"self":[{"href":"https:\/\/vettensjournal.de\/klassischer-journalismus\/wp-json\/wp\/v2\/posts\/3664","targetHints":{"allow":["GET"]}}],"collection":[{"href":"https:\/\/vettensjournal.de\/klassischer-journalismus\/wp-json\/wp\/v2\/posts"}],"about":[{"href":"https:\/\/vettensjournal.de\/klassischer-journalismus\/wp-json\/wp\/v2\/types\/post"}],"author":[{"embeddable":true,"href":"https:\/\/vettensjournal.de\/klassischer-journalismus\/wp-json\/wp\/v2\/users\/3"}],"replies":[{"embeddable":true,"href":"https:\/\/vettensjournal.de\/klassischer-journalismus\/wp-json\/wp\/v2\/comments?post=3664"}],"version-history":[{"count":1,"href":"https:\/\/vettensjournal.de\/klassischer-journalismus\/wp-json\/wp\/v2\/posts\/3664\/revisions"}],"predecessor-version":[{"id":3665,"href":"https:\/\/vettensjournal.de\/klassischer-journalismus\/wp-json\/wp\/v2\/posts\/3664\/revisions\/3665"}],"wp:featuredmedia":[{"embeddable":true,"href":"https:\/\/vettensjournal.de\/klassischer-journalismus\/wp-json\/wp\/v2\/media\/3292"}],"wp:attachment":[{"href":"https:\/\/vettensjournal.de\/klassischer-journalismus\/wp-json\/wp\/v2\/media?parent=3664"}],"wp:term":[{"taxonomy":"category","embeddable":true,"href":"https:\/\/vettensjournal.de\/klassischer-journalismus\/wp-json\/wp\/v2\/categories?post=3664"},{"taxonomy":"post_tag","embeddable":true,"href":"https:\/\/vettensjournal.de\/klassischer-journalismus\/wp-json\/wp\/v2\/tags?post=3664"}],"curies":[{"name":"wp","href":"https:\/\/api.w.org\/{rel}","templated":true}]}}