{"id":3498,"date":"2017-12-30T10:54:15","date_gmt":"2017-12-30T10:54:15","guid":{"rendered":"http:\/\/vettensjournal.de\/klassischer-journalismus\/?p=3498"},"modified":"2017-12-30T11:01:06","modified_gmt":"2017-12-30T11:01:06","slug":"weiter","status":"publish","type":"post","link":"https:\/\/vettensjournal.de\/klassischer-journalismus\/weiter\/","title":{"rendered":"WEITER"},"content":{"rendered":"<p><b><i><span lang=\"EN-US\" style=\"margin: 0px; color: black; font-family: 'Times New Roman','serif'; font-size: 18pt;\">\u201e2017\u201d*, Folge 105, 31. Dezember. \u201cBerliner Woche\u201d\/VIII<\/span><\/i><\/b><\/p>\n<p>&nbsp;<\/p>\n<p>Hans Krohn stapelt die Briefschaften, er br\u00fcht sich einen Tee, er schiebt die Schubladen zu, er tut die Teebeutel in einen leeren Abfallsack, er kratzt sein Ohr, das linke, er horcht auf Ger\u00e4usche aus dem Gang, auf der Stra\u00dfe sind Not\u00e4rzte oder Feuerwehr oder Bullerei unterwegs,\u00a0 Krohn wischt den sauberen Tisch sauber, alle Pflanzen sind eingegangen, die muss er entsorgen, die Post erledigt er sp\u00e4ter.<\/p>\n<p>Hans Krohn dreht die Heizung auf.<\/p>\n<p>In der Stadt wird geb\u00f6llert.<\/p>\n<p>Hans Krohn rasiert sich.<\/p>\n<p>Er nimmt ein Buch und\u00a0 setzt sich hin.<\/p>\n<p>So m\u00fcd\u2018 isser.<\/p>\n<p>&nbsp;<\/p>\n<p>Morgen.<\/p>\n","protected":false},"excerpt":{"rendered":"<p>\u201e2017\u201d*, Folge 105, 31. Dezember. \u201cBerliner Woche\u201d\/VIII &nbsp; Hans Krohn stapelt die Briefschaften, er br\u00fcht sich einen Tee, er schiebt die Schubladen zu, er tut die Teebeutel in einen leeren Abfallsack, er kratzt sein Ohr, das linke, er horcht auf Ger\u00e4usche aus dem Gang, auf der Stra\u00dfe sind Not\u00e4rzte oder Feuerwehr oder Bullerei unterwegs,\u00a0 Krohn [&hellip;]<\/p>\n","protected":false},"author":3,"featured_media":3470,"comment_status":"closed","ping_status":"closed","sticky":false,"template":"","format":"standard","meta":{"footnotes":""},"categories":[881,4],"tags":[898],"class_list":["post-3498","post","type-post","status-publish","format-standard","has-post-thumbnail","hentry","category-d2017","category-journal","tag-898","has-post-title","has-post-date","has-post-category","has-post-tag","has-post-comment","has-post-author",""],"_links":{"self":[{"href":"https:\/\/vettensjournal.de\/klassischer-journalismus\/wp-json\/wp\/v2\/posts\/3498","targetHints":{"allow":["GET"]}}],"collection":[{"href":"https:\/\/vettensjournal.de\/klassischer-journalismus\/wp-json\/wp\/v2\/posts"}],"about":[{"href":"https:\/\/vettensjournal.de\/klassischer-journalismus\/wp-json\/wp\/v2\/types\/post"}],"author":[{"embeddable":true,"href":"https:\/\/vettensjournal.de\/klassischer-journalismus\/wp-json\/wp\/v2\/users\/3"}],"replies":[{"embeddable":true,"href":"https:\/\/vettensjournal.de\/klassischer-journalismus\/wp-json\/wp\/v2\/comments?post=3498"}],"version-history":[{"count":1,"href":"https:\/\/vettensjournal.de\/klassischer-journalismus\/wp-json\/wp\/v2\/posts\/3498\/revisions"}],"predecessor-version":[{"id":3500,"href":"https:\/\/vettensjournal.de\/klassischer-journalismus\/wp-json\/wp\/v2\/posts\/3498\/revisions\/3500"}],"wp:featuredmedia":[{"embeddable":true,"href":"https:\/\/vettensjournal.de\/klassischer-journalismus\/wp-json\/wp\/v2\/media\/3470"}],"wp:attachment":[{"href":"https:\/\/vettensjournal.de\/klassischer-journalismus\/wp-json\/wp\/v2\/media?parent=3498"}],"wp:term":[{"taxonomy":"category","embeddable":true,"href":"https:\/\/vettensjournal.de\/klassischer-journalismus\/wp-json\/wp\/v2\/categories?post=3498"},{"taxonomy":"post_tag","embeddable":true,"href":"https:\/\/vettensjournal.de\/klassischer-journalismus\/wp-json\/wp\/v2\/tags?post=3498"}],"curies":[{"name":"wp","href":"https:\/\/api.w.org\/{rel}","templated":true}]}}