{"id":337,"date":"2015-01-20T09:53:17","date_gmt":"2015-01-20T09:53:17","guid":{"rendered":"http:\/\/vettensjournal.de\/klassischer-journalismus\/?p=337"},"modified":"2015-03-24T08:50:13","modified_gmt":"2015-03-24T08:50:13","slug":"schlacht-am-see","status":"publish","type":"post","link":"https:\/\/vettensjournal.de\/klassischer-journalismus\/schlacht-am-see\/","title":{"rendered":"SCHLACHT AM SEE"},"content":{"rendered":"<p><em><strong>berlin, 20. januar 2015<\/strong><\/em><\/p>\n<p><strong>Wildes Wetter zieht auf! Im Westen Berlins formieren die Kontrahenten ihre Truppen. Die Einen werden sich tierische M\u00fche geben, um endlich den Viechern den finalen Fu\u00dftritt zu verpassen. Und die Gegner werden alle zur Sau machen, die den Schlachtensee und die Krumme Lanke zur hundefreien Zone bereinigen wollen. Also, auf ins Gefecht!<\/strong><\/p>\n<p>&nbsp;<\/p>\n<p>&#8220;Hunde verstehen und ,sprechen&#8217; alle Sprachen dieser Welt.&#8221;<\/p>\n<p>Das hat der Schweizer Tierpsychologe und Autor Stefan Wittlin erkannt. Der Mann ist auch f\u00fcr andere Erkenntnisse \u00fcber den gemeinen Haushund (canis lupus familiaris) gut. Zum Beispiel erkl\u00e4rt er: \u201eWenn ein gro\u00dfer Teil der Hundebesitzer doch nur mal endlich begreifen w\u00fcrde, dass sie keinen Trottel Gassi f\u00fchren, sondern ein intelligentes Tier mit Verstand, das eine volle Blase hat \u2013 dann w\u00e4re schon viel gewonnen.\u201c<\/p>\n<p>Oder: &#8220;Der Hund lebt nicht einfach ziellos in den Tag hinein. Er denkt, handelt und schl\u00e4ft.&#8221;<\/p>\n<p>Gro\u00dfes Wort, gelassen ausgesprochen.<\/p>\n<p>Nehmen wir mal &#8220;Sputnik&#8221;: Stadthund, wohnhaft in Sch\u00f6neberg, regelm\u00e4\u00dfig darf er morgens an den Schlachtensee \u2013 da kann er Enten gucken, anderen Kolleginnen und Kollegen am Hintern riechen, die Nase in die Pilze stecken, mit den Beinen bis zum Bauch im Wasser stehen. Da verlustiert er sich eine Stunde oder so; danach h\u00fcpft er ins Auto, graunzt einmal wohlig, ringelt sich auf dem R\u00fccksitz ein und denkt an das, was er gerade so erlebt hat.<\/p>\n<p>Damit ist nun Schluss. Und bei den Menschen bricht die Schlacht am See aus.<\/p>\n<p>Die einen lesen befriedigt:<\/p>\n<p>&#8220;Das Verbot wird ab dem 15. Mai 2015 in Kraft treten. Das Bezirksamt begr\u00fcndet dies mit \u00a72 Hundegesetz, nach dem das Mitf\u00fchren von Hunden an gekennzeichneten \u00f6ffentlichen Badestellen nicht erlaubt sei. Da sowohl Schlachtensee als auch Krumme Lanke in ihrer Gesamtheit als Badegew\u00e4sser ausgewiesen und keine einzelnen Badestellen ausgewiesen seien, sei daher in allen Bereichen mit Badenden zu rechnen. Man sei daher praktisch zum Hundeverbot gezwungen, da das Hundegesetz vorsieht, dass dort, wo sich Badende aufhalten, aus Sicherheitsgr\u00fcnden und hygienischen Bedenken nicht gleichzeitig Hunde mitgef\u00fchrt werden d\u00fcrften.&#8221;<\/p>\n<p>Genau!<\/p>\n<p>Da halten die HundehalterGassi-Geher gleich mal dagegen \u2013 mit Herzschmerz satt:<\/p>\n<p>&#8220;Den Ausgang mit dem Hund\u00a0 am Schlachtensee und der Krummen Lanke auch an der Leine zu verbieten entspricht de facto einem Verbot f\u00fcr den Hundehalter pers\u00f6nlich!<\/p>\n<p>Denn welcher Hundehalter wird zu einem sch\u00f6nen Spaziergang aufbrechen und seinen Hund in der Wohnung zur\u00fccklassen?<\/p>\n<p>Das ist f\u00fcr den Hundehalter gef\u00fchlt so, als w\u00fcrde man Eltern auffordern, ohne ihre Kinder am See spazieren zu gehen!&#8221;<\/p>\n<p>&#8220;Sputnik&#8221; hat in dieser Angelegenheit keine Stimme. Es hilft kein Knurren, es hilft kein Murren, es n\u00fctzt kein Bellen oder Bei\u00dfen \u2013 der Hund muss weg!<\/p>\n<p>F\u00fcr den deftigen \u00c4rger sorgen schon die Menschen. Dieser Tage hat einer ein bisschen Gift am Schlachtensee ausgelegt &#8211; mal sehen, ob man die Tierfreunde nicht noch weiter aus der Reserve locken kann.<\/p>\n<p>Die militanten Hundehalter formieren sich derweil im Internet und bereiten sich auf finale Gefechte mit den Hundegegnern vor.<\/p>\n<p>Das wird noch eine r\u00fcde Rauferei geben im sch\u00f6nen Westen Berlins. In den Forsten werden sie sich jaulend an die Gurgeln gehen, die Paragraphenreiter und die ziemlich besten Freunde des canis familiaris.<\/p>\n<figure id=\"attachment_340\" aria-describedby=\"caption-attachment-340\" style=\"width: 271px\" class=\"wp-caption aligncenter\"><a href=\"http:\/\/vettensjournal.de\/klassischer-journalismus\/wp-content\/uploads\/2015\/01\/DSC_8777.jpg\"><img loading=\"lazy\" decoding=\"async\" class=\"wp-image-340 size-medium\" src=\"http:\/\/vettensjournal.de\/klassischer-journalismus\/wp-content\/uploads\/2015\/01\/DSC_8777-271x300.jpg\" alt=\"DSC_8777\" width=\"271\" height=\"300\" srcset=\"https:\/\/vettensjournal.de\/klassischer-journalismus\/wp-content\/uploads\/2015\/01\/DSC_8777-271x300.jpg 271w, https:\/\/vettensjournal.de\/klassischer-journalismus\/wp-content\/uploads\/2015\/01\/DSC_8777-600x664.jpg 600w, https:\/\/vettensjournal.de\/klassischer-journalismus\/wp-content\/uploads\/2015\/01\/DSC_8777.jpg 885w\" sizes=\"auto, (max-width: 271px) 100vw, 271px\" \/><\/a><figcaption id=\"caption-attachment-340\" class=\"wp-caption-text\">&#8220;Sputnik&#8221;, Philosoph vom Schlachtensee: Ich denke, also bin ich. FOTOS: BARBARA VOLKMER<\/figcaption><\/figure>\n<p>&nbsp;<\/p>\n<p>Er selbst, der gemeine Haushund, wird seine letzten Runden ums Wasser drehen, ein letztes Mal neben den M\u00fcll der Menschen kacken, mit den Kollegen freundliche Schn\u00fcffeleien austauschen \u2013 und sich nach dem See-Gang einringeln und tr\u00e4umen.<\/p>\n<p>Und sich sein Teil denken.<\/p>\n<p>Ja, wird er denken?<\/p>\n<p>Das hat schon den Skeptiker Erich K\u00e4stner besch\u00e4ftigt:<\/p>\n<p style=\"text-align: center\"><em>Der Hund sprach durch die Nase und fuhr fort:<br \/>\nWir k\u00f6nnen sprechen. Doch wir tun es nicht.<br \/>\nUnd wer, au\u00dfer im Traum, mit Menschen spricht,<br \/>\nden fressen wir nach seinem ersten Wort.<\/em><\/p>\n<p style=\"text-align: center\"><em>Ich fragte ihn nat\u00fcrlich nach dem Grund.<\/em><br \/>\n<em> (Ich glaubte nichts, was man mir nicht erkl\u00e4rt.)<\/em><br \/>\n<em> Da sagte mir dann der getr\u00e4umte Hund:<\/em><\/p>\n<p style=\"text-align: center\"><em>Das ist doch klar! Der Mensch ist es nicht wert,<\/em><br \/>\n<em> das man gesellschaftlich mit Ihm verkehrt.<\/em><br \/>\n<em> Er hob sein Bein, sprang flink durch krumme Gassen&#8230;<\/em><br \/>\n<em> Und so was mu\u00df man sich sagen lassen!<\/em><\/p>\n<p>K\u00e4stners Kollege Mark Twain hat sich sehr wohl was vom Kumpel auf vier Beinen beibringen lassen: &#8220;Mein Hund&#8221;, hat er gemeint, &#8220;ist ein echter Gentleman. Ich hoffe, ich komme sp\u00e4ter mal in den Hundehimmel.&#8221;<\/p>\n<p>Hundehimmel: F\u00fcr die Zoffer vom Schlachtensee ist das keine Option.<\/p>\n","protected":false},"excerpt":{"rendered":"<p>berlin, 20. januar 2015 Wildes Wetter zieht auf! Im Westen Berlins formieren die Kontrahenten ihre Truppen. Die Einen werden sich tierische M\u00fche geben, um endlich den Viechern den finalen Fu\u00dftritt zu verpassen. Und die Gegner werden alle zur Sau machen, die den Schlachtensee und die Krumme Lanke zur hundefreien Zone bereinigen wollen. Also, auf ins [&hellip;]<\/p>\n","protected":false},"author":3,"featured_media":338,"comment_status":"closed","ping_status":"closed","sticky":false,"template":"","format":"standard","meta":{"footnotes":""},"categories":[25],"tags":[73,71,70,69,143,72],"class_list":["post-337","post","type-post","status-publish","format-standard","has-post-thumbnail","hentry","category-report","tag-hunde","tag-kastner-erich","tag-krumme-lanke","tag-schlachtensee","tag-sputniks-welt","tag-wittlin-stefan","has-post-title","has-post-date","has-post-category","has-post-tag","has-post-comment","has-post-author",""],"_links":{"self":[{"href":"https:\/\/vettensjournal.de\/klassischer-journalismus\/wp-json\/wp\/v2\/posts\/337","targetHints":{"allow":["GET"]}}],"collection":[{"href":"https:\/\/vettensjournal.de\/klassischer-journalismus\/wp-json\/wp\/v2\/posts"}],"about":[{"href":"https:\/\/vettensjournal.de\/klassischer-journalismus\/wp-json\/wp\/v2\/types\/post"}],"author":[{"embeddable":true,"href":"https:\/\/vettensjournal.de\/klassischer-journalismus\/wp-json\/wp\/v2\/users\/3"}],"replies":[{"embeddable":true,"href":"https:\/\/vettensjournal.de\/klassischer-journalismus\/wp-json\/wp\/v2\/comments?post=337"}],"version-history":[{"count":2,"href":"https:\/\/vettensjournal.de\/klassischer-journalismus\/wp-json\/wp\/v2\/posts\/337\/revisions"}],"predecessor-version":[{"id":346,"href":"https:\/\/vettensjournal.de\/klassischer-journalismus\/wp-json\/wp\/v2\/posts\/337\/revisions\/346"}],"wp:featuredmedia":[{"embeddable":true,"href":"https:\/\/vettensjournal.de\/klassischer-journalismus\/wp-json\/wp\/v2\/media\/338"}],"wp:attachment":[{"href":"https:\/\/vettensjournal.de\/klassischer-journalismus\/wp-json\/wp\/v2\/media?parent=337"}],"wp:term":[{"taxonomy":"category","embeddable":true,"href":"https:\/\/vettensjournal.de\/klassischer-journalismus\/wp-json\/wp\/v2\/categories?post=337"},{"taxonomy":"post_tag","embeddable":true,"href":"https:\/\/vettensjournal.de\/klassischer-journalismus\/wp-json\/wp\/v2\/tags?post=337"}],"curies":[{"name":"wp","href":"https:\/\/api.w.org\/{rel}","templated":true}]}}