{"id":3340,"date":"2017-11-12T15:22:12","date_gmt":"2017-11-12T15:22:12","guid":{"rendered":"http:\/\/vettensjournal.de\/klassischer-journalismus\/?p=3340"},"modified":"2017-11-12T17:23:47","modified_gmt":"2017-11-12T17:23:47","slug":"die-zornige","status":"publish","type":"post","link":"https:\/\/vettensjournal.de\/klassischer-journalismus\/die-zornige\/","title":{"rendered":"DIE ZORNIGE"},"content":{"rendered":"<p><strong><em>\u201e2017\u201d*, Folge 50, 6. November. Aus Martls Zettelkasten\/VI.<\/em><\/strong><\/p>\n<p>&nbsp;<\/p>\n<p><em>Warum hab\u2019 ich nie eine feste Frau gehabt? Bl\u00f6d bin ich nicht, ich bringe die Frauen zum Lachen, im Bett kann ich\u2019s.<\/em><\/p>\n<p><em>War die Evelyn eine Beziehung?<\/em><\/p>\n<p>Musikerin. Wunderbares Weib. Sch\u00f6n wie eine Statue.<\/p>\n<p><em>Es war \u2013 in allem \u2013 eine gute Zeit. Oder? <\/em><\/p>\n<p><em>Wir haben miteinander geschlafen, und es war sch\u00f6n. Sie war eine Wilde, wenn es ihr gekommen ist, hat sie gekratzt. War das eine Leidenschaft?<\/em><\/p>\n<p><em>Oft denke ich aber auch, es war kein guter Tag, als wir uns getroffen haben.<\/em><\/p>\n<p><em>Sie ist ins \u201eMaxim\u201c gekommen und hat sich an den Nebentisch gesetzt. <\/em><\/p>\n<p><em>Ich habe \u00c4rger in der Fabrik gehabt und versucht, mich beim Bier zu beruhigen. <\/em><\/p>\n<p><em>So h\u00e4tte es bleiben k\u00f6nnen.<\/em><\/p>\n<p><em>Aber dann setzte ich mich zu ihr. Sie ist neu im Ort gewesen. War nicht geschminkt und trug einen dicken Anorak, der ihren sch\u00f6nen K\u00f6rper verschandelte. Sie wollte nur eine Kleinigkeit trinken. Sie wollte nur einen bl\u00f6den Abend hinter sich bringen.\u00a0<\/em><\/p>\n<p><em>Ich viel dummes Zeug geredet. Habe sie nach Hause gebracht, die Telefonnummer hat sie mir gegeben. Man hat sich getroffen, man fing ein Verh\u00e4ltnis an. Das war wohl nicht gut f\u00fcr uns Beide.<\/em><\/p>\n<p><em>Wenn sie getrunken hatte, ist sie b\u00f6sartig geworden. \u201eFick mich, wenn Du kannst, schaffst Du eh nicht\u201c, hat sie gesagt \u2013 und bei mir ist alles in sich zusammengefallen. Sie lag auf dem Sofa und konnte die Augen nicht andauernd offen halten, Aber wenn sie mich angesehen hat, war sie voller Hass. Sie hatte wundersch\u00f6ne gr\u00fcngraue Augen, die bei ihren Zornanf\u00e4llen eiskalt grau wurden.<\/em><\/p>\n<p><em>Ich habe nur sie begehrt. Wollte, kannte nur noch sie. Keine Andere, nirgends, niemanden. Nur noch sie, der Hanse sagt, sie ist eine &#8220;Unergr\u00fcndliche, Immerspannende, Abgrundtiefgeliebte&#8221; gewesen. Der Hanse h\u00e4tte sie auch gern gehabt. <\/em><\/p>\n<p><em>Ja: Geliebt habe ich sie, ich glaube schon.<\/em><\/p>\n<p><em>\u201eFick mich, wenn Du kannst\u201c, hat sie gesagt und mich eisgrau angestarrt. <\/em><\/p>\n<p><em>Irgendwann bin ich aufgestanden und gegangen. T\u00fcr zu. Drau\u00dfen hat die Sonne geschienen, vor dem Wirtshaus hat man in der Sonne gesessen. Ich habe ein Bier bestellt und gedacht, jetzt bin ich frei.<\/em><\/p>\n<p><em>So ungl\u00fccklich bin ich nie wieder gewesen.<\/em><\/p>\n<p>&nbsp;<\/p>\n<p><strong><em>*\u201c2017\u201c beginnt in der Kalenderwoche 38 des Jahres 2017 und endet am 31. Dezember. Thema: 105 Tage Deutschland. Unterwegs in der \u201eHeimat\u201c.<\/em><\/strong><\/p>\n<p>&nbsp;<\/p>\n","protected":false},"excerpt":{"rendered":"<p>\u201e2017\u201d*, Folge 50, 6. November. Aus Martls Zettelkasten\/VI. &nbsp; Warum hab\u2019 ich nie eine feste Frau gehabt? Bl\u00f6d bin ich nicht, ich bringe die Frauen zum Lachen, im Bett kann ich\u2019s. War die Evelyn eine Beziehung? Musikerin. Wunderbares Weib. Sch\u00f6n wie eine Statue. Es war \u2013 in allem \u2013 eine gute Zeit. Oder? Wir haben [&hellip;]<\/p>\n","protected":false},"author":3,"featured_media":3344,"comment_status":"closed","ping_status":"closed","sticky":false,"template":"","format":"standard","meta":{"footnotes":""},"categories":[881,4],"tags":[898],"class_list":["post-3340","post","type-post","status-publish","format-standard","has-post-thumbnail","hentry","category-d2017","category-journal","tag-898","has-post-title","has-post-date","has-post-category","has-post-tag","has-post-comment","has-post-author",""],"_links":{"self":[{"href":"https:\/\/vettensjournal.de\/klassischer-journalismus\/wp-json\/wp\/v2\/posts\/3340","targetHints":{"allow":["GET"]}}],"collection":[{"href":"https:\/\/vettensjournal.de\/klassischer-journalismus\/wp-json\/wp\/v2\/posts"}],"about":[{"href":"https:\/\/vettensjournal.de\/klassischer-journalismus\/wp-json\/wp\/v2\/types\/post"}],"author":[{"embeddable":true,"href":"https:\/\/vettensjournal.de\/klassischer-journalismus\/wp-json\/wp\/v2\/users\/3"}],"replies":[{"embeddable":true,"href":"https:\/\/vettensjournal.de\/klassischer-journalismus\/wp-json\/wp\/v2\/comments?post=3340"}],"version-history":[{"count":1,"href":"https:\/\/vettensjournal.de\/klassischer-journalismus\/wp-json\/wp\/v2\/posts\/3340\/revisions"}],"predecessor-version":[{"id":3347,"href":"https:\/\/vettensjournal.de\/klassischer-journalismus\/wp-json\/wp\/v2\/posts\/3340\/revisions\/3347"}],"wp:featuredmedia":[{"embeddable":true,"href":"https:\/\/vettensjournal.de\/klassischer-journalismus\/wp-json\/wp\/v2\/media\/3344"}],"wp:attachment":[{"href":"https:\/\/vettensjournal.de\/klassischer-journalismus\/wp-json\/wp\/v2\/media?parent=3340"}],"wp:term":[{"taxonomy":"category","embeddable":true,"href":"https:\/\/vettensjournal.de\/klassischer-journalismus\/wp-json\/wp\/v2\/categories?post=3340"},{"taxonomy":"post_tag","embeddable":true,"href":"https:\/\/vettensjournal.de\/klassischer-journalismus\/wp-json\/wp\/v2\/tags?post=3340"}],"curies":[{"name":"wp","href":"https:\/\/api.w.org\/{rel}","templated":true}]}}