{"id":3326,"date":"2017-11-12T13:52:54","date_gmt":"2017-11-12T13:52:54","guid":{"rendered":"http:\/\/vettensjournal.de\/klassischer-journalismus\/?p=3326"},"modified":"2017-11-12T13:53:36","modified_gmt":"2017-11-12T13:53:36","slug":"rie-ne-va-plus","status":"publish","type":"post","link":"https:\/\/vettensjournal.de\/klassischer-journalismus\/rie-ne-va-plus\/","title":{"rendered":"RIEN NE VA PLUS"},"content":{"rendered":"<p><strong><em>\u201e2017\u201d*, Folge 45, 1. November. Aus Martls Zettelkasten\/I.<\/em><\/strong><\/p>\n<p><em>\u00a0<\/em><\/p>\n<p><em>Ich lehne an einen Heuschober. Sommer ist und ein gro\u00dfer Durst. Das Gebirge \u00fcberm Tal ist im Dunst. Mein Dorf, ganz verschachtelt, sieht echt schei\u00dfe und armselig aus.<\/em><\/p>\n<p><em>Ich h\u00f6re, dass wer mit der Kreiss\u00e4ge arbeitet. Auf der Bundesstra\u00dfe rauscht der Verkehr. Am Himmel fliegt was- Mailand \u2013 M\u00fcnchen oder so \u2013 da sitzen jetzt die Leute drin und trinken einen Gin.<\/em><\/p>\n<p><em>Das Holz vom Schober ist ganz grau und w\u00e4rmt den R\u00fccken.<\/em><\/p>\n<p><em>Ich kann es brauchen, dass mich was w\u00e4rmt.<\/em><\/p>\n<p><em>Weil innendrin bin ich ganz kalt.<\/em><\/p>\n<p><em>Es ist vorbei.<\/em><\/p>\n<p><em>Die Sonne wird bald zum Feind. Vorhin ist ihr Licht in die Wiesen gekrochen. Da habe ich mich hierher verzupft, mit meinem Bier, und habe dem Dorf beim Aufwachen zugeschaut.<\/em><\/p>\n<p><em>War das eine Nacht! Warum wir beim \u201eMaxim\u201c raus geflogen sind, wei\u00df ich nicht mehr. Da ist sicher etwas vorgefallen, sonst kriegen wir doch kein Lokalverbot.<\/em><\/p>\n<p><em>Wo wohl der Hanse abgeblieben ist?<\/em><\/p>\n<p><em>Wurscht \u2013 der findet schon heim.<\/em><\/p>\n<p><em>Gut, dass ich genug Bier bei der Tanke gekauft habe. Der Notz hat sch\u00f6n bl\u00f6d geglotzt, wie ich rein bin und den Einkaufskorb voll gemacht habe. Ein Bier am fr\u00fchen Morgen, da hat er heute Abend was zu erz\u00e4hlen. Der Martl s\u00e4uft jetzt schon werktags in der Fr\u00fch\u2018, das spricht sich rum. <\/em><\/p>\n<p><em>Auch wurscht. Alles wurscht.<\/em><\/p>\n<p><em>Ich muss weg. Ich hab\u2018 hier nichts mehr zu suchen.<\/em><\/p>\n<p>&nbsp;<\/p>\n<p><strong><em>*\u201c2017\u201c beginnt in der Kalenderwoche 38 des Jahres 2017 und endet am 31. Dezember. Thema: 105 Tage Deutschland. Unterwegs in der \u201eHeimat\u201c.<\/em><\/strong><\/p>\n","protected":false},"excerpt":{"rendered":"<p>\u201e2017\u201d*, Folge 45, 1. November. Aus Martls Zettelkasten\/I. \u00a0 Ich lehne an einen Heuschober. Sommer ist und ein gro\u00dfer Durst. Das Gebirge \u00fcberm Tal ist im Dunst. Mein Dorf, ganz verschachtelt, sieht echt schei\u00dfe und armselig aus. Ich h\u00f6re, dass wer mit der Kreiss\u00e4ge arbeitet. Auf der Bundesstra\u00dfe rauscht der Verkehr. Am Himmel fliegt was- [&hellip;]<\/p>\n","protected":false},"author":3,"featured_media":2755,"comment_status":"closed","ping_status":"closed","sticky":false,"template":"","format":"standard","meta":{"footnotes":""},"categories":[881,4],"tags":[898],"class_list":["post-3326","post","type-post","status-publish","format-standard","has-post-thumbnail","hentry","category-d2017","category-journal","tag-898","has-post-title","has-post-date","has-post-category","has-post-tag","has-post-comment","has-post-author",""],"_links":{"self":[{"href":"https:\/\/vettensjournal.de\/klassischer-journalismus\/wp-json\/wp\/v2\/posts\/3326","targetHints":{"allow":["GET"]}}],"collection":[{"href":"https:\/\/vettensjournal.de\/klassischer-journalismus\/wp-json\/wp\/v2\/posts"}],"about":[{"href":"https:\/\/vettensjournal.de\/klassischer-journalismus\/wp-json\/wp\/v2\/types\/post"}],"author":[{"embeddable":true,"href":"https:\/\/vettensjournal.de\/klassischer-journalismus\/wp-json\/wp\/v2\/users\/3"}],"replies":[{"embeddable":true,"href":"https:\/\/vettensjournal.de\/klassischer-journalismus\/wp-json\/wp\/v2\/comments?post=3326"}],"version-history":[{"count":1,"href":"https:\/\/vettensjournal.de\/klassischer-journalismus\/wp-json\/wp\/v2\/posts\/3326\/revisions"}],"predecessor-version":[{"id":3328,"href":"https:\/\/vettensjournal.de\/klassischer-journalismus\/wp-json\/wp\/v2\/posts\/3326\/revisions\/3328"}],"wp:featuredmedia":[{"embeddable":true,"href":"https:\/\/vettensjournal.de\/klassischer-journalismus\/wp-json\/wp\/v2\/media\/2755"}],"wp:attachment":[{"href":"https:\/\/vettensjournal.de\/klassischer-journalismus\/wp-json\/wp\/v2\/media?parent=3326"}],"wp:term":[{"taxonomy":"category","embeddable":true,"href":"https:\/\/vettensjournal.de\/klassischer-journalismus\/wp-json\/wp\/v2\/categories?post=3326"},{"taxonomy":"post_tag","embeddable":true,"href":"https:\/\/vettensjournal.de\/klassischer-journalismus\/wp-json\/wp\/v2\/tags?post=3326"}],"curies":[{"name":"wp","href":"https:\/\/api.w.org\/{rel}","templated":true}]}}