{"id":3265,"date":"2017-11-06T19:41:18","date_gmt":"2017-11-06T19:41:18","guid":{"rendered":"http:\/\/vettensjournal.de\/klassischer-journalismus\/?p=3265"},"modified":"2017-11-06T19:41:18","modified_gmt":"2017-11-06T19:41:18","slug":"alles-neu","status":"publish","type":"post","link":"https:\/\/vettensjournal.de\/klassischer-journalismus\/alles-neu\/","title":{"rendered":"ALLES NEU"},"content":{"rendered":"<p><span style=\"margin: 0px; color: black; font-family: 'Times New Roman','serif'; font-size: 18pt;\">\u00a0<\/span><\/p>\n<p><b><i><span style=\"margin: 0px; color: black; line-height: 115%; font-family: 'Times New Roman','serif'; font-size: 18pt;\">\u201e2017\u201d*, Folge 37, 24. Oktober. Goldener Oktober<\/span><\/i><\/b><\/p>\n<p><b><i><span style=\"margin: 0px; color: black; line-height: 115%; font-family: 'Times New Roman','serif'; font-size: 18pt;\">\u00a0<\/span><\/i><\/b><\/p>\n<p><span style=\"margin: 0px; color: black; font-family: 'Times New Roman','serif'; font-size: 18pt;\">Kuchelberg hei\u00dft der erste Gipfel. <\/span><\/p>\n<p><span style=\"margin: 0px; color: black; font-family: 'Times New Roman','serif'; font-size: 18pt;\">\u00a0<\/span><\/p>\n<p><span style=\"margin: 0px; color: black; font-family: 'Times New Roman','serif'; font-size: 18pt;\">Hans Krohn beginnt, Spa\u00df am Gehen zu bekommen. Stunden hat es gedauert. Er ist durchs Tal von Oberammergau nach Graswang gelatscht, da war es noch dunkel, der Magen stie\u00df sauer auf. Nach der Ortschaft bog Krohn nach links ab und folgte einem trockenen Bachbett. Der Tag graute, doch es wurde nicht so recht hell \u2013 in den Bergen lagen Nebelb\u00e4nke. Krohn wanderte an die H\u00e4nge heran, er arbeitete sich in den ersten Serpentinen nach oben. M\u00fchsam war jeder Schritt, Hans schwitzte und f\u00fchlte sich kalthei\u00df.<\/span><\/p>\n<p><span style=\"margin: 0px; color: black; font-family: 'Times New Roman','serif'; font-size: 18pt;\">Sau-Sauferei!<\/span><\/p>\n<p><span style=\"margin: 0px; color: black; font-family: 'Times New Roman','serif'; font-size: 18pt;\">Nach drei Stunden war er im Nebel. Er sah nicht viel von dem schmalen Steig, die Steine und Wurzeln waren glitschig. Krohn machte keine Pause, a\u00df einen Apfel, ohne stehen zu bleiben. <\/span><\/p>\n<p><span style=\"margin: 0px; color: black; font-family: 'Times New Roman','serif'; font-size: 18pt;\">Es wurde heller. Es wurde licht. <\/span><\/p>\n<p><span style=\"margin: 0px; color: black; font-family: 'Times New Roman','serif'; font-size: 18pt;\">Dann war der Nebel unter ihm. <\/span><\/p>\n<p><span style=\"margin: 0px; color: black; font-family: 'Times New Roman','serif'; font-size: 18pt;\">Schnaufend hielt Krohn inne. Er sah sich um. Unter ihm die Wolkenwatte, ein runder weicher grauer Teppich. \u00dcber ihm die steilen H\u00e4nge hinauf zum Gipfel, die Serpentinen, die sich durch Latschen wanden und oben die felsigen Matten durchschnitten. Gegen\u00fcber die n\u00f6rdliche Kette der Ammergauer mit P\u00fcrschling und Brunnenkopf und Klammspitze. <\/span><\/p>\n<p><span style=\"margin: 0px; color: black; font-family: 'Times New Roman','serif'; font-size: 18pt;\">Dorthin wollte er noch. Hans Krohn zog das verschwitzte Shirt aus, schl\u00fcpfte in ein trockenes Hemd. Den Anorak steckte er in den Rucksack, er w\u00fcrde ihn nicht brauchen.<\/span><\/p>\n<p><span style=\"margin: 0px; color: black; font-family: 'Times New Roman','serif'; font-size: 18pt;\">\u00a0<\/span><\/p>\n<p><span style=\"margin: 0px; color: black; font-family: 'Times New Roman','serif'; font-size: 18pt;\">Nun ist er auf dem Kuchelberg. Gro\u00dfe Freude. Krohn hat eine breite Brust. Er setzt sich ans Kreuz und hat viel Zeit zum Essen und Trinken. Es ist warm und hell, die Haut kribbelt vor Wohlsein. Brot und K\u00e4se, Wasser. Zum Abschluss Schokolade. Man m\u00f6chte den Kopf in die Sonne halten und gar nicht weiter gehen.<\/span><\/p>\n<p><span style=\"margin: 0px; color: black; font-family: 'Times New Roman','serif'; font-size: 18pt;\">Seufzend rappelt er sich hoch. Er setzt nun auf dem Grat die Schritte bedacht und fest, er ist mit seinen Bewegungen im Reinen. Nach Stunden verl\u00e4sst er die Felsen und wandert ins Tal. An der Stra\u00dfe entlang zur\u00fcck nach Linderhof. In der Dunkelheit schn\u00fcrt Hans Krohn \u2013 ein anderer Krohn als der der letzten Tage, ein Hans Krohn, ganz nach seinem Geschmack \u2013 durch den Schlosspark. Auf der gro\u00dfen Wiese stehen in der Dusternis Hirsche.<\/span><\/p>\n<p><span style=\"margin: 0px; color: black; font-family: 'Times New Roman','serif'; font-size: 18pt;\">Krohn geht in den n\u00e4chsten Wald. \u00dcber die Forststra\u00dfe erreicht er einen Unterstand. Wie lang war er jetzt unterwegs? 13 Stunden? 14? <\/span><\/p>\n<p><span style=\"margin: 0px; color: black; font-family: 'Times New Roman','serif'; font-size: 18pt;\">Egal. Er riecht nach Arbeit und ist dreckig bis unter die Haut. In der N\u00e4he kommt Wasser vom Berg, Krohn w\u00e4scht sich ein wenig, rubbelt sich ab, zieht die letzte trockene Garnitur an. Er legt den Schlafsack (eben erst in M\u00fcnchen gekauft) zurecht, schmei\u00dft den Kocher (auch neu) an. \u00d6ffnet die Raviolidose. <\/span><\/p>\n<p><span style=\"margin: 0px; color: black; font-family: 'Times New Roman','serif'; font-size: 18pt;\">Hans Krohn isst. Es schmeckt sch\u00f6n und macht ihn jung. Er denkt an die Klettertouren von fr\u00fcher, an die Kumpels und die M\u00e4dchen, die sportlich und willig waren.<\/span><\/p>\n<p><span style=\"margin: 0px; color: black; font-family: 'Times New Roman','serif'; font-size: 18pt;\">Er sucht im Transistorradio einen Sender mit klassischer Musik. Beethoven, sp\u00e4te Klaviermusik. Irre T\u00f6ne in einer irren schwarzen Nacht.<\/span><\/p>\n<p><span style=\"margin: 0px; color: black; font-family: 'Times New Roman','serif'; font-size: 18pt;\">Irgendwann schl\u00fcpft er in den Schlafsack, hat ein paar Minuten Furcht vor der Dunkelheit und den Ger\u00e4uschen, an die er nicht mehr gewohnt ist.<\/span><\/p>\n<p><span style=\"margin: 0px; color: black; font-family: 'Times New Roman','serif'; font-size: 18pt;\">Dann schl\u00e4ft er ein.<\/span><\/p>\n<p><span style=\"margin: 0px; color: black; font-family: 'Times New Roman','serif'; font-size: 18pt;\">Sein neues Leben hat begonnen.<b><i><\/i><\/b><\/span><\/p>\n<p><b><i><span style=\"margin: 0px; color: black; line-height: 115%; font-family: 'Times New Roman','serif'; font-size: 18pt;\">\u00a0<\/span><\/i><\/b><\/p>\n<p><b><i>*\u201c2017\u201c beginnt in der Kalenderwoche 38 des Jahres 2017 und endet am 31. Dezember. Thema: 105 Tage Deutschland. Unterwegs in der \u201eHeimat\u201c.<\/i><\/b><\/p>\n<p><b><i><span style=\"margin: 0px; color: black; line-height: 115%; font-family: 'Times New Roman','serif'; font-size: 18pt;\">\u00a0<\/span><\/i><\/b><\/p>\n","protected":false},"excerpt":{"rendered":"<p>\u00a0 \u201e2017\u201d*, Folge 37, 24. Oktober. Goldener Oktober \u00a0 Kuchelberg hei\u00dft der erste Gipfel. \u00a0 Hans Krohn beginnt, Spa\u00df am Gehen zu bekommen. Stunden hat es gedauert. Er ist durchs Tal von Oberammergau nach Graswang gelatscht, da war es noch dunkel, der Magen stie\u00df sauer auf. Nach der Ortschaft bog Krohn nach links ab und [&hellip;]<\/p>\n","protected":false},"author":3,"featured_media":1652,"comment_status":"closed","ping_status":"closed","sticky":false,"template":"","format":"standard","meta":{"footnotes":""},"categories":[881,4],"tags":[898],"class_list":["post-3265","post","type-post","status-publish","format-standard","has-post-thumbnail","hentry","category-d2017","category-journal","tag-898","has-post-title","has-post-date","has-post-category","has-post-tag","has-post-comment","has-post-author",""],"_links":{"self":[{"href":"https:\/\/vettensjournal.de\/klassischer-journalismus\/wp-json\/wp\/v2\/posts\/3265","targetHints":{"allow":["GET"]}}],"collection":[{"href":"https:\/\/vettensjournal.de\/klassischer-journalismus\/wp-json\/wp\/v2\/posts"}],"about":[{"href":"https:\/\/vettensjournal.de\/klassischer-journalismus\/wp-json\/wp\/v2\/types\/post"}],"author":[{"embeddable":true,"href":"https:\/\/vettensjournal.de\/klassischer-journalismus\/wp-json\/wp\/v2\/users\/3"}],"replies":[{"embeddable":true,"href":"https:\/\/vettensjournal.de\/klassischer-journalismus\/wp-json\/wp\/v2\/comments?post=3265"}],"version-history":[{"count":1,"href":"https:\/\/vettensjournal.de\/klassischer-journalismus\/wp-json\/wp\/v2\/posts\/3265\/revisions"}],"predecessor-version":[{"id":3266,"href":"https:\/\/vettensjournal.de\/klassischer-journalismus\/wp-json\/wp\/v2\/posts\/3265\/revisions\/3266"}],"wp:featuredmedia":[{"embeddable":true,"href":"https:\/\/vettensjournal.de\/klassischer-journalismus\/wp-json\/wp\/v2\/media\/1652"}],"wp:attachment":[{"href":"https:\/\/vettensjournal.de\/klassischer-journalismus\/wp-json\/wp\/v2\/media?parent=3265"}],"wp:term":[{"taxonomy":"category","embeddable":true,"href":"https:\/\/vettensjournal.de\/klassischer-journalismus\/wp-json\/wp\/v2\/categories?post=3265"},{"taxonomy":"post_tag","embeddable":true,"href":"https:\/\/vettensjournal.de\/klassischer-journalismus\/wp-json\/wp\/v2\/tags?post=3265"}],"curies":[{"name":"wp","href":"https:\/\/api.w.org\/{rel}","templated":true}]}}