{"id":3263,"date":"2017-11-05T20:10:07","date_gmt":"2017-11-05T20:10:07","guid":{"rendered":"http:\/\/vettensjournal.de\/klassischer-journalismus\/?p=3263"},"modified":"2017-11-05T20:10:07","modified_gmt":"2017-11-05T20:10:07","slug":"hans-im-gluck","status":"publish","type":"post","link":"https:\/\/vettensjournal.de\/klassischer-journalismus\/hans-im-gluck\/","title":{"rendered":"HANS IM GL\u00dcCK"},"content":{"rendered":"<p><b><i><span style=\"margin: 0px; color: black; line-height: 115%; font-family: 'Times New Roman','serif'; font-size: 18pt;\">\u201e2017\u201d*, Folge 36, 23. Oktober. Das schlechte Wetter hat ein Ende.<\/span><\/i><\/b><\/p>\n<p><span style=\"margin: 0px; color: black; font-family: 'Times New Roman','serif'; font-size: 18pt;\">\u00a0<\/span><\/p>\n<p><span style=\"margin: 0px; color: black; font-family: 'Times New Roman','serif'; font-size: 18pt;\">Im \u201eWolf\u201c ist die K\u00fcche noch ge\u00f6ffnet. Krohn zieht den Anorak \u2013 ganz neu, am Nachmittag beim \u201eSport Schuster\u201c gekauft, richtig teuer, aber man g\u00f6nnt sich ja sonst nix &#8211; aus und legt ihn sorgf\u00e4ltig auf die Bank neben sich. Den Rucksack lehnt er an die Wand, nachdem er sein Notizbuch und einen Stift aus der Seitentasche gefingert hat. Er studiert die Speisekarte, ja, er hat m\u00e4chtig Hunger, bestellt K\u00e4sspatzn und ein Wei\u00dfbier \u2013 es ist schon wieder zuviel Alkohol \u00a0an diesem Tag, das muss sich \u00e4ndern \u2013 und guckt in die Wirtsstube.<\/span><\/p>\n<p><span style=\"margin: 0px; color: black; font-family: 'Times New Roman','serif'; font-size: 18pt;\">Zwei Tische weiter sitzen die Hunde-Verr\u00fcckten. Die kommen hierher, weil sie lernen wollen, wie sie ihren K\u00f6tern das Parieren beibringen. Krohn grinst b\u00f6se. Das kriegen diese Typen nie auf die Reihe. Die haben ja nicht mal sich selbst im Griff: die Vettel mit den roten Haaren. Der Toupet-Mann mit dem Holzf\u00e4llerhemd. Der Macho-Darsteller mit Moustache und Pfeife, die er zwar nicht rauchen darf, aber demonstrativ auf den Tisch legt. Um das Trio herum lagern die Hunde. Etwas Mops-Artiges, kniehoch, das geh\u00f6rt zu Dame. Der Mann mit Toupet hat sich einen Dalmatiner angeschafft, der Pfeifen-Heini einen Rauhhaardackel. Die Herrschaften erz\u00e4hlen sich, was ihre \u201eLieblinge\u201c schon k\u00f6nnen und was noch auf dem Programm steht. Sie habe geh\u00f6rt, sagt die dicke Dame, dass der Hundecoach mit seinen Tieren die Europameisterschaft im Dogdance gewonnen hat, au\u00dferdem sei er wahnsinnig nett und verst\u00e4ndnisvoll, deswegen sei das ein gut angelegtes Geld hier im \u201eWolf\u201c.<\/span><\/p>\n<p><span style=\"margin: 0px; color: black; font-family: 'Times New Roman','serif'; font-size: 18pt;\">Hans Krohn ist nicht mehr interessiert, er h\u00f6rt weg. Das Essen wird gebracht, ein zweites Bier auch. Es schmeckt \u2013 naja, was kann man an K\u00e4sspatzn schon vermurksen? -, Krohn f\u00fchlt sich schnell sauwohl und dehnt sich, nachdem die Bedienung abserviert hat.<\/span><\/p>\n<p><span style=\"margin: 0px; color: black; font-family: 'Times New Roman','serif'; font-size: 18pt;\">Eigentlich sollte er sich nun anziehen und raus. Geplant ist ein Nachtmarsch durch die Ammergauer Alpen. <\/span><\/p>\n<p><span style=\"margin: 0px; color: black; font-family: 'Times New Roman','serif'; font-size: 18pt;\">Aber Krohn hat keine Lust. Es ist gem\u00fctlich in der Stube, er m\u00f6chte weiter trinken, er mag heute nicht mehr vor die T\u00fcr.<\/span><\/p>\n<p><span style=\"margin: 0px; color: black; font-family: 'Times New Roman','serif'; font-size: 18pt;\">Ob man noch ein Zimmer f\u00fcr habe, fragt er.<\/span><\/p>\n<p><span style=\"margin: 0px; color: black; font-family: 'Times New Roman','serif'; font-size: 18pt;\">Freilich gibt es noch etwas.<\/span><\/p>\n<p><span style=\"margin: 0px; color: black; font-family: 'Times New Roman','serif'; font-size: 18pt;\">\u201eDann nehm\u2018 ich gern noch ein Weizen. Und einen Schnaps. Was habt\u2019s denn, habt\u2019s an Obstler?\u201c<\/span><\/p>\n<p><span style=\"margin: 0px; color: black; font-family: 'Times New Roman','serif'; font-size: 18pt;\">Freilich haben sie einen Obstler.<\/span><\/p>\n<p><span style=\"margin: 0px; color: black; font-family: 'Times New Roman','serif'; font-size: 18pt;\">So ist dieser Abend auch gerettet. Krohn l\u00e4chelt. Er ist ein Gl\u00fcckskind. Ja, so kann man das sagen. Normalerweise s\u00e4\u00dfe er jetzt im Zug nach Berlin und h\u00e4tte es vermasselt. Nun aber steht ihm alles offen. Wieder eine Chance in seinem Leben, so eine unverhoffte Chance.<\/span><\/p>\n<p><span style=\"margin: 0px; color: black; font-family: 'Times New Roman','serif'; font-size: 18pt;\">Gottseidank ist er gestern ramponiert zum Termin erschienen.<\/span><\/p>\n<p><span style=\"margin: 0px; color: black; font-family: 'Times New Roman','serif'; font-size: 18pt;\">\u00a0<\/span><\/p>\n<p><i><span style=\"margin: 0px; color: black; font-family: 'Times New Roman','serif'; font-size: 18pt;\">Der Verleger war ein trauriger Trinker. Er und Krohn erkannten einander beim H\u00e4ndesch\u00fctteln. Sie sahen sich an und erkannten den resignierten S\u00e4ufer, der sich wehrt.<\/span><\/i><\/p>\n<p><i><span style=\"margin: 0px; color: black; font-family: 'Times New Roman','serif'; font-size: 18pt;\">Der Verleger trank schon am Vormittag Whisky. Ob er auch einen wolle, fragte er seinen Besucher, die Assistentin des Verlegers zog die Brauen hoch.<\/span><\/i><\/p>\n<p><i><span style=\"margin: 0px; color: black; font-family: 'Times New Roman','serif'; font-size: 18pt;\">Krohn wollte dankend ablehnen.<\/span><\/i><\/p>\n<p><i><span style=\"margin: 0px; color: black; font-family: 'Times New Roman','serif'; font-size: 18pt;\">\u201eGerne. Aber Whisky?\u201c<\/span><\/i><\/p>\n<p><i><span style=\"margin: 0px; color: black; font-family: 'Times New Roman','serif'; font-size: 18pt;\">\u201eZu stark?\u201c<\/span><\/i><\/p>\n<p><i><span style=\"margin: 0px; color: black; font-family: 'Times New Roman','serif'; font-size: 18pt;\">Nein, sagte Krohn. Aber er habe mit Bier aufgeh\u00f6rt.<\/span><\/i><\/p>\n<p><i><span style=\"margin: 0px; color: black; font-family: 'Times New Roman','serif'; font-size: 18pt;\">\u201eGuter Mann \u2013 man muss mit dem weiter machen, was man zuletzt getrunken hat. Sagen Sie, junger Freund, wollen wir uns nicht die Beine vertreten und dann auf Bairisch fr\u00fchst\u00fccken. Ich kenne da was.\u201c<\/span><\/i><\/p>\n<p><i><span style=\"margin: 0px; color: black; font-family: 'Times New Roman','serif'; font-size: 18pt;\">Das h\u00f6re sich gut an.<\/span><\/i><\/p>\n<p><i><span style=\"margin: 0px; color: black; font-family: 'Times New Roman','serif'; font-size: 18pt;\">Sie begannen den Gesch\u00e4ftstermin im \u201eWei\u00dfen Br\u00e4uhaus\u201c. Kutteln mit Kn\u00f6deln und Aventinus. Danach zogen sie weiter in Kneipen rund um den Viktualienmarkt. Bier, sp\u00e4ter Wodka.<\/span><\/i><\/p>\n<p><i><span style=\"margin: 0px; color: black; font-family: 'Times New Roman','serif'; font-size: 18pt;\">Sie gingen sehr f\u00f6rmlich miteinander um. Besprachen Krohns Foto-Projekt. Der Verleger begeisterte sich, lie\u00df sich auf dem Handy Arbeiten seines \u201ejungen Freundes\u201c zeigen.<\/span><\/i><\/p>\n<p><i><span style=\"margin: 0px; color: black; font-family: 'Times New Roman','serif'; font-size: 18pt;\">Toll.<\/span><\/i><\/p>\n<p><i><span style=\"margin: 0px; color: black; font-family: 'Times New Roman','serif'; font-size: 18pt;\">Toll. Toll!<\/span><\/i><\/p>\n<p><i><span style=\"margin: 0px; color: black; font-family: 'Times New Roman','serif'; font-size: 18pt;\">Krohn wusste, ehrlich gesagt, nicht mehr so recht, wie er es ins Hotel geschafft hatte.<\/span><\/i><\/p>\n<p><i><span style=\"margin: 0px; color: black; font-family: 'Times New Roman','serif'; font-size: 18pt;\">Er wachte am anderen Morgen auf, und die Welt drehte sich. Er dachte, er h\u00e4tte es m\u00e4chtig verkackt und malte sich aus, wie er an einem Seil hing.<\/span><\/i><\/p>\n<p><i><span style=\"margin: 0px; color: black; font-family: 'Times New Roman','serif'; font-size: 18pt;\">Das Telefon klingelte. Die Assistentin des Verlegers wollte wissen, wohin sie den Vertrag schicken sollte. <\/span><\/i><\/p>\n<p><i><span style=\"margin: 0px; color: black; font-family: 'Times New Roman','serif'; font-size: 18pt;\">\u00c4hh, wie bitte?<\/span><\/i><\/p>\n<p><i><span style=\"margin: 0px; color: black; font-family: 'Times New Roman','serif'; font-size: 18pt;\">Nun, sie habe den Vertrag schon aufgesetzt. Vielleicht solle sie ihm den Text noch einmal aufs Handy schicken.<\/span><\/i><\/p>\n<p><i><span style=\"margin: 0px; color: black; font-family: 'Times New Roman','serif'; font-size: 18pt;\">Gerne.<\/span><\/i><\/p>\n<p><i><span style=\"margin: 0px; color: black; font-family: 'Times New Roman','serif'; font-size: 18pt;\">Zwei Minuten sp\u00e4ter las Hans Krohn, dass er sich um die n\u00e4chsten Monate keine Sorgen machen m\u00fcsse.<\/span><\/i><\/p>\n<p><span style=\"margin: 0px; color: black; font-family: 'Times New Roman','serif'; font-size: 18pt;\">\u00a0<\/span><\/p>\n<p><span style=\"margin: 0px; color: black; font-family: 'Times New Roman','serif'; font-size: 18pt;\">Was f\u00fcr ein Hans im Gl\u00fcck ich doch bin, denkt er und sieht freundlich zu den Hundefreunden. Die l\u00e4cheln zur\u00fcck. Ob er sich nicht zu ihnen setzen wolle?<\/span><\/p>\n<p><span style=\"margin: 0px; color: black; font-family: 'Times New Roman','serif'; font-size: 18pt;\">Klar.<\/span><\/p>\n<p><span style=\"margin: 0px; color: black; font-family: 'Times New Roman','serif'; font-size: 18pt;\">Und schon macht man es sich sch\u00f6n.<\/span><\/p>\n<p><span style=\"margin: 0px; color: black; font-family: 'Times New Roman','serif'; font-size: 18pt;\">Sogar die K\u00f6ter kann man sich an solchen Tagen nett saufen.<\/span><\/p>\n<p><span style=\"margin: 0px; color: black; font-family: 'Times New Roman','serif'; font-size: 18pt;\">\u00a0<\/span><\/p>\n<p><b><i>*\u201c2017\u201c beginnt in der Kalenderwoche 38 des Jahres 2017 und endet am 31. Dezember. Thema: 105 Tage Deutschland. Unterwegs in der \u201eHeimat\u201c.<\/i><\/b><\/p>\n","protected":false},"excerpt":{"rendered":"<p>\u201e2017\u201d*, Folge 36, 23. Oktober. Das schlechte Wetter hat ein Ende. \u00a0 Im \u201eWolf\u201c ist die K\u00fcche noch ge\u00f6ffnet. Krohn zieht den Anorak \u2013 ganz neu, am Nachmittag beim \u201eSport Schuster\u201c gekauft, richtig teuer, aber man g\u00f6nnt sich ja sonst nix &#8211; aus und legt ihn sorgf\u00e4ltig auf die Bank neben sich. Den Rucksack lehnt [&hellip;]<\/p>\n","protected":false},"author":3,"featured_media":888,"comment_status":"closed","ping_status":"closed","sticky":false,"template":"","format":"standard","meta":{"footnotes":""},"categories":[881,4],"tags":[898],"class_list":["post-3263","post","type-post","status-publish","format-standard","has-post-thumbnail","hentry","category-d2017","category-journal","tag-898","has-post-title","has-post-date","has-post-category","has-post-tag","has-post-comment","has-post-author",""],"_links":{"self":[{"href":"https:\/\/vettensjournal.de\/klassischer-journalismus\/wp-json\/wp\/v2\/posts\/3263","targetHints":{"allow":["GET"]}}],"collection":[{"href":"https:\/\/vettensjournal.de\/klassischer-journalismus\/wp-json\/wp\/v2\/posts"}],"about":[{"href":"https:\/\/vettensjournal.de\/klassischer-journalismus\/wp-json\/wp\/v2\/types\/post"}],"author":[{"embeddable":true,"href":"https:\/\/vettensjournal.de\/klassischer-journalismus\/wp-json\/wp\/v2\/users\/3"}],"replies":[{"embeddable":true,"href":"https:\/\/vettensjournal.de\/klassischer-journalismus\/wp-json\/wp\/v2\/comments?post=3263"}],"version-history":[{"count":1,"href":"https:\/\/vettensjournal.de\/klassischer-journalismus\/wp-json\/wp\/v2\/posts\/3263\/revisions"}],"predecessor-version":[{"id":3264,"href":"https:\/\/vettensjournal.de\/klassischer-journalismus\/wp-json\/wp\/v2\/posts\/3263\/revisions\/3264"}],"wp:featuredmedia":[{"embeddable":true,"href":"https:\/\/vettensjournal.de\/klassischer-journalismus\/wp-json\/wp\/v2\/media\/888"}],"wp:attachment":[{"href":"https:\/\/vettensjournal.de\/klassischer-journalismus\/wp-json\/wp\/v2\/media?parent=3263"}],"wp:term":[{"taxonomy":"category","embeddable":true,"href":"https:\/\/vettensjournal.de\/klassischer-journalismus\/wp-json\/wp\/v2\/categories?post=3263"},{"taxonomy":"post_tag","embeddable":true,"href":"https:\/\/vettensjournal.de\/klassischer-journalismus\/wp-json\/wp\/v2\/tags?post=3263"}],"curies":[{"name":"wp","href":"https:\/\/api.w.org\/{rel}","templated":true}]}}