{"id":3258,"date":"2017-11-03T18:49:14","date_gmt":"2017-11-03T18:49:14","guid":{"rendered":"http:\/\/vettensjournal.de\/klassischer-journalismus\/?p=3258"},"modified":"2017-11-03T18:49:14","modified_gmt":"2017-11-03T18:49:14","slug":"letzter-gang","status":"publish","type":"post","link":"https:\/\/vettensjournal.de\/klassischer-journalismus\/letzter-gang\/","title":{"rendered":"LETZTER GANG"},"content":{"rendered":"<p><b><i><span style=\"margin: 0px; color: black; line-height: 115%; font-family: 'Times New Roman','serif'; font-size: 18pt;\">\u201e2017\u201d*, Folge 34, 21. Oktober. Ein echt sch\u00f6ner Tag f\u00fcr letzte G\u00e4nge.<\/span><\/i><\/b><\/p>\n<p><span style=\"margin: 0px; font-family: 'Times New Roman','serif'; font-size: 18pt;\"><span style=\"color: #000000;\">\u00a0<\/span><\/span><\/p>\n<p><span style=\"margin: 0px; font-family: 'Times New Roman','serif'; font-size: 18pt;\"><span style=\"color: #000000;\">Horst ist gerade von der Beerdigung gekommen, er hat das f\u00fcr die gesamte Belegschaft \u00fcbernommen. Sogar Anzug tr\u00e4gt er, Mann, das sieht echt schnieke aus. Ist ein feiner Zug vom Horst, sich so in Schale geworfen zu haben.<\/span><\/span><\/p>\n<p><span style=\"margin: 0px; font-family: 'Times New Roman','serif'; font-size: 18pt;\"><span style=\"color: #000000;\">Nun h\u00e4ngt er in Eddys Stammkneipe das Sakko an einen Haken und macht es sich in Eddys Lieblingssessel bequem.<\/span><\/span><\/p>\n<p><span style=\"margin: 0px; font-family: 'Times New Roman','serif'; font-size: 18pt;\"><span style=\"color: #000000;\">Horst darf das, er war schlie\u00dflich aufm Friedhof. <\/span><\/span><\/p>\n<p><span style=\"margin: 0px; font-family: 'Times New Roman','serif'; font-size: 18pt;\"><span style=\"color: #000000;\">Sonst keine Sau. Klar, die Enkelin stand beim Pfarrer, die Typen f\u00fcrs Sarg-Runterlassen haben in die Luft gekuckt. Aber die Tochter war nicht da \u2013 und auch sonst niemand. Der Pfarrer hat die Rede schnell absolviert, die war echt Copy und Paste, sowas von lieblos. Die Mucke kam aus einer kratzenden Anlage und passte zum Eddy wie Arsch auf Eimer \u2013 ZZ Top und Elvis. Dann haben sie den Sarg runter gelassen, hat ein bisschen gerumpelt. Der Pope hat der Enkelin gratuliert, der Horst ist auch bei ihr vorbei getigert, sie hat ganz verheulte Augen gehabt, wenigstens Eine, die um den guten alten Eddy getrauert hat.<\/span><\/span><\/p>\n<p><span style=\"margin: 0px; font-family: 'Times New Roman','serif'; font-size: 18pt;\"><span style=\"color: #000000;\">Dann war das Event vorbei.<\/span><\/span><\/p>\n<p><span style=\"margin: 0px; font-family: 'Times New Roman','serif'; font-size: 18pt;\"><span style=\"color: #000000;\">\u201eMann hab\u2018 ich einen Durst\u201c, sagt Horst. Ihm werden ein Klarer, f\u00fcr die Aufregung, und ein gro\u00dfes Bier, f\u00fcr den Durst gebracht.<\/span><\/span><\/p>\n<p><span style=\"margin: 0px; font-family: 'Times New Roman','serif'; font-size: 18pt;\"><span style=\"color: #000000;\">Er zeigt, was er als S\u00e4ufer drauf hat. Ex und hopp.<\/span><\/span><\/p>\n<p><span style=\"margin: 0px; font-family: 'Times New Roman','serif'; font-size: 18pt;\"><span style=\"color: #000000;\">Immer noch Durst. Die Anderen haben auch einen ganz trockenen Hals.<\/span><\/span><\/p>\n<p><span style=\"margin: 0px; font-family: 'Times New Roman','serif'; font-size: 18pt;\"><span style=\"color: #000000;\">Eddys Stammkneipe in der Hauptstra\u00dfe in Sch\u00f6neberg \u2013 da, wo David Bowie auch mal residiert hat \u2013 ist f\u00fcr einen Werktag rappelvoll.<\/span><\/span><\/p>\n<p><span style=\"margin: 0px; font-family: 'Times New Roman','serif'; font-size: 18pt;\"><span style=\"color: #000000;\">Man erweist dem Verstorbenen die Ehre.<\/span><\/span><\/p>\n<p><span style=\"margin: 0px; font-family: 'Times New Roman','serif'; font-size: 18pt;\"><span style=\"color: #000000;\">Die Schnapsdrosseln kichern, wenn Geschichten aus den Schweren\u00f6ter-Zeiten vorgetragen werden. Die Kerle wiehern, weil er so stramme R\u00e4usche nach Hause getragen hat. Und weil er so ein komischer Kauz gewesen ist, der im B\u00fcro seine Heimat hatte.<\/span><\/span><\/p>\n<p><span style=\"margin: 0px; font-family: 'Times New Roman','serif'; font-size: 18pt;\"><span style=\"color: #000000;\">Alle diskutieren wieder und wieder den Sinn und den Unsinn des Selbstmords.<\/span><\/span><\/p>\n<p><span style=\"margin: 0px; font-family: 'Times New Roman','serif'; font-size: 18pt;\"><span style=\"color: #000000;\">\u201eKann ick verstehn. Der hat doch nischt mehr jehabt vom Leben.\u201c<\/span><\/span><\/p>\n<p><span style=\"margin: 0px; font-family: 'Times New Roman','serif'; font-size: 18pt;\"><span style=\"color: #000000;\">\u201eAber aufh\u00e4ngen? Das geht doch gar nicht. Da h\u00e4ngste dann mit\u2019m Steifen vonner Decke, und se finden Dir erst, wennde stinken tust.\u201c<\/span><\/span><\/p>\n<p><span style=\"margin: 0px; font-family: 'Times New Roman','serif'; font-size: 18pt;\"><span style=\"color: #000000;\">\u201eAch, das stimmt doch nicht dem Steifen. Is blo\u00df Legende.\u201c<\/span><\/span><\/p>\n<p><span style=\"margin: 0px; font-family: 'Times New Roman','serif'; font-size: 18pt;\"><span style=\"color: #000000;\">\u201eKlar stimmtet. Kannste \u00fcberall lesen. Wenn die Nazis welche aufgeh\u00e4ngt haben, dann war\u2019t immer so.\u201c<\/span><\/span><\/p>\n<p><span style=\"margin: 0px; font-family: 'Times New Roman','serif'; font-size: 18pt;\"><span style=\"color: #000000;\">\u201eDas h\u00e4tte der Eddy auch so sagen k\u00f6nnen. Das mit den Nazis. Der Eddy hat echt Ahnung von sone Sachen gehabt.\u201c<\/span><\/span><\/p>\n<p><span style=\"margin: 0px; font-family: 'Times New Roman','serif'; font-size: 18pt;\"><span style=\"color: #000000;\">\u201eWar\u201c, sagt der Horst, \u201ewar \u201a\u2018n feiner Kerl der Eddy. Ich hab\u2018 ihn noch getroffen an dem Tag, als er sich dann alle gemacht hat. Da hat er noch politisiert.\u201c<\/span><\/span><\/p>\n<p><span style=\"margin: 0px; font-family: 'Times New Roman','serif'; font-size: 18pt;\"><span style=\"color: #000000;\">Ja, sie sind sich einig. Er war ein feiner Kerl, der Verstorbene. Der Nachmittag geht lau auf der Hauptstra\u00dfe zu Neige. Hans Krohn sieht auf die Uhr seines Handys.<\/span><\/span><\/p>\n<p><span style=\"margin: 0px; font-family: 'Times New Roman','serif'; font-size: 18pt;\"><span style=\"color: #000000;\">\u201eIch muss\u201c, sagt er.<\/span><\/span><\/p>\n<p><span style=\"margin: 0px; font-family: 'Times New Roman','serif'; font-size: 18pt;\"><span style=\"color: #000000;\">Was denn?, br\u00fcllen alle. Niemand muss heute. Heute ist Eddys Ehrentag. Heute wird gefeiert, bis morgen ist.<\/span><\/span><\/p>\n<p><span style=\"margin: 0px; font-family: 'Times New Roman','serif'; font-size: 18pt;\"><span style=\"color: #000000;\">Neenee, Hans muss. Er hat am n\u00e4chsten Tag einen Termin in M\u00fcnchen, der Zug ist fest gebucht. Sonderpreis und so. Sch\u00f6ne Feier denn auch.<\/span><\/span><\/p>\n<p><span style=\"margin: 0px; font-family: 'Times New Roman','serif'; font-size: 18pt;\"><span style=\"color: #000000;\">Er f\u00fchlt sich benommen, als er auf der Stra\u00dfe steht. Seit Monaten hat er keinen Alkohol getrunken, jetzt ist er ziemlich angeknockt. Die T\u00fcrken und die Verschleierten gehen ihm auf den Zeiger, der Verkehr ist ein Bedrohnis, die Stadt widert ihn an.<\/span><\/span><\/p>\n<p><span style=\"margin: 0px; font-family: 'Times New Roman','serif'; font-size: 18pt;\"><span style=\"color: #000000;\">Auf dem Weg zum S\u00fcdkreuz n\u00fcchtert er nicht aus. Er ist gut in der Zeit, leider hat der Bahnhof keine ordentliche Kneipe. Krohn besorgt sich zwei Dosen Starkbier, eine trinkt er am Gleis, w\u00e4hrend er wartet. <\/span><\/span><\/p>\n<p><span style=\"margin: 0px; font-family: 'Times New Roman','serif'; font-size: 18pt;\"><span style=\"color: #000000;\">Steigt in den ICE, schl\u00e4gt sich zu seinem Platz durch. Der Zug nimmt Fahrt auf, saust durch den S\u00fcden Berlins, rauscht am d\u00e4mmrigen Teltow vorbei, jagt durchs abendliche Brandenburg. Krohn trinkt das zweite Bier, wird kontrolliert, denkt an Eddy, die arme Sau.<\/span><\/span><\/p>\n<p><span style=\"margin: 0px; font-family: 'Times New Roman','serif'; font-size: 18pt;\"><span style=\"color: #000000;\">Er schl\u00e4ft ein.<\/span><\/span><\/p>\n<p><span style=\"margin: 0px; font-family: 'Times New Roman','serif'; font-size: 18pt;\"><span style=\"color: #000000;\">Jetzt pennt er erst einmal. Bis N\u00fcrnberg.<\/span><\/span><\/p>\n<p><span style=\"margin: 0px; font-family: 'Times New Roman','serif'; font-size: 18pt;\"><span style=\"color: #000000;\">\u00a0<\/span><\/span><\/p>\n<p><b><i>*\u201c2017\u201c beginnt in der Kalenderwoche 38 des Jahres 2017 und endet am 31. Dezember. Thema: 105 Tage Deutschland. Unterwegs in der \u201eHeimat\u201c.<\/i><\/b><\/p>\n<p><span style=\"color: #000000; font-family: Calibri;\">\u00a0<\/span><\/p>\n","protected":false},"excerpt":{"rendered":"<p>\u201e2017\u201d*, Folge 34, 21. Oktober. Ein echt sch\u00f6ner Tag f\u00fcr letzte G\u00e4nge. \u00a0 Horst ist gerade von der Beerdigung gekommen, er hat das f\u00fcr die gesamte Belegschaft \u00fcbernommen. Sogar Anzug tr\u00e4gt er, Mann, das sieht echt schnieke aus. Ist ein feiner Zug vom Horst, sich so in Schale geworfen zu haben. Nun h\u00e4ngt er in [&hellip;]<\/p>\n","protected":false},"author":3,"featured_media":1230,"comment_status":"closed","ping_status":"closed","sticky":false,"template":"","format":"standard","meta":{"footnotes":""},"categories":[881,4],"tags":[898],"class_list":["post-3258","post","type-post","status-publish","format-standard","has-post-thumbnail","hentry","category-d2017","category-journal","tag-898","has-post-title","has-post-date","has-post-category","has-post-tag","has-post-comment","has-post-author",""],"_links":{"self":[{"href":"https:\/\/vettensjournal.de\/klassischer-journalismus\/wp-json\/wp\/v2\/posts\/3258","targetHints":{"allow":["GET"]}}],"collection":[{"href":"https:\/\/vettensjournal.de\/klassischer-journalismus\/wp-json\/wp\/v2\/posts"}],"about":[{"href":"https:\/\/vettensjournal.de\/klassischer-journalismus\/wp-json\/wp\/v2\/types\/post"}],"author":[{"embeddable":true,"href":"https:\/\/vettensjournal.de\/klassischer-journalismus\/wp-json\/wp\/v2\/users\/3"}],"replies":[{"embeddable":true,"href":"https:\/\/vettensjournal.de\/klassischer-journalismus\/wp-json\/wp\/v2\/comments?post=3258"}],"version-history":[{"count":1,"href":"https:\/\/vettensjournal.de\/klassischer-journalismus\/wp-json\/wp\/v2\/posts\/3258\/revisions"}],"predecessor-version":[{"id":3259,"href":"https:\/\/vettensjournal.de\/klassischer-journalismus\/wp-json\/wp\/v2\/posts\/3258\/revisions\/3259"}],"wp:featuredmedia":[{"embeddable":true,"href":"https:\/\/vettensjournal.de\/klassischer-journalismus\/wp-json\/wp\/v2\/media\/1230"}],"wp:attachment":[{"href":"https:\/\/vettensjournal.de\/klassischer-journalismus\/wp-json\/wp\/v2\/media?parent=3258"}],"wp:term":[{"taxonomy":"category","embeddable":true,"href":"https:\/\/vettensjournal.de\/klassischer-journalismus\/wp-json\/wp\/v2\/categories?post=3258"},{"taxonomy":"post_tag","embeddable":true,"href":"https:\/\/vettensjournal.de\/klassischer-journalismus\/wp-json\/wp\/v2\/tags?post=3258"}],"curies":[{"name":"wp","href":"https:\/\/api.w.org\/{rel}","templated":true}]}}