{"id":3252,"date":"2017-10-26T11:39:08","date_gmt":"2017-10-26T11:39:08","guid":{"rendered":"http:\/\/vettensjournal.de\/klassischer-journalismus\/?p=3252"},"modified":"2017-11-03T20:20:54","modified_gmt":"2017-11-03T20:20:54","slug":"leben-2","status":"publish","type":"post","link":"https:\/\/vettensjournal.de\/klassischer-journalismus\/leben-2\/","title":{"rendered":"NEUE FREUNDE"},"content":{"rendered":"<p><b><i>\u201e2017\u201d*, Folge 32, 19. Oktober. Berlin ist eine Paradies-Herbst-Stadt.<\/i><\/b><\/p>\n<p>&nbsp;<\/p>\n<p>Eddy \u2013 der alte Mann, der mal ein junger Mann in Hessen war und ein Mann in Kreuzberg mit Weibern linksrum und rechtsrum und einem Leben vor sich und dem dann alles weg gebrochen ist, mit dem seine Tochter nicht redet, aber die Enkelin schon, der keine echten Freunde mehr hat, alle weg gestorben \u2013<\/p>\n<p>Eddy schaut in der Kneipe in der Hauptstra\u00dfe in das schale Bier und brabbelt f\u00fcr sich hin..<\/p>\n<p>Der Vormittag neigt sich, Eddy stolpert auf die Stra\u00dfe.<\/p>\n<p>Schei\u00df-T\u00fcrken. Schei\u00df-Neger.<\/p>\n<p>Er kurvt um die Gestalten. Biegt rechts ab. L\u00e4sst sich beim Sp\u00e4ti auf einen Stuhl plumpsen. Man stellt ihm eine Flasche hin.<\/p>\n<p>Jetzt sind sie alle beim Sp\u00e4ti gelandet. Die Russin am Markt musste zu machen. Und so mussten sich alle eine neue Heimat suchen:<\/p>\n<p>Der \u00fcbergreise Mensch mit dem Chapeauclaque \u2013kein Wort wurde gesprochen, nur genickt, wenn er ein neues Bier wollte, ward es gebracht.<\/p>\n<p>Die mit dem Busen. Wenn es ihr nicht mehr raus geht, strawanzt sie durch die Hinterh\u00f6fe und sammelt Flaschen. .<\/p>\n<p>Der, der immer streitet. Gestriegelt ist sein Schn\u00e4uzer, man hat Sorge, wenn man ihn kennt. Eine Fascho-Sau, das isser.<\/p>\n<p>Eddy plumpst auf den Stuhl. Man bringt das Bier.<\/p>\n<p>Daheim.<\/p>\n<p><span style=\"color: #000000; font-family: Calibri;\">\u00a0<\/span><\/p>\n<p><span style=\"color: #000000; font-family: Calibri;\">\u00a0<\/span><b><i>*\u201c2017\u201c beginnt in der Kalenderwoche 38 des Jahres 2017 und endet am 31. Dezember. Thema: 105 Tage Deutschland. Unterwegs in der \u201eHeimat\u201c.<\/i><\/b><\/p>\n","protected":false},"excerpt":{"rendered":"<p>\u201e2017\u201d*, Folge 32, 19. Oktober. Berlin ist eine Paradies-Herbst-Stadt. &nbsp; Eddy \u2013 der alte Mann, der mal ein junger Mann in Hessen war und ein Mann in Kreuzberg mit Weibern linksrum und rechtsrum und einem Leben vor sich und dem dann alles weg gebrochen ist, mit dem seine Tochter nicht redet, aber die Enkelin schon, [&hellip;]<\/p>\n","protected":false},"author":3,"featured_media":1315,"comment_status":"closed","ping_status":"closed","sticky":false,"template":"","format":"standard","meta":{"footnotes":""},"categories":[881],"tags":[898],"class_list":["post-3252","post","type-post","status-publish","format-standard","has-post-thumbnail","hentry","category-d2017","tag-898","has-post-title","has-post-date","has-post-category","has-post-tag","has-post-comment","has-post-author",""],"_links":{"self":[{"href":"https:\/\/vettensjournal.de\/klassischer-journalismus\/wp-json\/wp\/v2\/posts\/3252","targetHints":{"allow":["GET"]}}],"collection":[{"href":"https:\/\/vettensjournal.de\/klassischer-journalismus\/wp-json\/wp\/v2\/posts"}],"about":[{"href":"https:\/\/vettensjournal.de\/klassischer-journalismus\/wp-json\/wp\/v2\/types\/post"}],"author":[{"embeddable":true,"href":"https:\/\/vettensjournal.de\/klassischer-journalismus\/wp-json\/wp\/v2\/users\/3"}],"replies":[{"embeddable":true,"href":"https:\/\/vettensjournal.de\/klassischer-journalismus\/wp-json\/wp\/v2\/comments?post=3252"}],"version-history":[{"count":1,"href":"https:\/\/vettensjournal.de\/klassischer-journalismus\/wp-json\/wp\/v2\/posts\/3252\/revisions"}],"predecessor-version":[{"id":3260,"href":"https:\/\/vettensjournal.de\/klassischer-journalismus\/wp-json\/wp\/v2\/posts\/3252\/revisions\/3260"}],"wp:featuredmedia":[{"embeddable":true,"href":"https:\/\/vettensjournal.de\/klassischer-journalismus\/wp-json\/wp\/v2\/media\/1315"}],"wp:attachment":[{"href":"https:\/\/vettensjournal.de\/klassischer-journalismus\/wp-json\/wp\/v2\/media?parent=3252"}],"wp:term":[{"taxonomy":"category","embeddable":true,"href":"https:\/\/vettensjournal.de\/klassischer-journalismus\/wp-json\/wp\/v2\/categories?post=3252"},{"taxonomy":"post_tag","embeddable":true,"href":"https:\/\/vettensjournal.de\/klassischer-journalismus\/wp-json\/wp\/v2\/tags?post=3252"}],"curies":[{"name":"wp","href":"https:\/\/api.w.org\/{rel}","templated":true}]}}