{"id":3244,"date":"2017-10-21T18:48:51","date_gmt":"2017-10-21T18:48:51","guid":{"rendered":"http:\/\/vettensjournal.de\/klassischer-journalismus\/?p=3244"},"modified":"2017-10-21T18:48:51","modified_gmt":"2017-10-21T18:48:51","slug":"wo-warum","status":"publish","type":"post","link":"https:\/\/vettensjournal.de\/klassischer-journalismus\/wo-warum\/","title":{"rendered":"WO? WARUM?"},"content":{"rendered":"<p><b><i><span style=\"margin: 0px; color: black; line-height: 115%; font-family: 'Times New Roman','serif'; font-size: 18pt;\">\u201e2017\u201d*, Folge 28, 15. Oktober. Auf einen diesigen Morgen folgt ein sonniger Tag.<\/span><\/i><\/b><\/p>\n<p><span style=\"margin: 0px; color: black; line-height: 115%; font-family: 'Times New Roman','serif'; font-size: 18pt;\">\u00a0<\/span><\/p>\n<p><span style=\"margin: 0px; color: black; font-family: 'Times New Roman','serif'; font-size: 18pt;\">Wie bet\u00e4ubt. Die n\u00e4chsten Tage bekommt Eddy nicht mit. Er kann sich nicht erinnern, wie er in den Westen zur\u00fcck gekommen ist. Er redet mit seiner Tochter, sie fragt: \u201ePapa???\u201c Er wei\u00df nicht, was sie von ihm will. Er sitzt an seinem Schreibtisch im B\u00fcro und h\u00f6rt das Telefon nicht.<\/span><\/p>\n<p><span style=\"margin: 0px; color: black; font-family: 'Times New Roman','serif'; font-size: 18pt;\">Charly meint, er solle frei nehmen, also geht er nicht ins B\u00fcro. Sieht an seiner Frau vorbei, die nicht einmal sonderlich schadenfroh ist. Wie lange das noch so gehen solle mit ihm, will sie wissen. Ob er gedenke, in B\u00e4lde wieder seinen Pflichten in der Familie nachzukommen. Viola sei schon ganz verunsichert.<\/span><\/p>\n<p><span style=\"margin: 0px; color: black; font-family: 'Times New Roman','serif'; font-size: 18pt;\">Eddy versucht sich zusammenzurei\u00dfen. Er versucht zu vergessen, dass es Mandy gibt. Er versucht nicht nachzudenken, was denn passiert ist.<\/span><\/p>\n<p><span style=\"margin: 0px; color: black; font-family: 'Times New Roman','serif'; font-size: 18pt;\">Geht nicht. Sie ist \u00fcberall und immer da. In seinen Eingeweiden, in seinem Kopf. Sie ist da als eine gro\u00dfe Leere.<\/span><\/p>\n<p><span style=\"margin: 0px; color: black; font-family: 'Times New Roman','serif'; font-size: 18pt;\">Das ist f\u00fcrchterlich. Eddy sieht sich zu, wie er nicht mehr lebt. <\/span><\/p>\n<p><span style=\"margin: 0px; color: black; font-family: 'Times New Roman','serif'; font-size: 18pt;\">Jeden Tag f\u00e4hrt er zur Frankfurter Allee. Er dr\u00fcckt die Klingel ohne Schild. Er steht auf dem B\u00fcrgersteig und sieht zu dem blinden Fenster. Es macht keinen Sinn, Menschen nach Mandy zu fragen. Niemand kennt hier jemanden.<\/span><\/p>\n<p><span style=\"margin: 0px; color: black; font-family: 'Times New Roman','serif'; font-size: 18pt;\">In einer Seitenstra\u00dfe tut Eddy ein Lokal auf. Dort trinkt er nun Bier und wartet. Vielleicht \u00f6ffnet sich die T\u00fcr \u2013 und sie ist wieder da.<\/span><\/p>\n<p><span style=\"margin: 0px; color: black; font-family: 'Times New Roman','serif'; font-size: 18pt;\">Das passiert nat\u00fcrlich nicht.<\/span><\/p>\n<p><span style=\"margin: 0px; color: black; font-family: 'Times New Roman','serif'; font-size: 18pt;\">\u00a0<\/span><\/p>\n<p><span style=\"margin: 0px; color: black; font-family: 'Times New Roman','serif'; font-size: 18pt;\">Charly ruft an.<\/span><\/p>\n<p><span style=\"margin: 0px; color: black; font-family: 'Times New Roman','serif'; font-size: 18pt;\">\u201eDu musst wieder antreten. Kannst nicht l\u00e4nger wegbleiben. H\u00f6r zu Eddy, so kannst Du nicht weiter machen. Morgen bist Du wieder im B\u00fcro. Hier ist echt die Kacke am Dampfen.\u201c<\/span><\/p>\n<p><span style=\"margin: 0px; color: black; line-height: 115%; font-family: 'Times New Roman','serif'; font-size: 18pt;\">\u00a0<\/span><\/p>\n<p><b><i>*\u201c2017\u201c beginnt in der Kalenderwoche 38 des Jahres 2017 und endet am 31. Dezember. Thema: 105 Tage Deutschland. Unterwegs in der \u201eHeimat\u201c.<\/i><\/b><\/p>\n<p><span style=\"margin: 0px; color: black; line-height: 115%; font-family: 'Times New Roman','serif'; font-size: 18pt;\">\u00a0<\/span><\/p>\n<p><span style=\"margin: 0px; color: black; line-height: 115%; font-family: 'Times New Roman','serif'; font-size: 18pt;\">\u00a0<\/span><\/p>\n","protected":false},"excerpt":{"rendered":"<p>\u201e2017\u201d*, Folge 28, 15. Oktober. Auf einen diesigen Morgen folgt ein sonniger Tag. \u00a0 Wie bet\u00e4ubt. Die n\u00e4chsten Tage bekommt Eddy nicht mit. Er kann sich nicht erinnern, wie er in den Westen zur\u00fcck gekommen ist. Er redet mit seiner Tochter, sie fragt: \u201ePapa???\u201c Er wei\u00df nicht, was sie von ihm will. Er sitzt an [&hellip;]<\/p>\n","protected":false},"author":3,"featured_media":848,"comment_status":"closed","ping_status":"closed","sticky":false,"template":"","format":"standard","meta":{"footnotes":""},"categories":[881,4],"tags":[898,182,907],"class_list":["post-3244","post","type-post","status-publish","format-standard","has-post-thumbnail","hentry","category-d2017","category-journal","tag-898","tag-berlin","tag-frankfurter-allee","has-post-title","has-post-date","has-post-category","has-post-tag","has-post-comment","has-post-author",""],"_links":{"self":[{"href":"https:\/\/vettensjournal.de\/klassischer-journalismus\/wp-json\/wp\/v2\/posts\/3244","targetHints":{"allow":["GET"]}}],"collection":[{"href":"https:\/\/vettensjournal.de\/klassischer-journalismus\/wp-json\/wp\/v2\/posts"}],"about":[{"href":"https:\/\/vettensjournal.de\/klassischer-journalismus\/wp-json\/wp\/v2\/types\/post"}],"author":[{"embeddable":true,"href":"https:\/\/vettensjournal.de\/klassischer-journalismus\/wp-json\/wp\/v2\/users\/3"}],"replies":[{"embeddable":true,"href":"https:\/\/vettensjournal.de\/klassischer-journalismus\/wp-json\/wp\/v2\/comments?post=3244"}],"version-history":[{"count":1,"href":"https:\/\/vettensjournal.de\/klassischer-journalismus\/wp-json\/wp\/v2\/posts\/3244\/revisions"}],"predecessor-version":[{"id":3245,"href":"https:\/\/vettensjournal.de\/klassischer-journalismus\/wp-json\/wp\/v2\/posts\/3244\/revisions\/3245"}],"wp:featuredmedia":[{"embeddable":true,"href":"https:\/\/vettensjournal.de\/klassischer-journalismus\/wp-json\/wp\/v2\/media\/848"}],"wp:attachment":[{"href":"https:\/\/vettensjournal.de\/klassischer-journalismus\/wp-json\/wp\/v2\/media?parent=3244"}],"wp:term":[{"taxonomy":"category","embeddable":true,"href":"https:\/\/vettensjournal.de\/klassischer-journalismus\/wp-json\/wp\/v2\/categories?post=3244"},{"taxonomy":"post_tag","embeddable":true,"href":"https:\/\/vettensjournal.de\/klassischer-journalismus\/wp-json\/wp\/v2\/tags?post=3244"}],"curies":[{"name":"wp","href":"https:\/\/api.w.org\/{rel}","templated":true}]}}