{"id":3237,"date":"2017-10-17T20:53:07","date_gmt":"2017-10-17T20:53:07","guid":{"rendered":"http:\/\/vettensjournal.de\/klassischer-journalismus\/?p=3237"},"modified":"2017-10-17T20:53:07","modified_gmt":"2017-10-17T20:53:07","slug":"alles-anders","status":"publish","type":"post","link":"https:\/\/vettensjournal.de\/klassischer-journalismus\/alles-anders\/","title":{"rendered":"ALLES ANDERS"},"content":{"rendered":"<p><strong><em>\u201e2017\u201d*, Folge 25, 12. Oktober. <\/em><\/strong><strong><em>Frauke Petry hat jetzt eine eigene, eine \u201eBlaue Partei\u201c. Die werde die AfD plattmachen. Ihre<\/em><\/strong><strong><em> Mandate im Bundestag und im s\u00e4chsischen Landtag wird sie nat\u00fcrlich behalten. \u201eDas Mandat, auch wenn es mit Parteimitteln errungen wurde, ist kein Eigentum der Partei. Ein freies Mandat beinhaltet eine Loyalit\u00e4t dem W\u00e4hler gegen\u00fcber.\u201c<\/em><\/strong><\/p>\n<p>&nbsp;<\/p>\n<p>Politik ist Eddy egal.<\/p>\n<p>Am Donnerstag checkt er nichts.<\/p>\n<p>Donnerstag = Mandy.<\/p>\n<p>Er ist ganz arglos, als im Fernsehen live eine Pressekonferenz in der Mohrenstra\u00dfe 39 \u00fcbertragen wird. G\u00fcnter Schabowski referiert \u00fcber eine ZK-Tagung, das ist ein endloses Gemurmel und Geleier. Eddy t\u00e4tschelt Mandy den Busen und fragt, ob er vielleicht was kochen soll.<\/p>\n<p>Psst!, macht sie, sie m\u00f6chte zuh\u00f6ren.<\/p>\n<p>Jemand, ein Italiener wohl, fragt etwas.<\/p>\n<p>\u201eSie haben von Fehler gesprochen. Glauben Sie nicht, dass es war ein gro\u00dfer Fehler, diesen Reisegesetzentwurf, das Sie haben jetzt vorgestellt vor wenigen Tagen?\u201c<\/p>\n<p>Schabowski r\u00e4uspert sich. Er blickt auf seine Papiere, er sieht nach links und nach rechts. Er formuliert lange nichtssagende S\u00e4tze, wird leiser und leiser.<\/p>\n<p>Dann sagt er:<\/p>\n<p>\u201eUnd deshalb haben wir uns dazu entschlossen, heute eine Regelung zu treffen, die es jedem B\u00fcrger der DDR m\u00f6glich macht, \u00fcber Grenz\u00fcbergangspunkte der DDR auszureisen.\u201c<\/p>\n<p>Es wird gef\u00e4hrlich still im Fernsehen.<\/p>\n<p>&nbsp;<\/p>\n<p>Mandy wischt Eddys Hand von ihrem K\u00f6rper. Sie sitzt auf der Kante des Sofas und starrt zu Schabowski hin. Es ist drei vor sieben, als jemand fragt:<\/p>\n<p>\u201eAb wann tritt das in Kraft? Ab sofort?\u201c<\/p>\n<p>Schabowski ist in Not. Vielleicht retten ihn die Papiere. Papiere waren immer gut. Schabowski liest:<\/p>\n<p>\u201ePrivatreisen nach dem Ausland k\u00f6nnen ohne Vorliegen von Voraussetzungen (Reiseanl\u00e4sse und Verwandtschaftsverh\u00e4ltnisse) beantragt werden. Die Genehmigungen werden kurzfristig erteilt. Die zust\u00e4ndigen Abteilungen Pass- und Meldewesen der VPK\u00c4 \u2013 der Volkspolizeikreis\u00e4mter \u2013 in der DDR sind angewiesen, Visa, zur st\u00e4ndigen Ausreise unverz\u00fcglich zu erteilen, ohne dass daf\u00fcr noch geltende Voraussetzungen f\u00fcr eine st\u00e4ndige Ausreise vorliegen m\u00fcssen. St\u00e4ndige Ausreisen k\u00f6nnen \u00fcber alle Grenz\u00fcbergangsstellen der DDR zur BRD erfolgen\u2026\u201c<\/p>\n<p>Ein deutscher Journalist klinkt sich ein:<\/p>\n<p>\u201eWann tritt das in Kraft?\u201c<\/p>\n<p>Schabowski:<\/p>\n<p>\u201eDas tritt nach meiner Kenntnis \u2026 ist das sofort, unverz\u00fcglich.\u201c<\/p>\n<p>Der Journalist will es genau wissen. Ob das auch f\u00fcr Berlin gelte? Ob das auch f\u00fcr Berlin gelte? Schabowski raschelt mit den Papieren. Dann hat er etwas zum Verlesen.<\/p>\n<p><em>\u201eDIE ST\u00c4NDIGE AUSREISE KANN \u00dcBER ALLE GRENZ\u00dcBERG\u00c4NGRE DER ddr ZUR brd BEZIEHUNGSWEISE ZU BERLIN-WEST ERFOLGEN.\u201c<\/em><\/p>\n<p><em>\u00a0<\/em><\/p>\n<p>Mandy verschwindet im Bad und kommt angezogen zur\u00fcck. Eddy fragt, was los ist.<\/p>\n<p>\u201eIch habe ganz vergessen, dass ich noch eine Verabredung habe. Dienstlich. Du musst gehen?\u201c<\/p>\n<p>\u201eWas? Jetzt? Heute, am Donnerstag? Kannst Du das nicht verschieben?\u201c<\/p>\n<p>\u201eNee, tut mir leid.\u201c<\/p>\n<p>Na gut, meint er. Dann eben bis zum n\u00e4chsten Mal.<\/p>\n<p>Ja, sagt sie, bis zum n\u00e4chsten Mal.<\/p>\n<p>Er freue sich, sagt er.<\/p>\n<p>Ja, sagt sie, sie freue sich auch.<\/p>\n<p>&nbsp;<\/p>\n<p>Es ist halb acht, als Eddy auf die Frankfurter tritt. Alles ist so ganz anders als sonst. Er versteht erstmal gar nichts. Dann wird er in den Sog der Menschen gerissen, die zur Mauer dr\u00e4ngen. Alle rei\u00dft es in die Nacht. Ihn auch. Er begreift:<\/p>\n<p>Jetzt wird alles gut.<\/p>\n<p>&nbsp;<\/p>\n<p><strong><em>*\u201c2017\u201c beginnt in der Kalenderwoche 38 des Jahres 2017 und endet am 31. Dezember. Thema: 105 Tage Deutschland. Unterwegs in der \u201eHeimat\u201c.<\/em><\/strong><\/p>\n","protected":false},"excerpt":{"rendered":"<p>\u201e2017\u201d*, Folge 25, 12. Oktober. Frauke Petry hat jetzt eine eigene, eine \u201eBlaue Partei\u201c. Die werde die AfD plattmachen. Ihre Mandate im Bundestag und im s\u00e4chsischen Landtag wird sie nat\u00fcrlich behalten. \u201eDas Mandat, auch wenn es mit Parteimitteln errungen wurde, ist kein Eigentum der Partei. Ein freies Mandat beinhaltet eine Loyalit\u00e4t dem W\u00e4hler gegen\u00fcber.\u201c &nbsp; [&hellip;]<\/p>\n","protected":false},"author":3,"featured_media":1162,"comment_status":"closed","ping_status":"closed","sticky":false,"template":"","format":"standard","meta":{"footnotes":""},"categories":[881,4],"tags":[898,360,298,910],"class_list":["post-3237","post","type-post","status-publish","format-standard","has-post-thumbnail","hentry","category-d2017","category-journal","tag-898","tag-brd","tag-ddr","tag-mauerfall","has-post-title","has-post-date","has-post-category","has-post-tag","has-post-comment","has-post-author",""],"_links":{"self":[{"href":"https:\/\/vettensjournal.de\/klassischer-journalismus\/wp-json\/wp\/v2\/posts\/3237","targetHints":{"allow":["GET"]}}],"collection":[{"href":"https:\/\/vettensjournal.de\/klassischer-journalismus\/wp-json\/wp\/v2\/posts"}],"about":[{"href":"https:\/\/vettensjournal.de\/klassischer-journalismus\/wp-json\/wp\/v2\/types\/post"}],"author":[{"embeddable":true,"href":"https:\/\/vettensjournal.de\/klassischer-journalismus\/wp-json\/wp\/v2\/users\/3"}],"replies":[{"embeddable":true,"href":"https:\/\/vettensjournal.de\/klassischer-journalismus\/wp-json\/wp\/v2\/comments?post=3237"}],"version-history":[{"count":1,"href":"https:\/\/vettensjournal.de\/klassischer-journalismus\/wp-json\/wp\/v2\/posts\/3237\/revisions"}],"predecessor-version":[{"id":3238,"href":"https:\/\/vettensjournal.de\/klassischer-journalismus\/wp-json\/wp\/v2\/posts\/3237\/revisions\/3238"}],"wp:featuredmedia":[{"embeddable":true,"href":"https:\/\/vettensjournal.de\/klassischer-journalismus\/wp-json\/wp\/v2\/media\/1162"}],"wp:attachment":[{"href":"https:\/\/vettensjournal.de\/klassischer-journalismus\/wp-json\/wp\/v2\/media?parent=3237"}],"wp:term":[{"taxonomy":"category","embeddable":true,"href":"https:\/\/vettensjournal.de\/klassischer-journalismus\/wp-json\/wp\/v2\/categories?post=3237"},{"taxonomy":"post_tag","embeddable":true,"href":"https:\/\/vettensjournal.de\/klassischer-journalismus\/wp-json\/wp\/v2\/tags?post=3237"}],"curies":[{"name":"wp","href":"https:\/\/api.w.org\/{rel}","templated":true}]}}