{"id":3227,"date":"2017-10-13T19:42:17","date_gmt":"2017-10-13T19:42:17","guid":{"rendered":"http:\/\/vettensjournal.de\/klassischer-journalismus\/?p=3227"},"modified":"2017-10-13T19:42:17","modified_gmt":"2017-10-13T19:42:17","slug":"aufschwung-ost","status":"publish","type":"post","link":"https:\/\/vettensjournal.de\/klassischer-journalismus\/aufschwung-ost\/","title":{"rendered":"AUFSCHWUNG OST"},"content":{"rendered":"<p><strong><em>\u201e2017\u201d*, Folge 21, 8. Oktober. Hurrah, sie dreht sich noch. <\/em><\/strong><strong><em>Der Autor David Meade hat f\u00fcr Oktober 2017 die Kollision der Erde mit dem Planeten Nibiru voraus. Der auch als Planet X bekannte Himmelsk\u00f6rper n\u00e4here sich demnach mit einer gewaltigen Geschwindigkeit unserem S\u00fcdpol Und? Naja, bislang ist der Crash ausgeblieben. Schaut gut aus f\u00fcr uns.<\/em><\/strong><\/p>\n<p>&nbsp;<\/p>\n<p>Edmund Leutner aus Hessen, in Berlin nur als \u201eEddy\u201c bekannt, betrachtet sich im Spiegel und ist ganz zufrieden. Er dreht sich seitlich, zieht den Bauch ein und zeigt sich den angespannten Bizeps.<\/p>\n<p>Das ist doch schwer okay f\u00fcr einen, der an diesem Morgen 43 wird.<\/p>\n<p>&nbsp;<\/p>\n<p>Seit drei Jahren trainiert Eddy im Fitnessstudio hinterm Schloss Charlottenburg. Zweimal in der Woche arbeitet er sich an Gewichten ab, einmal geht er zum Boxen. Manchmal, wenn er sich gut f\u00fchlt oder wenn ihm alles auf die Nerven geht, verabredet er sich zum Sparren. St\u00f6rt ihn nicht, wenn er sich eine einf\u00e4ngt. Nach dem K\u00e4mpfen f\u00fchlt er sich frisch und befreit. Schmerzen tun gut. Es ist auch sch\u00f6n, wenn die Muskeln brennen, weil Eddy die ganz gro\u00dfen Scheiben an die Hantel steckt. Er braucht das \u2013 dann wei\u00df er, dass er am Leben ist.<\/p>\n<p>Nach dem Training duscht Eddy, trinkt eine Cola in der Kneipe neben dem Studio, dann f\u00e4hrt er mit dem Bus zur\u00fcck nach Sch\u00f6neberg.<\/p>\n<p>Er bringt Viola ins Bett, sie sprechen \u00fcber den n\u00e4chsten Schultag, er liest etwas vor, l\u00f6scht das Licht, die T\u00fcr zu ihrem Zimmer bleibt angelehnt.<\/p>\n<p>Eddy kocht in der K\u00fcche Tee, setzt sich an den Tisch und liest sorgsam die Zeitung. Die Schlagermusik aus dem Radio legt sich \u00fcber die Ger\u00e4usche aus dem Wohnzimmer: Dort ist der Fernseher zu laut und auch die Stimme der Frau. Sie klingt zornig und jammernd, die W\u00f6rter sind um diese Tageszeit undeutlich.<\/p>\n<p>Sp\u00e4ter \u2013 das Telefonieren hat aufgeh\u00f6rt \u2013 geht Eddy leise zum Bad, schl\u00fcpft kurz ins Wohnzimmer und schaltet den Fernseher aus. Die Frau schl\u00e4ft, der Kopf h\u00e4ngt nach hinten, der Mund ist weit ge\u00f6ffnet. Eddy macht sich bettfertig, liest noch ein wenig, schl\u00e4ft bald ein.<\/p>\n<p>Irgendwann muss die Frau pissen und kommt auch in Bett. Das juckt Eddy nicht, er dreht ihr den R\u00fccken zu. Am n\u00e4chsten Morgen fr\u00fchst\u00fcckt er mit Viola und bringt die Tochter ins Bett.<\/p>\n<p>Die Frau wird irgendwann aufwachen.<\/p>\n<p>Irgendwann wacht sie immer auf.<\/p>\n<p>&nbsp;<\/p>\n<p>Jetzt hat er erst einmal drei Tage frei von Berlin. Viola darf bei Charlys Familie \u00fcbernachten. Eddy ist von Frankfurt nach Leipzig geflogen, zum ersten Mal gibt es einen Luft-Shuttle zur Messe. Er hat den bayerischen Politiker Strau\u00df im DDR-TV gesehen, wie er mit Honecker und anderen Knallk\u00f6ppen einen Schnaps trank. Er hat ein Steak im Interhotel gegessen, einen Spaziergang in der Stadt gemacht, in einer Bierstube etwas getrunken und sogar eine Frau angel\u00e4chelt. Dabei war er sich recht mutig vorgekommen.<\/p>\n<p>Nun blickt er aus dem Fenster in den M\u00e4rzmorgen \u2013 es ist grau und diesig &#8211; und denkt, dass es trotzdem ein wundervoller Tag sei.<\/p>\n<p>Niemand will was von ihm. Er soll sich treiben lassen und neue Gesch\u00e4ftsideen von der Messe mitbringen. Kreativit\u00e4t braucht Freiheit, sagt Charly.<\/p>\n<p>Also ist Eddy so frei und macht Urlaub in der DDR. Ihm geht\u2019s echt gro\u00dfartig.<\/p>\n<p>&nbsp;<\/p>\n<p><strong><em>*\u201c2017\u201c beginnt in der Kalenderwoche 38 des Jahres 2017 und endet am 31. Dezember. Thema: 105 Tage Deutschland. Unterwegs in der \u201eHeimat\u201c.<\/em><\/strong><\/p>\n","protected":false},"excerpt":{"rendered":"<p>\u201e2017\u201d*, Folge 21, 8. Oktober. Hurrah, sie dreht sich noch. Der Autor David Meade hat f\u00fcr Oktober 2017 die Kollision der Erde mit dem Planeten Nibiru voraus. Der auch als Planet X bekannte Himmelsk\u00f6rper n\u00e4here sich demnach mit einer gewaltigen Geschwindigkeit unserem S\u00fcdpol Und? Naja, bislang ist der Crash ausgeblieben. Schaut gut aus f\u00fcr uns. [&hellip;]<\/p>\n","protected":false},"author":3,"featured_media":1325,"comment_status":"closed","ping_status":"closed","sticky":false,"template":"","format":"standard","meta":{"footnotes":""},"categories":[881,4],"tags":[898,298,673,428,905],"class_list":["post-3227","post","type-post","status-publish","format-standard","has-post-thumbnail","hentry","category-d2017","category-journal","tag-898","tag-ddr","tag-honecker","tag-leipzig","tag-straus","has-post-title","has-post-date","has-post-category","has-post-tag","has-post-comment","has-post-author",""],"_links":{"self":[{"href":"https:\/\/vettensjournal.de\/klassischer-journalismus\/wp-json\/wp\/v2\/posts\/3227","targetHints":{"allow":["GET"]}}],"collection":[{"href":"https:\/\/vettensjournal.de\/klassischer-journalismus\/wp-json\/wp\/v2\/posts"}],"about":[{"href":"https:\/\/vettensjournal.de\/klassischer-journalismus\/wp-json\/wp\/v2\/types\/post"}],"author":[{"embeddable":true,"href":"https:\/\/vettensjournal.de\/klassischer-journalismus\/wp-json\/wp\/v2\/users\/3"}],"replies":[{"embeddable":true,"href":"https:\/\/vettensjournal.de\/klassischer-journalismus\/wp-json\/wp\/v2\/comments?post=3227"}],"version-history":[{"count":1,"href":"https:\/\/vettensjournal.de\/klassischer-journalismus\/wp-json\/wp\/v2\/posts\/3227\/revisions"}],"predecessor-version":[{"id":3228,"href":"https:\/\/vettensjournal.de\/klassischer-journalismus\/wp-json\/wp\/v2\/posts\/3227\/revisions\/3228"}],"wp:featuredmedia":[{"embeddable":true,"href":"https:\/\/vettensjournal.de\/klassischer-journalismus\/wp-json\/wp\/v2\/media\/1325"}],"wp:attachment":[{"href":"https:\/\/vettensjournal.de\/klassischer-journalismus\/wp-json\/wp\/v2\/media?parent=3227"}],"wp:term":[{"taxonomy":"category","embeddable":true,"href":"https:\/\/vettensjournal.de\/klassischer-journalismus\/wp-json\/wp\/v2\/categories?post=3227"},{"taxonomy":"post_tag","embeddable":true,"href":"https:\/\/vettensjournal.de\/klassischer-journalismus\/wp-json\/wp\/v2\/tags?post=3227"}],"curies":[{"name":"wp","href":"https:\/\/api.w.org\/{rel}","templated":true}]}}