{"id":3222,"date":"2017-10-10T16:38:26","date_gmt":"2017-10-10T16:38:26","guid":{"rendered":"http:\/\/vettensjournal.de\/klassischer-journalismus\/?p=3222"},"modified":"2017-10-10T16:38:26","modified_gmt":"2017-10-10T16:38:26","slug":"sex-3","status":"publish","type":"post","link":"https:\/\/vettensjournal.de\/klassischer-journalismus\/sex-3\/","title":{"rendered":"SEX"},"content":{"rendered":"<p><b><i><span lang=\"EN-US\" style=\"margin: 0px; color: black; font-family: 'Times New Roman','serif'; font-size: 18pt;\">\u201c2017\u201d*, Folge 19, 6. Oktober, der Sturm war streng und furchte eine Schneise ins Land. Er hei\u00dft \u201cXavier\u201d, der Sturm.<\/span><\/i><\/b><\/p>\n<p><span lang=\"EN-US\" style=\"margin: 0px; color: black; font-family: 'Times New Roman','serif'; font-size: 18pt;\">Er steht auf, ist verkatert, kocht einen Kaffee \u2013 und die Geilheit geht nicht weg.<\/span><\/p>\n<p><span lang=\"EN-US\" style=\"margin: 0px; color: black; font-family: 'Times New Roman','serif'; font-size: 18pt;\">Er holt sie ab, sie wartet vor dem Mietshaus in Sch\u00f6neberg. Sch\u00f6n ist sie. Sommersprossen. Br\u00fcste. Beine. Alles dran.<\/span><\/p>\n<p><span lang=\"EN-US\" style=\"margin: 0px; color: black; font-family: 'Times New Roman','serif'; font-size: 18pt;\">Sie fahren an den Wannsee. Sie haben Kaffee und Kuchen und Sex. Irgendwie ist der Sex gut. Vielleicht hat Edmund auch keine Ahnung, wie gut Sex sein kann.<\/span><\/p>\n<p><span lang=\"EN-US\" style=\"margin: 0px; color: black; font-family: 'Times New Roman','serif'; font-size: 18pt;\">\u00a0<\/span><\/p>\n<p><span lang=\"EN-US\" style=\"margin: 0px; color: black; font-family: 'Times New Roman','serif'; font-size: 18pt;\">Aber er ist gebannt.<\/span><\/p>\n<p><span lang=\"EN-US\" style=\"margin: 0px; color: black; font-family: 'Times New Roman','serif'; font-size: 18pt;\">Sie: Ihre Schenkel weit.<\/span><\/p>\n<p><span lang=\"EN-US\" style=\"margin: 0px; color: black; font-family: 'Times New Roman','serif'; font-size: 18pt;\">Sie: Ihre Hand im Kino auf seinem Ding.<\/span><\/p>\n<p><span lang=\"EN-US\" style=\"margin: 0px; color: black; font-family: 'Times New Roman','serif'; font-size: 18pt;\">Sie: Nein und Ja und Ja und Nein.<\/span><\/p>\n<p><span lang=\"EN-US\" style=\"margin: 0px; color: black; font-family: 'Times New Roman','serif'; font-size: 18pt;\">\u00a0<\/span><\/p>\n<p><span lang=\"EN-US\" style=\"margin: 0px; color: black; font-family: 'Times New Roman','serif'; font-size: 18pt;\">\u201cIch will heiraten.\u201d<\/span><\/p>\n<p><span lang=\"EN-US\" style=\"margin: 0px; color: black; font-family: 'Times New Roman','serif'; font-size: 18pt;\">So sagt er.<\/span><\/p>\n<p><span lang=\"EN-US\" style=\"margin: 0px; color: black; font-family: 'Times New Roman','serif'; font-size: 18pt;\">Sie \u2013 ihre Sommersprossen leuchten fr\u00f6hlich \u2013 sagt Ja.<\/span><\/p>\n<p><span lang=\"EN-US\" style=\"margin: 0px; color: black; font-family: 'Times New Roman','serif'; font-size: 18pt;\">Ja.<\/span><\/p>\n<p><span lang=\"EN-US\" style=\"margin: 0px; color: black; font-family: 'Times New Roman','serif'; font-size: 18pt;\">Er ahnt nicht, wie es werden wird.<\/span><\/p>\n<p><b><i><span lang=\"EN-US\" style=\"margin: 0px; color: black; font-family: 'Times New Roman','serif'; font-size: 18pt;\">*\u201c2017\u201c beginnt in der Kalenderwoche 38 des Jahres 2017 und endet am 31. Dezember. Thema: 105 Tage Deutschland. Unterwegs in der \u201eHeimat\u201c.<\/span><\/i><\/b><\/p>\n","protected":false},"excerpt":{"rendered":"<p>\u201c2017\u201d*, Folge 19, 6. Oktober, der Sturm war streng und furchte eine Schneise ins Land. Er hei\u00dft \u201cXavier\u201d, der Sturm. Er steht auf, ist verkatert, kocht einen Kaffee \u2013 und die Geilheit geht nicht weg. Er holt sie ab, sie wartet vor dem Mietshaus in Sch\u00f6neberg. Sch\u00f6n ist sie. Sommersprossen. Br\u00fcste. Beine. Alles dran. Sie [&hellip;]<\/p>\n","protected":false},"author":3,"featured_media":2044,"comment_status":"closed","ping_status":"closed","sticky":false,"template":"","format":"standard","meta":{"footnotes":""},"categories":[881,4],"tags":[898],"class_list":["post-3222","post","type-post","status-publish","format-standard","has-post-thumbnail","hentry","category-d2017","category-journal","tag-898","has-post-title","has-post-date","has-post-category","has-post-tag","has-post-comment","has-post-author",""],"_links":{"self":[{"href":"https:\/\/vettensjournal.de\/klassischer-journalismus\/wp-json\/wp\/v2\/posts\/3222","targetHints":{"allow":["GET"]}}],"collection":[{"href":"https:\/\/vettensjournal.de\/klassischer-journalismus\/wp-json\/wp\/v2\/posts"}],"about":[{"href":"https:\/\/vettensjournal.de\/klassischer-journalismus\/wp-json\/wp\/v2\/types\/post"}],"author":[{"embeddable":true,"href":"https:\/\/vettensjournal.de\/klassischer-journalismus\/wp-json\/wp\/v2\/users\/3"}],"replies":[{"embeddable":true,"href":"https:\/\/vettensjournal.de\/klassischer-journalismus\/wp-json\/wp\/v2\/comments?post=3222"}],"version-history":[{"count":1,"href":"https:\/\/vettensjournal.de\/klassischer-journalismus\/wp-json\/wp\/v2\/posts\/3222\/revisions"}],"predecessor-version":[{"id":3223,"href":"https:\/\/vettensjournal.de\/klassischer-journalismus\/wp-json\/wp\/v2\/posts\/3222\/revisions\/3223"}],"wp:featuredmedia":[{"embeddable":true,"href":"https:\/\/vettensjournal.de\/klassischer-journalismus\/wp-json\/wp\/v2\/media\/2044"}],"wp:attachment":[{"href":"https:\/\/vettensjournal.de\/klassischer-journalismus\/wp-json\/wp\/v2\/media?parent=3222"}],"wp:term":[{"taxonomy":"category","embeddable":true,"href":"https:\/\/vettensjournal.de\/klassischer-journalismus\/wp-json\/wp\/v2\/categories?post=3222"},{"taxonomy":"post_tag","embeddable":true,"href":"https:\/\/vettensjournal.de\/klassischer-journalismus\/wp-json\/wp\/v2\/tags?post=3222"}],"curies":[{"name":"wp","href":"https:\/\/api.w.org\/{rel}","templated":true}]}}