{"id":3216,"date":"2017-10-09T08:32:43","date_gmt":"2017-10-09T08:32:43","guid":{"rendered":"http:\/\/vettensjournal.de\/klassischer-journalismus\/?p=3216"},"modified":"2017-10-10T12:35:16","modified_gmt":"2017-10-10T12:35:16","slug":"hey-alter","status":"publish","type":"post","link":"https:\/\/vettensjournal.de\/klassischer-journalismus\/hey-alter\/","title":{"rendered":"HEY, ALTER!"},"content":{"rendered":"<p><b><i><span lang=\"EN-US\" style=\"margin: 0px; color: black; font-family: 'Times New Roman','serif'; font-size: 18pt;\">\u201c2017\u201d*, Folge 17, 4. Oktober. Berlin, immer noch grau<\/span><\/i><\/b><\/p>\n<p><span lang=\"EN-US\" style=\"margin: 0px; color: black; font-family: 'Times New Roman','serif'; font-size: 18pt;\">Frei!<\/span><\/p>\n<p><span lang=\"EN-US\" style=\"margin: 0px; color: black; font-family: 'Times New Roman','serif'; font-size: 18pt;\">Die Wohnung: Dunkel, das Fenster zum Hof. Kohle-Ofen. Verlebtes Bett (das hat Edmund \u00fcbernommen). Transistorradio.<\/span><\/p>\n<p><span lang=\"EN-US\" style=\"margin: 0px; color: black; font-family: 'Times New Roman','serif'; font-size: 18pt;\">B\u00fccherstapel, anwachsend.Gem\u00fcse, zur Nahrung.\u00a0<\/span><\/p>\n<p><span lang=\"EN-US\" style=\"margin: 0px; color: black; font-family: 'Times New Roman','serif'; font-size: 18pt;\">Es riecht nach Mann-Schwei\u00df. Nach Briketts. Nach Zwiebeln, ein klein wenig.<\/span><\/p>\n<p><span lang=\"EN-US\" style=\"margin: 0px; color: black; font-family: 'Times New Roman','serif'; font-size: 18pt;\">Aufatmend nimmt Eddy (jetzt, endlich, hat er einen Namen) sein neues Leben an.<\/span><\/p>\n<p><span lang=\"EN-US\" style=\"margin: 0px; color: black; font-family: 'Times New Roman','serif'; font-size: 18pt;\">Mit Charly baut er an der neuen Weltordnung.<\/span><\/p>\n<p><span lang=\"EN-US\" style=\"margin: 0px; color: black; font-family: 'Times New Roman','serif'; font-size: 18pt;\">Weiber! Weiber!<\/span><\/p>\n<p><span lang=\"EN-US\" style=\"margin: 0px; color: black; font-family: 'Times New Roman','serif'; font-size: 18pt;\">Gesch\u00e4fte! Gesch\u00e4fte!<\/span><\/p>\n<p><span lang=\"EN-US\" style=\"margin: 0px; color: black; font-family: 'Times New Roman','serif'; font-size: 18pt;\">Werktags macht man Asche. Am Wochenende l\u00e4sst man\u2019s krachen.<\/span><\/p>\n<p><span lang=\"EN-US\" style=\"margin: 0px; color: black; font-family: 'Times New Roman','serif'; font-size: 18pt;\">Nolle. Kantstra\u00dfe.Kreuzberg, sowieso. <\/span><\/p>\n<p><span lang=\"EN-US\" style=\"margin: 0px; color: black; font-family: 'Times New Roman','serif'; font-size: 18pt;\">Eddy wird ein Kerl. Er kann alles ab. Sogar die Geschichte aus der Turmstra\u00dfe:<\/span><\/p>\n<p><b><i><span lang=\"EN-US\" style=\"margin: 0px; color: black; font-family: 'Times New Roman','serif'; font-size: 18pt;\">*\u201c2017\u201c beginnt in der Kalenderwoche 38 des Jahres 2017 und endet am 31. Dezember. Thema: 105 Tage Deutschland. Unterwegs in der \u201eHeimat\u201c.<\/span><\/i><\/b><\/p>\n<p><span style=\"margin: 0px; color: black; font-family: 'Times New Roman','serif'; font-size: 18pt;\">\u00a0<\/span><\/p>\n","protected":false},"excerpt":{"rendered":"<p>\u201c2017\u201d*, Folge 17, 4. Oktober. Berlin, immer noch grau Frei! Die Wohnung: Dunkel, das Fenster zum Hof. Kohle-Ofen. Verlebtes Bett (das hat Edmund \u00fcbernommen). Transistorradio. B\u00fccherstapel, anwachsend.Gem\u00fcse, zur Nahrung.\u00a0 Es riecht nach Mann-Schwei\u00df. Nach Briketts. Nach Zwiebeln, ein klein wenig. Aufatmend nimmt Eddy (jetzt, endlich, hat er einen Namen) sein neues Leben an. Mit Charly [&hellip;]<\/p>\n","protected":false},"author":3,"featured_media":2248,"comment_status":"closed","ping_status":"closed","sticky":false,"template":"","format":"standard","meta":{"footnotes":""},"categories":[881,4],"tags":[898],"class_list":["post-3216","post","type-post","status-publish","format-standard","has-post-thumbnail","hentry","category-d2017","category-journal","tag-898","has-post-title","has-post-date","has-post-category","has-post-tag","has-post-comment","has-post-author",""],"_links":{"self":[{"href":"https:\/\/vettensjournal.de\/klassischer-journalismus\/wp-json\/wp\/v2\/posts\/3216","targetHints":{"allow":["GET"]}}],"collection":[{"href":"https:\/\/vettensjournal.de\/klassischer-journalismus\/wp-json\/wp\/v2\/posts"}],"about":[{"href":"https:\/\/vettensjournal.de\/klassischer-journalismus\/wp-json\/wp\/v2\/types\/post"}],"author":[{"embeddable":true,"href":"https:\/\/vettensjournal.de\/klassischer-journalismus\/wp-json\/wp\/v2\/users\/3"}],"replies":[{"embeddable":true,"href":"https:\/\/vettensjournal.de\/klassischer-journalismus\/wp-json\/wp\/v2\/comments?post=3216"}],"version-history":[{"count":1,"href":"https:\/\/vettensjournal.de\/klassischer-journalismus\/wp-json\/wp\/v2\/posts\/3216\/revisions"}],"predecessor-version":[{"id":3219,"href":"https:\/\/vettensjournal.de\/klassischer-journalismus\/wp-json\/wp\/v2\/posts\/3216\/revisions\/3219"}],"wp:featuredmedia":[{"embeddable":true,"href":"https:\/\/vettensjournal.de\/klassischer-journalismus\/wp-json\/wp\/v2\/media\/2248"}],"wp:attachment":[{"href":"https:\/\/vettensjournal.de\/klassischer-journalismus\/wp-json\/wp\/v2\/media?parent=3216"}],"wp:term":[{"taxonomy":"category","embeddable":true,"href":"https:\/\/vettensjournal.de\/klassischer-journalismus\/wp-json\/wp\/v2\/categories?post=3216"},{"taxonomy":"post_tag","embeddable":true,"href":"https:\/\/vettensjournal.de\/klassischer-journalismus\/wp-json\/wp\/v2\/tags?post=3216"}],"curies":[{"name":"wp","href":"https:\/\/api.w.org\/{rel}","templated":true}]}}