{"id":3213,"date":"2017-10-08T14:00:07","date_gmt":"2017-10-08T14:00:07","guid":{"rendered":"http:\/\/vettensjournal.de\/klassischer-journalismus\/?p=3213"},"modified":"2017-10-08T16:26:54","modified_gmt":"2017-10-08T16:26:54","slug":"kleine-brotchen","status":"publish","type":"post","link":"https:\/\/vettensjournal.de\/klassischer-journalismus\/kleine-brotchen\/","title":{"rendered":"KLEINE BR\u00d6TCHEN"},"content":{"rendered":"<p><b><i><span lang=\"EN-US\" style=\"margin: 0px; color: black; font-family: 'Times New Roman','serif'; font-size: 18pt;\">\u201c2017\u201d*, Folge 16, 3. Oktober. Berlin, Grau in Grau<\/span><\/i><\/b><\/p>\n<p><span lang=\"EN-US\" style=\"margin: 0px; color: black; font-family: 'Times New Roman','serif'; font-size: 18pt;\">Der Bus setzt sich in Bewegung. Vater und Mutter stehen verloren an der Haltestelle Kanonenstra\u00dfe und winken. Edmund ist froh, als man sich nicht mehr sehen kann. Er sieht zum Fenster hinaus, rechts zweigt die Hochtaunusstra\u00dfe am Sandplacken ab und f\u00fchrt zum Feldberg. Der Bus nimmt Anlauf auf Oberursel. <\/span><\/p>\n<p><span lang=\"EN-US\" style=\"margin: 0px; color: black; font-family: 'Times New Roman','serif'; font-size: 18pt;\">Es ist Edmunds erste wichtige Fahrt. Weg vom Forsthaus Hegewiese, hinaus in die Welt.<\/span><\/p>\n<p><span lang=\"EN-US\" style=\"margin: 0px; color: black; font-family: 'Times New Roman','serif'; font-size: 18pt;\">Da will er was machen. Er wei\u00df nicht, was das sein wird, aber er ist sicher, dass sie da auf ihn warten.<\/span><\/p>\n<p><span lang=\"EN-US\" style=\"margin: 0px; color: black; font-family: 'Times New Roman','serif'; font-size: 18pt;\">Zuerst wohnt er bei einem Onkel. Rei\u00dft seine Lehre ab, wird ein passabler B\u00e4cker, aber er mag die Arbeit nicht. Das Beste dran ist, das ser sich jetzt eine eigene Butze leisten kann. <\/span><\/p>\n<p><span lang=\"EN-US\" style=\"margin: 0px; color: black; font-family: 'Times New Roman','serif'; font-size: 18pt;\">Morgens um halb vier ins Bad getapst. Mit verquollenen Augen zur Arbeit radeln. Kneten, formen, rein in den Ofen, raus aus dem Ofen. Ware ausfahren. Mittags schon fertig mit der Welt. Im Sommer abends noch an den Baggersee. Im Winter kein Tageslicht auf der Haut. Die Kollegen haben nur die Eintracht und das Wochenend-Saufen im Sinn, die \u00c4lteren reden \u00fcber Kinder und Kredite.<\/span><\/p>\n<p><span lang=\"EN-US\" style=\"margin: 0px; color: black; font-family: 'Times New Roman','serif'; font-size: 18pt;\">Das kann es nicht sein. <\/span><\/p>\n<p><span lang=\"EN-US\" style=\"margin: 0px; color: black; font-family: 'Times New Roman','serif'; font-size: 18pt;\">Edmund holt das Abi abends nach. Er arbeitet jetzt in einer Brotfabrik. Sieht kaum das Tageslicht, radelt mit m\u00fcdem Gesicht zur Schule, manchmal schl\u00e4ft er \u00fcber den B\u00fcchern ein.<\/span><\/p>\n<p><span lang=\"EN-US\" style=\"margin: 0px; color: black; font-family: 'Times New Roman','serif'; font-size: 18pt;\">Deutsch mag er nicht. Geschichte ist okay. Mit den Fremdsprachen hat er es nicht. Daf\u00fcr tut er sich leicht mit Mathe und Physik. Als er das Abi bekommt, landet er mit einer Mitsch\u00fclerin im Bett.<\/span><\/p>\n<p><span lang=\"EN-US\" style=\"margin: 0px; color: black; font-family: 'Times New Roman','serif'; font-size: 18pt;\">Am n\u00e4chsten Morgen sieht sie ihn von der Seite an \u2013 sie ist ziemlich sch\u00f6n, hat viele Sommersprossen und r\u00f6tliches seidiges Haar -, gl\u00fccklich ist sie, sie sagt, was das doch f\u00fcr ein sch\u00f6ner Tag sei, jetzt k\u00f6nne man, mit dem Abi in der Tasche und der neuen Liebe und so, wunderbar planen.<\/span><\/p>\n<p><span lang=\"EN-US\" style=\"margin: 0px; color: black; font-family: 'Times New Roman','serif'; font-size: 18pt;\">Eigentlich will er das nicht h\u00f6ren. Er will nichts planen. Ist nun seit sechs Jahren in dieser Stadt, von der er sich soviel versprochen hat, und er f\u00fchlt sich wie festgepflockt. Fast 24 ist er und schon so alt.<\/span><\/p>\n<p><span lang=\"EN-US\" style=\"margin: 0px; color: black; font-family: 'Times New Roman','serif'; font-size: 18pt;\">So war es nicht vorgesehen.<\/span><\/p>\n<p><span lang=\"EN-US\" style=\"margin: 0px; color: black; font-family: 'Times New Roman','serif'; font-size: 18pt;\">\u201cDu, wir k\u00f6nnten heiraten.\u201d<\/span><\/p>\n<p><span lang=\"EN-US\" style=\"margin: 0px; color: black; font-family: 'Times New Roman','serif'; font-size: 18pt;\">Er erschrickt. Er m\u00fcsse mal, sagt er. Als er das Zimmer quert, bedeckt er sein Geschlecht mit dem Unterhemd.<\/span><\/p>\n<p><span lang=\"EN-US\" style=\"margin: 0px; color: black; font-family: 'Times New Roman','serif'; font-size: 18pt;\">Eine halbe Stunde sp\u00e4ter steht er auf der Stra\u00dfe und ist erleichtert. Oben im Zimmer weint das M\u00e4dchen.<\/span><\/p>\n<p><span lang=\"EN-US\" style=\"margin: 0px; color: black; font-family: 'Times New Roman','serif'; font-size: 18pt;\">\u00a0<\/span><\/p>\n<p><span lang=\"EN-US\" style=\"margin: 0px; color: black; font-family: 'Times New Roman','serif'; font-size: 18pt;\">Edmund reist jetzt. Er kommt nach Paris und nach Wien. In M\u00fcnchen trinkt er auf dem Oktoberfest soviel Bier, dass er auf dem Hauptbahnhof den Zug zur\u00fcck nach Frankfurt verpennt. Edmund fliegt das erste Mal. Er kommt sich sehr weltm\u00e4nnisch vor, als er die Maschine nach London besteigt.<\/span><\/p>\n<p><span lang=\"EN-US\" style=\"margin: 0px; color: black; font-family: 'Times New Roman','serif'; font-size: 18pt;\">Und dann ist da noch Berlin. Beim Ebbelwoi in Sachsenhausen lernt er Charly kennen. Der lebt in Berlin und wird die Spedition des Vaters \u00fcbernehmen. <\/span><\/p>\n<p><span lang=\"EN-US\" style=\"margin: 0px; color: black; font-family: 'Times New Roman','serif'; font-size: 18pt;\">Man mag sich. Edmund besucht Charly in Kreuzberg. Er f\u00fchlt sich frei und jung. Sie ziehen durch den Kiez und lachen alle B\u00fcrger aus.<\/span><\/p>\n<p><span lang=\"EN-US\" style=\"margin: 0px; color: black; font-family: 'Times New Roman','serif'; font-size: 18pt;\">\u201cDu, komm nach Berlin\u201d, sagt Charly. \u201cKannst bei uns in der Firma arbeiten. So einen wie Dich brauchen wir. Zusammen machen wir ein dolles Fass auf, das ist doch klar.\u201d<\/span><\/p>\n<p><span lang=\"EN-US\" style=\"margin: 0px; color: black; font-family: 'Times New Roman','serif'; font-size: 18pt;\">Edmund siedelt um. Was ihm geh\u00f6rt, passt in zwei Koffer.<\/span><\/p>\n<p><span lang=\"EN-US\" style=\"margin: 0px; color: black; font-family: 'Times New Roman','serif'; font-size: 18pt;\">Was ihm auch geh\u00f6rt: die Zukunft.<\/span><\/p>\n<p><b><i><span lang=\"EN-US\" style=\"margin: 0px; color: black; font-family: 'Times New Roman','serif'; font-size: 18pt;\">\u00a0<\/span><\/i><\/b><\/p>\n<p><b><i><span lang=\"EN-US\" style=\"margin: 0px; color: black; font-family: 'Times New Roman','serif'; font-size: 18pt;\">*\u201c2017\u201c beginnt in der Kalenderwoche 38 des Jahres 2017 und endet am 31. Dezember. Thema: 105 Tage Deutschland. Unterwegs in der \u201eHeimat\u201c.<\/span><\/i><\/b><\/p>\n<p><b><i><span lang=\"EN-US\" style=\"margin: 0px; color: black; font-family: 'Times New Roman','serif'; font-size: 18pt;\">\u00a0<\/span><\/i><\/b><\/p>\n<p>&nbsp;<\/p>\n<p><span style=\"margin: 0px; color: black; font-family: 'Times New Roman','serif'; font-size: 18pt;\">\u00a0<\/span><\/p>\n","protected":false},"excerpt":{"rendered":"<p>\u201c2017\u201d*, Folge 16, 3. Oktober. Berlin, Grau in Grau Der Bus setzt sich in Bewegung. Vater und Mutter stehen verloren an der Haltestelle Kanonenstra\u00dfe und winken. Edmund ist froh, als man sich nicht mehr sehen kann. Er sieht zum Fenster hinaus, rechts zweigt die Hochtaunusstra\u00dfe am Sandplacken ab und f\u00fchrt zum Feldberg. Der Bus nimmt [&hellip;]<\/p>\n","protected":false},"author":3,"featured_media":907,"comment_status":"closed","ping_status":"closed","sticky":false,"template":"","format":"standard","meta":{"footnotes":""},"categories":[881,4],"tags":[898,904],"class_list":["post-3213","post","type-post","status-publish","format-standard","has-post-thumbnail","hentry","category-d2017","category-journal","tag-898","tag-frankfurt","has-post-title","has-post-date","has-post-category","has-post-tag","has-post-comment","has-post-author",""],"_links":{"self":[{"href":"https:\/\/vettensjournal.de\/klassischer-journalismus\/wp-json\/wp\/v2\/posts\/3213","targetHints":{"allow":["GET"]}}],"collection":[{"href":"https:\/\/vettensjournal.de\/klassischer-journalismus\/wp-json\/wp\/v2\/posts"}],"about":[{"href":"https:\/\/vettensjournal.de\/klassischer-journalismus\/wp-json\/wp\/v2\/types\/post"}],"author":[{"embeddable":true,"href":"https:\/\/vettensjournal.de\/klassischer-journalismus\/wp-json\/wp\/v2\/users\/3"}],"replies":[{"embeddable":true,"href":"https:\/\/vettensjournal.de\/klassischer-journalismus\/wp-json\/wp\/v2\/comments?post=3213"}],"version-history":[{"count":1,"href":"https:\/\/vettensjournal.de\/klassischer-journalismus\/wp-json\/wp\/v2\/posts\/3213\/revisions"}],"predecessor-version":[{"id":3215,"href":"https:\/\/vettensjournal.de\/klassischer-journalismus\/wp-json\/wp\/v2\/posts\/3213\/revisions\/3215"}],"wp:featuredmedia":[{"embeddable":true,"href":"https:\/\/vettensjournal.de\/klassischer-journalismus\/wp-json\/wp\/v2\/media\/907"}],"wp:attachment":[{"href":"https:\/\/vettensjournal.de\/klassischer-journalismus\/wp-json\/wp\/v2\/media?parent=3213"}],"wp:term":[{"taxonomy":"category","embeddable":true,"href":"https:\/\/vettensjournal.de\/klassischer-journalismus\/wp-json\/wp\/v2\/categories?post=3213"},{"taxonomy":"post_tag","embeddable":true,"href":"https:\/\/vettensjournal.de\/klassischer-journalismus\/wp-json\/wp\/v2\/tags?post=3213"}],"curies":[{"name":"wp","href":"https:\/\/api.w.org\/{rel}","templated":true}]}}