{"id":3199,"date":"2017-10-03T10:55:15","date_gmt":"2017-10-03T10:55:15","guid":{"rendered":"http:\/\/vettensjournal.de\/klassischer-journalismus\/?p=3199"},"modified":"2017-10-03T10:55:15","modified_gmt":"2017-10-03T10:55:15","slug":"aufwarmen","status":"publish","type":"post","link":"https:\/\/vettensjournal.de\/klassischer-journalismus\/aufwarmen\/","title":{"rendered":"AUFW\u00c4RMEN"},"content":{"rendered":"<p><b><i><span lang=\"EN-US\" style=\"margin: 0px; color: black; font-family: 'Times New Roman','serif'; font-size: 18pt;\">\u201c2017\u201d*, Folge 12, 29. September. Drau\u00dfen hat der Sommer ein Nachspiel<\/span><\/i><\/b><\/p>\n<p><span lang=\"EN-US\" style=\"margin: 0px; color: black; font-family: 'Times New Roman','serif'; font-size: 18pt;\">Das Kunstleder der roten Sessel ist eingerissen. Die drei Tischchen wackeln. Der K\u00fchlschrank hinterm Tresen schlie\u00dft nicht richtig, deswegen kann es sein, dass das Bier und der Schnaps uncool serviert werden. Kaffee wird morgens in der kleinen Maschine gemacht, das reicht f\u00fcr einen halben Tag. Es gibt Erdn\u00fcsse, wei\u00dfen und roten Wein, Im Fernsehen l\u00e4uft Fu\u00dfball. Immer. Oder Tennis. Musik machen Bowie (der hat mal im Haus nebenan gewohnt), Iggy Pop (der war Bowies Nachbar, damals) und solche Typen. Die Wirtin ist von Mittag an ein bisschen blau, h\u00e4lt aber durch bis elf, dann \u00fcbernimmt jemand, sie erscheint um zehn Uhr vormittags wieder.<\/span><\/p>\n<p><span lang=\"EN-US\" style=\"margin: 0px; color: black; font-family: 'Times New Roman','serif'; font-size: 18pt;\">Entweder mag sie einen oder sie mag einen nicht. Entweder sie bedient einen \u2013 oder man verdurstet.<\/span><\/p>\n<p><span lang=\"EN-US\" style=\"margin: 0px; color: black; font-family: 'Times New Roman','serif'; font-size: 18pt;\">Dem Horst stellt sie das Bier schon hin, bevor er seinen Stammplatz erreicht hat.<\/span><\/p>\n<p><span lang=\"EN-US\" style=\"margin: 0px; color: black; font-family: 'Times New Roman','serif'; font-size: 18pt;\">Seufzend l\u00e4sst sich Horst in den Sessel sinken. Das Kunstleder st\u00f6hnt auf. Dabei ist Horst gar kein schwerer Mann. Eher eine elegante Figur. Immer ausgesucht gekleidet, mit B\u00fcgelfalte und gewichsten Schuhen. Nackenlange, gewellte Blondhaare. Einer, der es mit Stil versemmelt.<\/span><\/p>\n<p><span lang=\"EN-US\" style=\"margin: 0px; color: black; font-family: 'Times New Roman','serif'; font-size: 18pt;\">Er hat eine Stimme wie ein Rodeo-Reiter. Rauchen, Saufen \u2013 das ist seins.<\/span><\/p>\n<p><span lang=\"EN-US\" style=\"margin: 0px; color: black; font-family: 'Times New Roman','serif'; font-size: 18pt;\">\u201cIck wee\u00df nich, war \u2019n kurioser Abnd. Heute morjn war keene Knete mehr in Portmonnaie. Muss \u2019n heftija Rausch jewesen sein. Wo de Kohle abjeblieben is? Keen Schimma. War ja schon anjez\u00e4hlt, wie ick jestern vonne Arbeet weg bin. Jeburtstachfeier vonner Kollegin.<\/span><\/p>\n<p><span lang=\"EN-US\" style=\"margin: 0px; color: black; font-family: 'Times New Roman','serif'; font-size: 18pt;\">Hamse mir noch eskortiert bis zur U-Bahn \u2013 denn valiert sich die Spur inne Nacht.<\/span><\/p>\n<p><span lang=\"EN-US\" style=\"margin: 0px; color: black; font-family: 'Times New Roman','serif'; font-size: 18pt;\">Aber wat ick sagn will: War echt kurios heute Morjen. Musste mir erstma orientiern nachm Aufwachn. War mein eijenes Bett. Ick alleene. Also nix mit Frauen. Jut so.<\/span><\/p>\n<p><span lang=\"EN-US\" style=\"margin: 0px; color: black; font-family: 'Times New Roman','serif'; font-size: 18pt;\">Ick checke die Lage. Hose h\u00e4ngt sauba \u00fcberm Stuhl. Sakko, Unterw\u00e4sche \u2013 allet piccobello. Nich jekotzt. Bestens.<\/span><\/p>\n<p><span lang=\"EN-US\" style=\"margin: 0px; color: black; font-family: 'Times New Roman','serif'; font-size: 18pt;\">Sogar de Schuhe stehn im Reih und Jlied anne Garderobe. <\/span><\/p>\n<p><span lang=\"EN-US\" style=\"margin: 0px; color: black; font-family: 'Times New Roman','serif'; font-size: 18pt;\">Schick! denk ick mir. Respekt. Dolle Party.<\/span><\/p>\n<p><span lang=\"EN-US\" style=\"margin: 0px; color: black; font-family: 'Times New Roman','serif'; font-size: 18pt;\">Schmei\u00dfe mir \u2019ne Hand Wassa int Jesicht, kiek ma im Spiejel an. Nich schlecht, allet in allem.<\/span><\/p>\n<p><span lang=\"EN-US\" style=\"margin: 0px; color: black; font-family: 'Times New Roman','serif'; font-size: 18pt;\">Na denn, jut, denk ick: Heut mach ick blau. Br\u00fccken-Wochenende. Muss nur noch zun\u00a0 Automaten, Jeld ziehn.<\/span><\/p>\n<p><span lang=\"EN-US\" style=\"margin: 0px; color: black; font-family: 'Times New Roman','serif'; font-size: 18pt;\">Jetz bin ick da. Haste noch \u2019Bier? Mann, ick bin janz trocken, obenrum.\u201d<\/span><\/p>\n<p><span lang=\"EN-US\" style=\"margin: 0px; color: black; font-family: 'Times New Roman','serif'; font-size: 18pt;\">In der Ecke grinst der alte Eddy.<b><i><\/i><\/b><\/span><\/p>\n<p><b><i><span lang=\"EN-US\" style=\"margin: 0px; color: black; font-family: 'Times New Roman','serif'; font-size: 18pt;\">*\u201c2017\u201c beginnt in der Kalenderwoche 38 des Jahres 2017 und endet am 31. Dezember. Thema: 105 Tage Deutschland. Unterwegs in der \u201eHeimat\u201c.<\/span><\/i><\/b><\/p>\n","protected":false},"excerpt":{"rendered":"<p>\u201c2017\u201d*, Folge 12, 29. September. Drau\u00dfen hat der Sommer ein Nachspiel Das Kunstleder der roten Sessel ist eingerissen. Die drei Tischchen wackeln. Der K\u00fchlschrank hinterm Tresen schlie\u00dft nicht richtig, deswegen kann es sein, dass das Bier und der Schnaps uncool serviert werden. Kaffee wird morgens in der kleinen Maschine gemacht, das reicht f\u00fcr einen halben [&hellip;]<\/p>\n","protected":false},"author":3,"featured_media":577,"comment_status":"closed","ping_status":"closed","sticky":false,"template":"","format":"standard","meta":{"footnotes":""},"categories":[881,4],"tags":[898,182,901,899,900,902],"class_list":["post-3199","post","type-post","status-publish","format-standard","has-post-thumbnail","hentry","category-d2017","category-journal","tag-898","tag-berlin","tag-bowie","tag-eddy","tag-horst","tag-iggy-pop","has-post-title","has-post-date","has-post-category","has-post-tag","has-post-comment","has-post-author",""],"_links":{"self":[{"href":"https:\/\/vettensjournal.de\/klassischer-journalismus\/wp-json\/wp\/v2\/posts\/3199","targetHints":{"allow":["GET"]}}],"collection":[{"href":"https:\/\/vettensjournal.de\/klassischer-journalismus\/wp-json\/wp\/v2\/posts"}],"about":[{"href":"https:\/\/vettensjournal.de\/klassischer-journalismus\/wp-json\/wp\/v2\/types\/post"}],"author":[{"embeddable":true,"href":"https:\/\/vettensjournal.de\/klassischer-journalismus\/wp-json\/wp\/v2\/users\/3"}],"replies":[{"embeddable":true,"href":"https:\/\/vettensjournal.de\/klassischer-journalismus\/wp-json\/wp\/v2\/comments?post=3199"}],"version-history":[{"count":1,"href":"https:\/\/vettensjournal.de\/klassischer-journalismus\/wp-json\/wp\/v2\/posts\/3199\/revisions"}],"predecessor-version":[{"id":3200,"href":"https:\/\/vettensjournal.de\/klassischer-journalismus\/wp-json\/wp\/v2\/posts\/3199\/revisions\/3200"}],"wp:featuredmedia":[{"embeddable":true,"href":"https:\/\/vettensjournal.de\/klassischer-journalismus\/wp-json\/wp\/v2\/media\/577"}],"wp:attachment":[{"href":"https:\/\/vettensjournal.de\/klassischer-journalismus\/wp-json\/wp\/v2\/media?parent=3199"}],"wp:term":[{"taxonomy":"category","embeddable":true,"href":"https:\/\/vettensjournal.de\/klassischer-journalismus\/wp-json\/wp\/v2\/categories?post=3199"},{"taxonomy":"post_tag","embeddable":true,"href":"https:\/\/vettensjournal.de\/klassischer-journalismus\/wp-json\/wp\/v2\/tags?post=3199"}],"curies":[{"name":"wp","href":"https:\/\/api.w.org\/{rel}","templated":true}]}}