{"id":3189,"date":"2017-10-02T13:11:43","date_gmt":"2017-10-02T13:11:43","guid":{"rendered":"http:\/\/vettensjournal.de\/klassischer-journalismus\/?p=3189"},"modified":"2017-10-02T13:11:43","modified_gmt":"2017-10-02T13:11:43","slug":"teufelstanz","status":"publish","type":"post","link":"https:\/\/vettensjournal.de\/klassischer-journalismus\/teufelstanz\/","title":{"rendered":"TEUFELSTANZ"},"content":{"rendered":"<p><em><strong>*2017, Folge 10, 27. September. Tr\u00fcgerisch lau.<\/strong><\/em><\/p>\n<p>So richtig nett sieht Frauke Petry nicht aus. Sie hat was Verkniffenes, ihr Lachen ist nicht freundlich. Schnell reden kann sie, scharf denken, l\u00e4chelnd Bosheiten aushecken.<\/p>\n<p>F\u00fcr die AfD ist sie in die Wahl gegangen &#8211; und be\u00e4ngstigend viele Menschen haben gemocht, was sie anbot und was sie verteufelte.<\/p>\n<p>Nun ist sie drin mit den Genossen.<\/p>\n<p>Zum ersten Mal treten sie nach dem Triumph \u00f6ffentlich auf. Herr Gauland wirkt ein wenig fahrig an diesem Vormittag, sagt ein paar Spr\u00fcchlein auf. Weitere Belanglosigkeiten schlie\u00dfen sich an.<\/p>\n<p>Dann hat Frau Petry ihr Solo.<\/p>\n<p>Mit den Damen und Herren der AfD will sie nichts mehr zu tun haben.<\/p>\n<p>Austritt.<\/p>\n<p>Sie haut den Journalisten die Brocken um die Ohren &#8211; und das liest sich dann in der Nachrichtensprache so:<\/p>\n<p><em>Sie stehe nach wie vor zu dem Programm, das sie in den letzten Jahren mit der AfD erarbeitet habe. Allerdings glaube sie nicht mehr daran, es mit der Partei umsetzen zu k\u00f6nnen, sagte Petry. Stattdessen habe sie sich &#8220;seit Monaten in innerparteilichen K\u00e4mpfen aufgerieben&#8221;. Ihr programmatischer Kurs sei durch &#8220;abseitige \u00c4u\u00dferungen&#8221; aus der Partei &#8220;konterkariert&#8221; worden. Petry: &#8220;Wir haben auch versucht, das Ruder herumzurei\u00dfen, aber am Ende muss man sich eingestehen, wenn es nicht mehr geht.&#8221;<\/em><\/p>\n<p>Klingt, als sei die Dame eine Moralistin.<\/p>\n<p>Ist sie aber nicht. Sie ist eine von denen, die l\u00fcgen, hetzen, t\u00e4uschen, vergiften.<\/p>\n<p>Herr Gauland blickt die entfesselte Frauke Petry an. Er sieht gar nicht wie ein Sieger aus. Eher wie einer, der dem B\u00f6sen begegnet und beim Blick in den Spiegel schaudert.<\/p>\n<p><strong><em>*\u201c2017\u201c beginnt in der Kalenderwoche 38 des Jahres 2017 und endet am 31. Dezember. Thema: 105 Tage Deutschland. Unterwegs in der \u201eHeimat\u201c.<\/em><\/strong><\/p>\n","protected":false},"excerpt":{"rendered":"<p>*2017, Folge 10, 27. September. Tr\u00fcgerisch lau. So richtig nett sieht Frauke Petry nicht aus. Sie hat was Verkniffenes, ihr Lachen ist nicht freundlich. Schnell reden kann sie, scharf denken, l\u00e4chelnd Bosheiten aushecken. F\u00fcr die AfD ist sie in die Wahl gegangen &#8211; und be\u00e4ngstigend viele Menschen haben gemocht, was sie anbot und was sie [&hellip;]<\/p>\n","protected":false},"author":3,"featured_media":0,"comment_status":"closed","ping_status":"closed","sticky":false,"template":"","format":"standard","meta":{"footnotes":""},"categories":[881,4],"tags":[897,894,896],"class_list":["post-3189","post","type-post","status-publish","format-standard","hentry","category-d2017","category-journal","tag-afd","tag-gauland","tag-petrx","has-post-title","has-post-date","has-post-category","has-post-tag","has-post-comment","has-post-author",""],"_links":{"self":[{"href":"https:\/\/vettensjournal.de\/klassischer-journalismus\/wp-json\/wp\/v2\/posts\/3189","targetHints":{"allow":["GET"]}}],"collection":[{"href":"https:\/\/vettensjournal.de\/klassischer-journalismus\/wp-json\/wp\/v2\/posts"}],"about":[{"href":"https:\/\/vettensjournal.de\/klassischer-journalismus\/wp-json\/wp\/v2\/types\/post"}],"author":[{"embeddable":true,"href":"https:\/\/vettensjournal.de\/klassischer-journalismus\/wp-json\/wp\/v2\/users\/3"}],"replies":[{"embeddable":true,"href":"https:\/\/vettensjournal.de\/klassischer-journalismus\/wp-json\/wp\/v2\/comments?post=3189"}],"version-history":[{"count":1,"href":"https:\/\/vettensjournal.de\/klassischer-journalismus\/wp-json\/wp\/v2\/posts\/3189\/revisions"}],"predecessor-version":[{"id":3190,"href":"https:\/\/vettensjournal.de\/klassischer-journalismus\/wp-json\/wp\/v2\/posts\/3189\/revisions\/3190"}],"wp:attachment":[{"href":"https:\/\/vettensjournal.de\/klassischer-journalismus\/wp-json\/wp\/v2\/media?parent=3189"}],"wp:term":[{"taxonomy":"category","embeddable":true,"href":"https:\/\/vettensjournal.de\/klassischer-journalismus\/wp-json\/wp\/v2\/categories?post=3189"},{"taxonomy":"post_tag","embeddable":true,"href":"https:\/\/vettensjournal.de\/klassischer-journalismus\/wp-json\/wp\/v2\/tags?post=3189"}],"curies":[{"name":"wp","href":"https:\/\/api.w.org\/{rel}","templated":true}]}}