{"id":3168,"date":"2017-09-24T10:49:09","date_gmt":"2017-09-24T10:49:09","guid":{"rendered":"http:\/\/vettensjournal.de\/klassischer-journalismus\/?p=3168"},"modified":"2017-09-24T10:55:45","modified_gmt":"2017-09-24T10:55:45","slug":"vorlauf","status":"publish","type":"post","link":"https:\/\/vettensjournal.de\/klassischer-journalismus\/vorlauf\/","title":{"rendered":"VORLAUF"},"content":{"rendered":"<p><strong><em>D 2017*, Folge 6. 23. September. Berlin im Regen.<\/em><\/strong><\/p>\n<p>F\u00fcr viereinhalb Millionen Euro ist die Siegess\u00e4ule gepimpt worden, nun strahlt sie, weil Berlin immer was zum Feiern hat. Morgen werden 40000 Menschen vorbei rennen, da haben sie noch rund 40 Kilometer vor der Brust. Seit Tagen bev\u00f6lkern sie \u2013 ernsten Gesichts und teils drahtigen K\u00f6rpers \u2013 die Stadt.<\/p>\n<p>Marathon.<\/p>\n<p>Die \u201eGold-Else\u201c hat schon soviel erlebt. Hier hat vor 200000 Menschen US-Pr\u00e4sident Obama so geklungen, als sei die Welt bald ein friedlicher Ort: \u201eWir wollen erreichen, dass die Zahl der taktischen Waffen der USA und Russlands in Europa erheblich verringert wird. Wir werden die nukleare Bewaffnung verhindern, die Nordkorea und der Iran wom\u00f6glich anstreben. Amerika wird einen Nuklearsicherheitsgipfel ausrichten, um die sichere Aufbewahrung von Nuklearmaterial auf der ganzen Welt zu gew\u00e4hrleisten.\u201c<\/p>\n<p>Ach, das hat er sch\u00f6n gesagt, die Menschheit \u2013 ein Mister Trump ausgenommen \u2013 war begeistert. Damals.<\/p>\n<p>Heute schreibt Obama flei\u00dfig sein Leben auf, und Mister Trump erkl\u00e4rt, wenn er es f\u00fcr notwendig erachtet, den totalen Krieg.<\/p>\n<p>&nbsp;<\/p>\n<p>Das juckt die \u201eGold-Else\u201c nicht. Sie hat gesehen, wie in der Umgebung die \u201eMauer\u201c geschleift wurde, wie die Fu\u00dfball-Weltmeister mit Herrn L\u00f6w Schlager von Helene Fischer gr\u00f6lten, wie die bunten Massen beim \u201eChristophers Street Day\u201c den B\u00e4ren steppen lassen, wie der Hitler sich 1939 vorbei kutschieren lie\u00df, um nachzusehen, ob sie endlich an der richtigen Stelle in der Berlin gelandet war.<\/p>\n<p>Ganz zu Beginn hat Berlin f\u00fcr die Viktoria auf der Siegess\u00e4ule so ausgesehen, wie sich das im \u201eGartenlaube\u201c-Roman \u201eGoldelse\u201c liest:<\/p>\n<p>\u201eDie Gasflammen ersetzen die Himmelslichter, die nicht kommen wollen; um die Ecken jagen die Equipagen in so w\u00fcthender Eile, da\u00df die Fu\u00dfg\u00e4nger nur durch einen k\u00fchnen Sprung an die H\u00e4user Leben und Glieder retten; daf\u00fcr folgt ein Schwall kr\u00e4ftiger Fl\u00fcche dem pelzverbr\u00e4mten Kutscher und dem eleganten Wagen, hinter dessen festgeschlossenen Scheiben reizende Damen ihr blumengeschm\u00fccktes K\u00f6pfchen m\u00fchsam \u00fcber die ungeheuren Wogen des umfangreichen Gazekleides heben und keine Ahnung davon haben, da\u00df in diesem Augenblick Feuer und Schwefel auf ihre duftenden Locken herabgew\u00fcnscht werden.\u201c<\/p>\n<p>&nbsp;<\/p>\n<p>Morgen umrunden bunte Frauen und M\u00e4nner den Gro\u00dfen Stern. Ein wogender, bunter Schwarm. Wimmelt in Richtung Theodor-Heuss-Platz. Keine Gesichter, nur hastende bunte K\u00f6rper.<\/p>\n<p>Die Menschen beginnen sp\u00e4testens jetzt zu schwitzen. Sie atmen noch ruhig, finden ihren Schritt und richten sich auf drei, vier, f\u00fcnf Stunden K\u00f6rperstress ein.<\/p>\n<p>40000 Frauen und M\u00e4nner. 40000, jeder mit einem kleinen oder gro\u00dfen Traum. Jeder will ins Ziel. Und wenn er angekommen ist, eine Medaille bekommen hat, unter der Dusche war \u2013 dann muss er weiter. Zum n\u00e4chsten Traum, vielleicht.<\/p>\n<p>&nbsp;<\/p>\n<p>Das alles wird morgen sein.<\/p>\n<p>Jetzt ist Samstag, halb neun Uhr abends, und es beginnt zu regnen. Die Stra\u00dfe nimmt Glanz auf, die blauen Dreierstreifen, die morgen die L\u00e4ufer vom Start ins Ziel f\u00fchren werden, verwischen in der Gischt.<\/p>\n<p>\u201eGold-Else\u201c im Regen.<\/p>\n<p>Heuss-Platz, ein Abt\u00f6rner.<\/p>\n<p>Der Wedding, abweisend.<\/p>\n<p>Moabit, viele gelbe Funzeln hinter Gitterfenstern \u2013 und viele dunkle Zellen. Es ist Samstag, und die Knackis haben das ganze unendliche Wochenende noch nicht mal halb hinter sich.<\/p>\n<p>Der Bahnhof, um diese Zeit kommen nicht mehr viele Reisende an, sie haben ergebene Gesichter, wollen ins Hotel und es hinter sich haben.<\/p>\n<p>Es?<\/p>\n<p>Den Tag. Das Reisen. Was auch immer.<\/p>\n<p>&nbsp;<\/p>\n<p>Dann geht es \u00fcber die Br\u00fccke in Richtung Friedrichstra\u00dfe. Bahn-Unterf\u00fchrung. B\u00fcrogeb\u00e4ude auf der Linken.<\/p>\n<p>Da l\u00e4uft \u00fcber dem Eingang die Schuldenuhr.<\/p>\n<p>Was hei\u00dft \u201esie l\u00e4uft\u201c?<\/p>\n<p>Sie rennt. Die Zahlen wuseln schneller, als jeder Afrikaner morgen beim Marathon mit seinen F\u00fc\u00dfen auf den Asphalt trommeln kann. Die Zahl hat so f\u00fcrchterlich viele Stellen. Eine Eins und neun Ziffern dahinter. Billionen? Trilliarden? Whatever. Es geht \u00fcber den Verstand.<\/p>\n<p>Dann Berlin Mitte. Menschen in Abendgarderobe.<\/p>\n<p>Nach dem Alex Menschen im letzten Hemd. Die Penner ducken sich in Hauseing\u00e4ngen vor dem Regen weg.<\/p>\n<p>Heinrich-Heine-Stra\u00dfe. Fr\u00fcher war hier mal die Grenze zwischen Ost und West. Heute ist es Niemandsland. Nur ein dunkler Lidl und ein abweisendes Hotel.<\/p>\n<p>Weiter laufen!<\/p>\n<p>Es sch\u00fcttet. Morgen soll es am Vormittag trocken sein, da wird gew\u00e4hlt.<\/p>\n<p>Und da wird gerannt.<\/p>\n<p>Halb zehn.<\/p>\n<p>Dann starten die Guten.<\/p>\n<p><strong><em>*\u201cD2017\u201c beginnt in der Kalenderwoche 38 des Jahres 2017 und endet am 31. Dezember. Thema: 105 Tage Deutschland. Unterwegs in der \u201eHeimat\u201c.<\/em><\/strong><\/p>\n<p>&nbsp;<\/p>\n<p>&nbsp;<\/p>\n<p>&nbsp;<\/p>\n","protected":false},"excerpt":{"rendered":"<p>D 2017*, Folge 6. 23. September. Berlin im Regen. F\u00fcr viereinhalb Millionen Euro ist die Siegess\u00e4ule gepimpt worden, nun strahlt sie, weil Berlin immer was zum Feiern hat. Morgen werden 40000 Menschen vorbei rennen, da haben sie noch rund 40 Kilometer vor der Brust. Seit Tagen bev\u00f6lkern sie \u2013 ernsten Gesichts und teils drahtigen K\u00f6rpers [&hellip;]<\/p>\n","protected":false},"author":3,"featured_media":3170,"comment_status":"closed","ping_status":"closed","sticky":false,"template":"","format":"standard","meta":{"footnotes":""},"categories":[881,4,1],"tags":[182,890,404,892,889,891,744],"class_list":["post-3168","post","type-post","status-publish","format-standard","has-post-thumbnail","hentry","category-d2017","category-journal","category-uncategorized","tag-berlin","tag-gold-else","tag-hitler","tag-low","tag-marathon","tag-obama","tag-trump","has-post-title","has-post-date","has-post-category","has-post-tag","has-post-comment","has-post-author",""],"_links":{"self":[{"href":"https:\/\/vettensjournal.de\/klassischer-journalismus\/wp-json\/wp\/v2\/posts\/3168","targetHints":{"allow":["GET"]}}],"collection":[{"href":"https:\/\/vettensjournal.de\/klassischer-journalismus\/wp-json\/wp\/v2\/posts"}],"about":[{"href":"https:\/\/vettensjournal.de\/klassischer-journalismus\/wp-json\/wp\/v2\/types\/post"}],"author":[{"embeddable":true,"href":"https:\/\/vettensjournal.de\/klassischer-journalismus\/wp-json\/wp\/v2\/users\/3"}],"replies":[{"embeddable":true,"href":"https:\/\/vettensjournal.de\/klassischer-journalismus\/wp-json\/wp\/v2\/comments?post=3168"}],"version-history":[{"count":1,"href":"https:\/\/vettensjournal.de\/klassischer-journalismus\/wp-json\/wp\/v2\/posts\/3168\/revisions"}],"predecessor-version":[{"id":3171,"href":"https:\/\/vettensjournal.de\/klassischer-journalismus\/wp-json\/wp\/v2\/posts\/3168\/revisions\/3171"}],"wp:featuredmedia":[{"embeddable":true,"href":"https:\/\/vettensjournal.de\/klassischer-journalismus\/wp-json\/wp\/v2\/media\/3170"}],"wp:attachment":[{"href":"https:\/\/vettensjournal.de\/klassischer-journalismus\/wp-json\/wp\/v2\/media?parent=3168"}],"wp:term":[{"taxonomy":"category","embeddable":true,"href":"https:\/\/vettensjournal.de\/klassischer-journalismus\/wp-json\/wp\/v2\/categories?post=3168"},{"taxonomy":"post_tag","embeddable":true,"href":"https:\/\/vettensjournal.de\/klassischer-journalismus\/wp-json\/wp\/v2\/tags?post=3168"}],"curies":[{"name":"wp","href":"https:\/\/api.w.org\/{rel}","templated":true}]}}