{"id":2714,"date":"2017-01-31T11:15:24","date_gmt":"2017-01-31T11:15:24","guid":{"rendered":"http:\/\/vettensjournal.de\/klassischer-journalismus\/?p=2714"},"modified":"2017-01-31T20:33:18","modified_gmt":"2017-01-31T20:33:18","slug":"eiszeit","status":"publish","type":"post","link":"https:\/\/vettensjournal.de\/klassischer-journalismus\/eiszeit\/","title":{"rendered":"EISZEIT"},"content":{"rendered":"<p style=\"text-align: left;\"><span style=\"margin: 0px; font-family: 'Times New Roman','serif'; font-size: 18pt;\"><span style=\"color: #000000;\">31. januar 2017, washington, -5 grad, bew\u00f6lkt, mieming (tirol), 2 grad, ein wenig regen<\/span><span style=\"color: #000000;\">\u00a0\u00a0\u00a0\u00a0\u00a0\u00a0 <\/span><span style=\"color: #000000;\">&#8212;-<\/span><span style=\"color: #000000;\">\u00a0\u00a0\u00a0 <\/span><strong><em><span style=\"color: #000000;\">winter 16\/17, Folge 22<\/span><\/em><\/strong><\/span><\/p>\n<p><span style=\"margin: 0px; font-family: 'Times New Roman','serif'; font-size: 18pt;\"><span style=\"color: #000000;\">\u00a0<\/span><\/span><\/p>\n<p style=\"text-align: center;\"><strong><em><span style=\"margin: 0px; font-family: 'Times New Roman','serif'; font-size: 18pt;\"><span style=\"color: #000000;\">Fired! Donald Trump mag seine Justizministerin Sally Yates nicht mehr. Wegen \u201eVerrats\u201c in Sachen Einwanderungs-Erlass <\/span><span style=\"color: #000000;\">\u00a0<\/span><span style=\"color: #000000;\">greift der Pr\u00e4sident durch. Frau Yates ist raus.<\/span><\/span><\/em><\/strong><\/p>\n<p><span style=\"margin: 0px; font-family: 'Times New Roman','serif'; font-size: 18pt;\"><span style=\"color: #000000;\">\u00a0<\/span><\/span><\/p>\n<figure id=\"attachment_2709\" aria-describedby=\"caption-attachment-2709\" style=\"width: 300px\" class=\"wp-caption aligncenter\"><img loading=\"lazy\" decoding=\"async\" class=\"wp-image-2709 size-medium\" src=\"http:\/\/vettensjournal.de\/klassischer-journalismus\/wp-content\/uploads\/2017\/01\/IMG_2230-300x300.jpg\" width=\"300\" height=\"300\" srcset=\"https:\/\/vettensjournal.de\/klassischer-journalismus\/wp-content\/uploads\/2017\/01\/IMG_2230-300x300.jpg 300w, https:\/\/vettensjournal.de\/klassischer-journalismus\/wp-content\/uploads\/2017\/01\/IMG_2230-150x150.jpg 150w, https:\/\/vettensjournal.de\/klassischer-journalismus\/wp-content\/uploads\/2017\/01\/IMG_2230-768x768.jpg 768w, https:\/\/vettensjournal.de\/klassischer-journalismus\/wp-content\/uploads\/2017\/01\/IMG_2230-1024x1024.jpg 1024w, https:\/\/vettensjournal.de\/klassischer-journalismus\/wp-content\/uploads\/2017\/01\/IMG_2230-600x600.jpg 600w\" sizes=\"auto, (max-width: 300px) 100vw, 300px\" \/><figcaption id=\"caption-attachment-2709\" class=\"wp-caption-text\">Wo kalt der Wildbach rauscht.<\/figcaption><\/figure>\n<p>&nbsp;<\/p>\n<p><span style=\"margin: 0px; font-family: 'Times New Roman','serif'; font-size: 18pt;\"><span style=\"color: #000000;\">Max t\u00e4tschelt der \u201eJosefa\u201c den Hintern. Sie blickt ihn aus ihren gro\u00dfen Kuh-Augen an und versteht:<\/span><\/span><\/p>\n<p><span style=\"margin: 0px; font-family: 'Times New Roman','serif'; font-size: 18pt;\"><span style=\"color: #000000;\">Der Bauer macht sich Gedanken.<\/span><\/span><\/p>\n<p><span style=\"margin: 0px; font-family: 'Times New Roman','serif'; font-size: 18pt;\"><span style=\"color: #000000;\">Bed\u00e4chtig gabelt er ihr noch eine Extraportion Heu in die Raufe. Max lehnt die Forke an die Stallwand, schl\u00fcpft aus den Stiefeln, wechselt in die Pantinen und schlurft durch den Gang in die K\u00fcche. Er knipst die Lampe \u00fcber dem Esstisch an, schaltet den Radioapparat ein, gie\u00dft Wasser in die Kaffeemaschine.<\/span><\/span><\/p>\n<p><span style=\"margin: 0px; font-family: 'Times New Roman','serif'; font-size: 18pt;\"><span style=\"color: #000000;\">Das ist ihm der liebste Moment des Tages. Au\u00dfer dem Hund und dem Vieh schl\u00e4ft alles im Haus \u2013 die Frau, die Kinder, die G\u00e4ste. Er greift zur Zeitung, mischt viel Milch in den Kaffee, drei L\u00f6ffel Zucker nimmt er, schneidet einen Kanten Brot vom Leib.<\/span><\/span><\/p>\n<p><span style=\"margin: 0px; font-family: 'Times New Roman','serif'; font-size: 18pt;\"><span style=\"color: #000000;\">W\u00e4hrend er die Lokalnachrichten studiert, stippt er das Brot in den Milchkaffee, bis es sich voll gesogen hat. Das sind die Augenblicke, in denen Max mit sich im Reinen ist.<\/span><\/span><\/p>\n<p><span style=\"margin: 0px; font-family: 'Times New Roman','serif'; font-size: 18pt;\"><span style=\"color: #000000;\">Heute aber wird er diese Unruhe nicht los. Er sieht hinaus ins sich lichtende Nachtschwarz. Die Stra\u00dfe vor dem Haus schimmert \u2013 der leichte Regen ist auf dem Asphalt gefroren, nun k\u00f6nnte man da drau\u00dfen Schlittschuh laufen.<\/span><\/span><\/p>\n<p><span style=\"margin: 0px; font-family: 'Times New Roman','serif'; font-size: 18pt;\"><span style=\"color: #000000;\">Im Radio erz\u00e4hlt ein verteufelt munterer Moderator, der Trump habe seine Justizministerin entlassen. Jetzt seien auch schon Muslim-Kinder in Handschellen gelegt worden, und der Sprecher des Pr\u00e4sidenten finde das v\u00f6llig okay. Im Parlament in Wien bahne sich gro\u00dfer Streit an \u2013 Kanzler Kern hat gesagt, da werde gerade eine \u201eLunte am Pulverfass\u201c angez\u00fcndet, und dann implodiere die Republik. Auf den \u00f6sterreichischen Stra\u00dfen herrsche das Blitzeis-Chaos. Heute sei der letzte J\u00e4nner-Tag \u2013 morgen brauche man neue Vignetten, also Obacht, die Polizei verteile Strafen\u2026<\/span><\/span><\/p>\n<p><span style=\"margin: 0px; font-family: 'Times New Roman','serif'; font-size: 18pt;\"><span style=\"color: #000000;\">Max schaltet aus. Er sieht in den Milchkaffee und vergisst Essen und Trinken. Schritte trappen die Treppe herunter. Die Frau, noch im Morgenmantel, kommt durch die T\u00fcr, k\u00fcsst ihn auf die Stirn. Sie sieht ihren Mann an und fragt, ob ihm was fehle.<\/span><\/span><\/p>\n<p><span style=\"margin: 0px; font-family: 'Times New Roman','serif'; font-size: 18pt;\"><span style=\"color: #000000;\">\u201eAch, es ist nix. Ein bl\u00f6der Tag, irgendwie.\u201c<\/span><\/span><\/p>\n<p><span style=\"margin: 0px; font-family: 'Times New Roman','serif'; font-size: 18pt;\"><span style=\"color: #000000;\">Sie kennt ihren Mann. L\u00e4sst ihn erz\u00e4hlen. Von der Vignette und dem Kanzler und dem Pulverfass und dem Pr\u00e4sidenten da dr\u00fcben in der Neuen Welt.<\/span><\/span><\/p>\n<p><span style=\"margin: 0px; font-family: 'Times New Roman','serif'; font-size: 18pt;\"><span style=\"color: #000000;\">\u201eWei\u00dft was\u201c, sagt die Frau. \u201eDen Stall hast gemacht, um die Kinder und die G\u00e4ste k\u00fcmmer\u2018 ich mich. Du gehst jetzt erst einmal mit dem Hund \u2018naus in den Wald. Die Luft tut Dir gut.\u201c<\/span><\/span><\/p>\n<p><span style=\"margin: 0px; font-family: 'Times New Roman','serif'; font-size: 18pt;\"><span style=\"color: #000000;\">Max ist ihr dankbar. Er steigt in die Bergstiefel, greift sich Leine, Anorak und M\u00fctze. Ruft den Hund. Der freut sich narrisch.<\/span><\/span><\/p>\n<p><span style=\"margin: 0px; font-family: 'Times New Roman','serif'; font-size: 18pt;\"><span style=\"color: #000000;\">Nach ein paar Minuten haben sie das Dorf hinter sich. Nun stapft Max in einer festgetretenen Spur in den Wald hinauf.<\/span><\/span><\/p>\n<p><span style=\"margin: 0px; font-family: 'Times New Roman','serif'; font-size: 18pt;\"><span style=\"color: #000000;\">Der Hund furcht mit der Schnauze durch den nassen Schnee, Max hat einen strammen Schritt gefunden, der ihn au\u00dfer Atem bringt und so anstrengt, dass er nicht viel zum Denken kommt.<\/span><\/span><\/p>\n<p><span style=\"margin: 0px; font-family: 'Times New Roman','serif'; font-size: 18pt;\"><span style=\"color: #000000;\">Sie queren den Wildbach, erreichen die ersten Felsen. Hier wird der Steig schmal und sehr steil. Immer wieder nimmt Max die H\u00e4nde beim Steigen zuhilfe. Er ist schnell unterwegs, es tut gut, wenn die Beine schmerzen und es in der Lunge pfeift. Es tut gut, klitschnass geschwitzt zu sein.<\/span><\/span><\/p>\n<p><span style=\"margin: 0px; font-family: 'Times New Roman','serif'; font-size: 18pt;\"><span style=\"color: #000000;\">Es tut gut, oben um eine Ecke zu biegen und zu erschrecken, weil hier die Landschaft so j\u00e4h wird.<\/span><\/span><\/p>\n<p><span style=\"margin: 0px; font-family: 'Times New Roman','serif'; font-size: 18pt;\"><span style=\"color: #000000;\">Den \u201eGachen Blick\u201c hei\u00dft man es hier oben. Das ist ein Blick ins scheinbar Bodenlose. <\/span><\/span><\/p>\n<p><span style=\"margin: 0px; font-family: 'Times New Roman','serif'; font-size: 18pt;\"><span style=\"color: #000000;\">Kurz stemmt Max die H\u00e4nde auf die Oberschenkel und sieht sich um. Felsw\u00e4nde, die im milchigen Grau verschwinden. Kiefern, an deren Nadeln sich Eiszapfen eingehakt haben. Der Weg von unten, notd\u00fcrftig gespurt und riskant.<\/span><\/span><\/p>\n<p><span style=\"margin: 0px; font-family: 'Times New Roman','serif'; font-size: 18pt;\"><span style=\"color: #000000;\">Max beginnt den Abstieg.<\/span><\/span><\/p>\n<p>&nbsp;<\/p>\n<figure id=\"attachment_2710\" aria-describedby=\"caption-attachment-2710\" style=\"width: 300px\" class=\"wp-caption aligncenter\"><img loading=\"lazy\" decoding=\"async\" class=\"wp-image-2710 size-medium\" src=\"http:\/\/vettensjournal.de\/klassischer-journalismus\/wp-content\/uploads\/2017\/01\/IMG_2228-300x300.jpg\" width=\"300\" height=\"300\" srcset=\"https:\/\/vettensjournal.de\/klassischer-journalismus\/wp-content\/uploads\/2017\/01\/IMG_2228-300x300.jpg 300w, https:\/\/vettensjournal.de\/klassischer-journalismus\/wp-content\/uploads\/2017\/01\/IMG_2228-150x150.jpg 150w, https:\/\/vettensjournal.de\/klassischer-journalismus\/wp-content\/uploads\/2017\/01\/IMG_2228-768x768.jpg 768w, https:\/\/vettensjournal.de\/klassischer-journalismus\/wp-content\/uploads\/2017\/01\/IMG_2228-1024x1024.jpg 1024w, https:\/\/vettensjournal.de\/klassischer-journalismus\/wp-content\/uploads\/2017\/01\/IMG_2228-600x600.jpg 600w\" sizes=\"auto, (max-width: 300px) 100vw, 300px\" \/><figcaption id=\"caption-attachment-2710\" class=\"wp-caption-text\">Rauf geht&#8217;s immer &#8211; runter ist&#8217;s schlimmer.<\/figcaption><\/figure>\n<p>&nbsp;<\/p>\n<p><span style=\"margin: 0px; font-family: 'Times New Roman','serif'; font-size: 18pt;\"><span style=\"color: #000000;\">Das b\u00f6se Wetter ist \u00fcber Nacht aus dem Westen gekommen. Es hat dem Land alles Heitere genommen.<\/span><\/span><\/p>\n<p><span style=\"margin: 0px; font-family: 'Times New Roman','serif'; font-size: 18pt;\"><span style=\"color: #000000;\">Max verhedert sich an einer Wurzel unterm Schnee. Er strauchelt, st\u00fcrzt, rutscht in die Flanke hinunter, h\u00e4lt sich an einer Kiefer fest. Er zieht sich hoch, der Hund sieht ihm interessiert zu.<\/span><\/span><\/p>\n<p><span style=\"margin: 0px; font-family: 'Times New Roman','serif'; font-size: 18pt;\"><span style=\"color: #000000;\">Max setzt den Abstieg fort. Schei\u00dfe, denkt er, da ist was mit dem gro\u00dfen Zeh rechts. Der tut weh. K\u00f6nnte sein, dass der gebrochen ist. W\u00e4re nicht das erste Mal. Den hat er vor Jahren beim Fu\u00dfball kaputt gemacht, seither heilt er nicht mehr so recht zusammen.<\/span><\/span><\/p>\n<p><span style=\"margin: 0px; font-family: 'Times New Roman','serif'; font-size: 18pt;\"><span style=\"color: #000000;\">Es ist unangenehm. Aber gleichzeitig ist es auch okay. Max erreicht den breiten Forstweg. Jetzt ist es ein sauberes Marschieren. Er kann schon die Morgenger\u00e4usche aus dem Tal h\u00f6ren.<\/span><\/span><\/p>\n<p><span style=\"margin: 0px; font-family: 'Times New Roman','serif'; font-size: 18pt;\"><span style=\"color: #000000;\">Eine Stunde sp\u00e4ter biegen Max und sein Hund auf die Teerstra\u00dfe ein. Jetzt m\u00fcssen sie nur noch an dem wundersch\u00f6nen Hotel vorbei, dann sind sie daheim.<\/span><\/span><\/p>\n<p><span style=\"margin: 0px; font-family: 'Times New Roman','serif'; font-size: 18pt;\"><span style=\"color: #000000;\">Der Postwagen h\u00e4ngt im Stra\u00dfengraben fest. Ist auf dem Blitzeis einfach nicht mehr zum Stehen gekommen. Ob er helfen k\u00f6nne, fragt Max. Nein, sagt der Postler aus Telfs, er hat schon um Hilfe telefoniert. <\/span><\/span><\/p>\n<p>&nbsp;<\/p>\n<figure id=\"attachment_2718\" aria-describedby=\"caption-attachment-2718\" style=\"width: 293px\" class=\"wp-caption aligncenter\"><img loading=\"lazy\" decoding=\"async\" class=\"wp-image-2718 size-medium\" src=\"http:\/\/vettensjournal.de\/klassischer-journalismus\/wp-content\/uploads\/2017\/01\/sigl-293x300.jpg\" width=\"293\" height=\"300\" \/><figcaption id=\"caption-attachment-2718\" class=\"wp-caption-text\">Der Herr Doktor wird&#8217;s richten.<\/figcaption><\/figure>\n<p>&nbsp;<\/p>\n<p><span style=\"margin: 0px; font-family: 'Times New Roman','serif'; font-size: 18pt;\"><span style=\"color: #000000;\">Max kommt am Hotel vorbei. Da hat es auch einen Unfall gegeben. Zwei Wagen einer Filmcrew haben sich ineinander verkeilt.<\/span><\/span><\/p>\n<p><span style=\"margin: 0px; font-family: 'Times New Roman','serif'; font-size: 18pt;\"><span style=\"color: #000000;\">Selber bl\u00f6d, die Affen, wenn sie an so einem Tag ins Gebirge fahren. <\/span><\/span><\/p>\n<p><span style=\"margin: 0px; font-family: 'Times New Roman','serif'; font-size: 18pt;\"><span style=\"color: #000000;\">Am Stand der Caterer steht der Filmstar und trinkt einen Kaffee. Den kennt man, das ist der Hans Sigl, der \u201eBergdoktor\u201c. Der schaut braun gebrannt und froh aus. Der schaut so aus, als ob alles in Ordnung sei.<\/span><\/span><\/p>\n<p><span style=\"margin: 0px; font-family: 'Times New Roman','serif'; font-size: 18pt;\"><span style=\"color: #000000;\">Max fragt einen Hausl vom Hotel, was die denn da drehen.<\/span><\/span><\/p>\n<p><span style=\"margin: 0px; font-family: 'Times New Roman','serif'; font-size: 18pt;\"><span style=\"color: #000000;\">\u201eAch\u201c, sagt der alte Mann, \u201eallweil der gleiche Krampf. Irgendwas mit ,Liebe auf Umwegen\u2018. Im Dezember sehen wir\u2019s eh im Fernsehen.\u201c<\/span><\/span><\/p>\n<p><span style=\"margin: 0px; font-family: 'Times New Roman','serif'; font-size: 18pt;\"><span style=\"color: #000000;\">Na, dann ist\u2019s ja gut. Wenn der \u201eBergdoktor\u201c seine Liebe erst im Dezember erlebt, dann wird die Welt schon nicht untergehen.<\/span><\/span><\/p>\n<p style=\"text-align: right;\"><em><strong><span style=\"margin: 0px; font-family: 'Times New Roman','serif'; font-size: 18pt;\"><span style=\"color: #000000;\">Morgen: Fr\u00fcher<\/span><\/span><\/strong><\/em><\/p>\n<p>&nbsp;<\/p>\n","protected":false},"excerpt":{"rendered":"<p>31. januar 2017, washington, -5 grad, bew\u00f6lkt, mieming (tirol), 2 grad, ein wenig regen\u00a0\u00a0\u00a0\u00a0\u00a0\u00a0 &#8212;-\u00a0\u00a0\u00a0 winter 16\/17, Folge 22 \u00a0 Fired! Donald Trump mag seine Justizministerin Sally Yates nicht mehr. Wegen \u201eVerrats\u201c in Sachen Einwanderungs-Erlass \u00a0greift der Pr\u00e4sident durch. Frau Yates ist raus. \u00a0 &nbsp; Max t\u00e4tschelt der \u201eJosefa\u201c den Hintern. Sie blickt ihn aus [&hellip;]<\/p>\n","protected":false},"author":3,"featured_media":2712,"comment_status":"closed","ping_status":"closed","sticky":false,"template":"","format":"standard","meta":{"footnotes":""},"categories":[4,602,714],"tags":[747,768,658,769],"class_list":["post-2714","post","type-post","status-publish","format-standard","has-post-thumbnail","hentry","category-journal","category-sputniks-welt","category-winter-1617","tag-100-tage","tag-tag-12","tag-trump-donald","tag-yates-sally","has-post-title","has-post-date","has-post-category","has-post-tag","has-post-comment","has-post-author",""],"_links":{"self":[{"href":"https:\/\/vettensjournal.de\/klassischer-journalismus\/wp-json\/wp\/v2\/posts\/2714","targetHints":{"allow":["GET"]}}],"collection":[{"href":"https:\/\/vettensjournal.de\/klassischer-journalismus\/wp-json\/wp\/v2\/posts"}],"about":[{"href":"https:\/\/vettensjournal.de\/klassischer-journalismus\/wp-json\/wp\/v2\/types\/post"}],"author":[{"embeddable":true,"href":"https:\/\/vettensjournal.de\/klassischer-journalismus\/wp-json\/wp\/v2\/users\/3"}],"replies":[{"embeddable":true,"href":"https:\/\/vettensjournal.de\/klassischer-journalismus\/wp-json\/wp\/v2\/comments?post=2714"}],"version-history":[{"count":1,"href":"https:\/\/vettensjournal.de\/klassischer-journalismus\/wp-json\/wp\/v2\/posts\/2714\/revisions"}],"predecessor-version":[{"id":2719,"href":"https:\/\/vettensjournal.de\/klassischer-journalismus\/wp-json\/wp\/v2\/posts\/2714\/revisions\/2719"}],"wp:featuredmedia":[{"embeddable":true,"href":"https:\/\/vettensjournal.de\/klassischer-journalismus\/wp-json\/wp\/v2\/media\/2712"}],"wp:attachment":[{"href":"https:\/\/vettensjournal.de\/klassischer-journalismus\/wp-json\/wp\/v2\/media?parent=2714"}],"wp:term":[{"taxonomy":"category","embeddable":true,"href":"https:\/\/vettensjournal.de\/klassischer-journalismus\/wp-json\/wp\/v2\/categories?post=2714"},{"taxonomy":"post_tag","embeddable":true,"href":"https:\/\/vettensjournal.de\/klassischer-journalismus\/wp-json\/wp\/v2\/tags?post=2714"}],"curies":[{"name":"wp","href":"https:\/\/api.w.org\/{rel}","templated":true}]}}