{"id":2698,"date":"2017-01-28T22:52:45","date_gmt":"2017-01-28T22:52:45","guid":{"rendered":"http:\/\/vettensjournal.de\/klassischer-journalismus\/?p=2698"},"modified":"2017-01-28T22:53:58","modified_gmt":"2017-01-28T22:53:58","slug":"kids-und-folter","status":"publish","type":"post","link":"https:\/\/vettensjournal.de\/klassischer-journalismus\/kids-und-folter\/","title":{"rendered":"KIDS UND FOLTER"},"content":{"rendered":"<p><span style=\"color: #000000;\">wir haben den 28. januar. in washington ist der himmel um f\u00fcnf uhr nachmittags frei, bei sechs grad\/in m\u00fcnchen liegt nachmittags dunst \u00fcber der stadt, null grad\u00a0\u00a0\u00a0 &#8212;- \u00a0\u00a0\u00a0<em><strong>winter 16\/17, Folge 20<\/strong><\/em><\/span><\/p>\n<p><span style=\"color: #000000;\">Trump will keine Fl\u00fcchtlinge. Aufnahmestopp, Einreiseverbot f\u00fcr Muslime.<\/span><\/p>\n<p><span style=\"color: #000000;\">Trump will echt knackige Verh\u00f6re. \u201eIch bin absolut \u00fcberzeugt, dass Folter im Anti-Terror-Kampf funktioniert. UInd Waterboarding ist okay<\/span><\/p>\n<p>&nbsp;<\/p>\n<figure id=\"attachment_2697\" aria-describedby=\"caption-attachment-2697\" style=\"width: 300px\" class=\"wp-caption aligncenter\"><img loading=\"lazy\" decoding=\"async\" class=\"wp-image-2697 size-medium\" src=\"http:\/\/vettensjournal.de\/klassischer-journalismus\/wp-content\/uploads\/2017\/01\/ho3-300x199.jpg\" width=\"300\" height=\"199\" srcset=\"https:\/\/vettensjournal.de\/klassischer-journalismus\/wp-content\/uploads\/2017\/01\/ho3-300x199.jpg 300w, https:\/\/vettensjournal.de\/klassischer-journalismus\/wp-content\/uploads\/2017\/01\/ho3-768x509.jpg 768w, https:\/\/vettensjournal.de\/klassischer-journalismus\/wp-content\/uploads\/2017\/01\/ho3-600x397.jpg 600w, https:\/\/vettensjournal.de\/klassischer-journalismus\/wp-content\/uploads\/2017\/01\/ho3.jpg 980w\" sizes=\"auto, (max-width: 300px) 100vw, 300px\" \/><figcaption id=\"caption-attachment-2697\" class=\"wp-caption-text\">Der Pr\u00e4sident der Welt sagt: &#8220;Alle weg bei\u00dfen!&#8221;<\/figcaption><\/figure>\n<p>&nbsp;<\/p>\n<p><span style=\"margin: 0px; color: #000000; font-family: 'Times New Roman','serif'; font-size: 18pt;\">Donald Trump sagt, die Welt sei ein \u201eb\u00f6ser Platz\u201c.<\/span><\/p>\n<p><span style=\"margin: 0px; color: #000000; font-family: 'Times New Roman','serif'; font-size: 18pt;\">\u00a0<\/span><\/p>\n<figure id=\"attachment_2695\" aria-describedby=\"caption-attachment-2695\" style=\"width: 300px\" class=\"wp-caption aligncenter\"><img loading=\"lazy\" decoding=\"async\" class=\"wp-image-2695 size-medium\" src=\"http:\/\/vettensjournal.de\/klassischer-journalismus\/wp-content\/uploads\/2017\/01\/ho5-300x199.jpg\" width=\"300\" height=\"199\" srcset=\"https:\/\/vettensjournal.de\/klassischer-journalismus\/wp-content\/uploads\/2017\/01\/ho5-300x199.jpg 300w, https:\/\/vettensjournal.de\/klassischer-journalismus\/wp-content\/uploads\/2017\/01\/ho5-768x509.jpg 768w, https:\/\/vettensjournal.de\/klassischer-journalismus\/wp-content\/uploads\/2017\/01\/ho5-600x398.jpg 600w, https:\/\/vettensjournal.de\/klassischer-journalismus\/wp-content\/uploads\/2017\/01\/ho5.jpg 980w\" sizes=\"auto, (max-width: 300px) 100vw, 300px\" \/><figcaption id=\"caption-attachment-2695\" class=\"wp-caption-text\">Der Pr\u00e4sident der Welt sagt: Was gilt, ist wir.<\/figcaption><\/figure>\n<p><span style=\"margin: 0px; color: #000000; font-family: 'Times New Roman','serif'; font-size: 18pt;\">\u00a0<\/span><\/p>\n<p><span style=\"margin: 0px; color: #000000; font-family: 'Times New Roman','serif'; font-size: 18pt;\">Am selben Tag feiern sie in M\u00fcnchen. \u201eHorizont\u201c ist vor 20 Jahren gegr\u00fcndet worden. Damals wurden zehn M\u00fctter und 25 Kinder aufgenommen. Es war ein mutiger Anfang. Der damalige B\u00fcrgermeister Christian Ude erinnert sich: \u201eAls mir die Schauspielerin Jutta \u00a0Speidel ihre Idee pr\u00e4sentierte, ein Haus f\u00fcr obdachlose Frauen und ihre Kinder zu gr\u00fcnden, hatte ich so meine Zweifel: Packt die das?. Puh, das wird ein H\u00fcrdenlauf. Heute wissen wir, dass Jutta Speidel alle H\u00fcrden genommen hat.\u201c <\/span><\/p>\n<p><span style=\"margin: 0px; color: #000000; font-family: 'Times New Roman','serif'; font-size: 18pt;\">Seit der Gr\u00fcndung hat der Verein \u201eHorizont\u201c 2055 Menschen betreut. 29 Mitarbeiter sind 365 Tage im Jahr f\u00fcr Menschen da, deren Leben alles Lebenswerte verloren hatte. <\/span><\/p>\n<p><span style=\"margin: 0px; color: #000000; font-family: 'Times New Roman','serif'; font-size: 18pt;\">Da sind die 37-j\u00e4hrige Maria und ihre Tochter Lisa (alle Namen ge\u00e4ndert). Bei der Geburt der Tochter sah alles noch nach einem kleinen Familiengl\u00fcck aus. Maria und ihr Mann Anton hatten Arbeit und ein Auskommen. <\/span><\/p>\n<p><span style=\"margin: 0px; color: #000000; font-family: 'Times New Roman','serif'; font-size: 18pt;\">Dann wurde Anton krank, verlor den Job. Maria pflegte ihn, k\u00fcmmert sich ums Kind \u2013 es war zuviel f\u00fcr eine einzelne Frau, die Arbeit in der Gastronomie wuchs Maria \u00fcber den Kopf. Job weg, die Familie konnte die Miete nicht mehr zahlen, verlor den Halt, landete auf der Stra\u00dfe. <\/span><\/p>\n<p><span style=\"margin: 0px; color: #000000; font-family: 'Times New Roman','serif'; font-size: 18pt;\">Jemand vom Wohnungsamt vermittelte Maria und die neunj\u00e4hrige Lisa ins \u201eHorizont\u201c-Haus. Dort kommen sie gerade wieder auf die F\u00fc\u00dfe. Lisas Lieblingsbesch\u00e4ftigung: Kuchen backen.<\/span><\/p>\n<p><span style=\"margin: 0px; color: #000000; font-family: 'Times New Roman','serif'; font-size: 18pt;\">Oder Celina und ihre drei Kleinen aus Rum\u00e4nien. Die Mama erz\u00e4hlt eine Geschichte, wie sie die \u201eHorizont\u201c-Mitarbeiter immer wieder h\u00f6ren m\u00fcssen. W\u00e4hrend der Schwangerschaft wird die junge Frau von ihrem Mann geschlagen, sp\u00e4ter l\u00e4sst er sie sitzen. Celina will nur, dass es besser wird, schl\u00e4gt sich durch in den Westen. Erstmal bleiben drei Kinder bei der Oma.<\/span><\/p>\n<p><span style=\"margin: 0px; color: #000000; font-family: 'Times New Roman','serif'; font-size: 18pt;\">In Deutschland hat Celina einen Onkel. Sie erf\u00e4hrt, dass die Oma die Kinder nicht mehr ern\u00e4hren kann, also holt sie das M\u00e4dchen und die zwei Buben nach. Doch es ist alles zuviel. Beim Onkel kann die Mutter mit den drei Kleinen nicht bleiben, sie landen auf der Stra\u00dfe.<\/span><\/p>\n<p><span style=\"margin: 0px; color: #000000; font-family: 'Times New Roman','serif'; font-size: 18pt;\">\u201eHorizont\u201c ist die Rettung. Im Augenblick bem\u00fchen sich die Mitarbeiter um Ausbildungspl\u00e4tze f\u00fcr Ben und Janis. Anna tollt durchs Haus und vergisst allm\u00e4hlich die Schrecken der letzten Jahre. Schnee ist in diesem Jahr etwas Wundersch\u00f6nes. Winter steht f\u00fcr Rodeln, nicht f\u00fcr furchtbares Frieren.<\/span><\/p>\n<p><span style=\"margin: 0px; color: #000000; font-family: 'Times New Roman','serif'; font-size: 18pt;\">Aus Bulgarien kommen Tim und Rufus. Bittere Armut haben sie erleben m\u00fcssen. Der Vater hat sich aus dem Staub gemacht. Flucht nach Deutschland. Wohnung? Fehlanzeige. Nun f\u00fchlen sie sich zum ersten Mal in \u00edhrem \u201eHorizont\u201c-Appartement besch\u00fctzt und begleitet. <\/span><\/p>\n<p><span style=\"margin: 0px; color: #000000; font-family: 'Times New Roman','serif'; font-size: 18pt;\">Claudia ist 31 und hatte schon die Hoffnung auf eine bessere Zukunft aufgegeben. Zuviel war passiert. Der Mann war drogens\u00fcchtig, Geld war nie da, daf\u00fcr rastete der Vater von drei Kindern immer wieder aus. Claudia trennte sich von ihm \u2013 aber was hatte sie schon? Sie war mittellos und landete mit ihren T\u00f6chtern (drei und sechs Jahre) und dem zehnj\u00e4hrigen Sohn auf der Stra\u00dfe.<\/span><\/p>\n<p><span style=\"margin: 0px; color: #000000; font-family: 'Times New Roman','serif'; font-size: 18pt;\">Jetzt hilft \u201eHorizont\u201c. Die M\u00e4dchen sind gerade in den Kindergarten und Schule gekommen. Ihre gr\u00f6\u00dfte Freude: dabei sein und lernen.<\/span><\/p>\n<p><span style=\"margin: 0px; color: #000000; font-family: 'Times New Roman','serif'; font-size: 18pt;\">Und dann ist da noch die wunderbare Frau Nabobo mit ihren T\u00f6chtern. Wegen der Beschneidung der T\u00f6chter ist sie aus Afrika geflohen. Sie hatte Angst, sie w\u00fcrde nie mehr lachen k\u00f6nnen.<\/span><\/p>\n<p><span style=\"margin: 0px; color: #000000; font-family: 'Times New Roman','serif'; font-size: 18pt;\">Jetzt startet Frau Nabobo in ihrem Beruf als Schneiderin noch einmal durch: In der Innenstadt bekommt sie ein Schaufenster, stellt ihre farbenfrohen Kreationen aus. Und die T\u00f6chter sind ganz stolz, wie bunt es die Mama treibt.<\/span><\/p>\n<p><span style=\"margin: 0px; color: #000000; font-family: 'Times New Roman','serif'; font-size: 18pt;\">\u00a0<\/span><\/p>\n<figure id=\"attachment_2694\" aria-describedby=\"caption-attachment-2694\" style=\"width: 300px\" class=\"wp-caption aligncenter\"><img loading=\"lazy\" decoding=\"async\" class=\"wp-image-2694 size-medium\" src=\"http:\/\/vettensjournal.de\/klassischer-journalismus\/wp-content\/uploads\/2017\/01\/ho4-300x199.jpg\" width=\"300\" height=\"199\" srcset=\"https:\/\/vettensjournal.de\/klassischer-journalismus\/wp-content\/uploads\/2017\/01\/ho4-300x199.jpg 300w, https:\/\/vettensjournal.de\/klassischer-journalismus\/wp-content\/uploads\/2017\/01\/ho4-768x509.jpg 768w, https:\/\/vettensjournal.de\/klassischer-journalismus\/wp-content\/uploads\/2017\/01\/ho4-600x397.jpg 600w, https:\/\/vettensjournal.de\/klassischer-journalismus\/wp-content\/uploads\/2017\/01\/ho4.jpg 980w\" sizes=\"auto, (max-width: 300px) 100vw, 300px\" \/><figcaption id=\"caption-attachment-2694\" class=\"wp-caption-text\">Der Pr\u00e4sident der Welt sagt: Macht nur. ich mach&#8217; anders.<\/figcaption><\/figure>\n<p><span style=\"margin: 0px; color: #000000; font-family: 'Times New Roman','serif'; font-size: 18pt;\">\u00a0<\/span><\/p>\n<p><span style=\"margin: 0px; color: #000000; font-family: 'Times New Roman','serif'; font-size: 18pt;\">\u00a0<\/span><\/p>\n<p><span style=\"margin: 0px; color: #000000; font-family: 'Times New Roman','serif'; font-size: 18pt;\">Ach! Ein kleiner Menschen-Vergleich:<\/span><\/p>\n<p><span style=\"margin: 0px; color: #000000; font-family: 'Times New Roman','serif'; font-size: 18pt;\">Frau Nabobo l\u00e4chelt.<\/span><\/p>\n<p><span style=\"margin: 0px; color: #000000; font-family: 'Times New Roman','serif'; font-size: 18pt;\">Mister T. ist \u201eangry\u201c. <\/span><\/p>\n<p><span style=\"margin: 0px; color: #000000; font-family: 'Times New Roman','serif'; font-size: 18pt;\">\u00a0<\/span><\/p>\n<p><span style=\"margin: 0px; color: #000000; font-family: 'Times New Roman','serif'; font-size: 18pt;\">\u00a0<\/span><\/p>\n","protected":false},"excerpt":{"rendered":"<p>wir haben den 28. januar. in washington ist der himmel um f\u00fcnf uhr nachmittags frei, bei sechs grad\/in m\u00fcnchen liegt nachmittags dunst \u00fcber der stadt, null grad\u00a0\u00a0\u00a0 &#8212;- \u00a0\u00a0\u00a0winter 16\/17, Folge 20 Trump will keine Fl\u00fcchtlinge. Aufnahmestopp, Einreiseverbot f\u00fcr Muslime. Trump will echt knackige Verh\u00f6re. \u201eIch bin absolut \u00fcberzeugt, dass Folter im Anti-Terror-Kampf funktioniert. UInd [&hellip;]<\/p>\n","protected":false},"author":3,"featured_media":2692,"comment_status":"closed","ping_status":"closed","sticky":false,"template":"","format":"standard","meta":{"footnotes":""},"categories":[1,714],"tags":[763],"class_list":["post-2698","post","type-post","status-publish","format-standard","has-post-thumbnail","hentry","category-uncategorized","category-winter-1617","tag-100-tge-tag-9-trump","has-post-title","has-post-date","has-post-category","has-post-tag","has-post-comment","has-post-author",""],"_links":{"self":[{"href":"https:\/\/vettensjournal.de\/klassischer-journalismus\/wp-json\/wp\/v2\/posts\/2698","targetHints":{"allow":["GET"]}}],"collection":[{"href":"https:\/\/vettensjournal.de\/klassischer-journalismus\/wp-json\/wp\/v2\/posts"}],"about":[{"href":"https:\/\/vettensjournal.de\/klassischer-journalismus\/wp-json\/wp\/v2\/types\/post"}],"author":[{"embeddable":true,"href":"https:\/\/vettensjournal.de\/klassischer-journalismus\/wp-json\/wp\/v2\/users\/3"}],"replies":[{"embeddable":true,"href":"https:\/\/vettensjournal.de\/klassischer-journalismus\/wp-json\/wp\/v2\/comments?post=2698"}],"version-history":[{"count":1,"href":"https:\/\/vettensjournal.de\/klassischer-journalismus\/wp-json\/wp\/v2\/posts\/2698\/revisions"}],"predecessor-version":[{"id":2700,"href":"https:\/\/vettensjournal.de\/klassischer-journalismus\/wp-json\/wp\/v2\/posts\/2698\/revisions\/2700"}],"wp:featuredmedia":[{"embeddable":true,"href":"https:\/\/vettensjournal.de\/klassischer-journalismus\/wp-json\/wp\/v2\/media\/2692"}],"wp:attachment":[{"href":"https:\/\/vettensjournal.de\/klassischer-journalismus\/wp-json\/wp\/v2\/media?parent=2698"}],"wp:term":[{"taxonomy":"category","embeddable":true,"href":"https:\/\/vettensjournal.de\/klassischer-journalismus\/wp-json\/wp\/v2\/categories?post=2698"},{"taxonomy":"post_tag","embeddable":true,"href":"https:\/\/vettensjournal.de\/klassischer-journalismus\/wp-json\/wp\/v2\/tags?post=2698"}],"curies":[{"name":"wp","href":"https:\/\/api.w.org\/{rel}","templated":true}]}}