{"id":2688,"date":"2017-01-27T13:21:37","date_gmt":"2017-01-27T13:21:37","guid":{"rendered":"http:\/\/vettensjournal.de\/klassischer-journalismus\/?p=2688"},"modified":"2017-01-27T13:37:48","modified_gmt":"2017-01-27T13:37:48","slug":"heute-vor-50-jahren","status":"publish","type":"post","link":"https:\/\/vettensjournal.de\/klassischer-journalismus\/heute-vor-50-jahren\/","title":{"rendered":"HEUTE VOR 50 JAHREN"},"content":{"rendered":"<p><span style=\"margin: 0px; font-family: 'Times New Roman','serif'; font-size: 18pt;\"><span style=\"color: #000000;\">27. januar, berlin, 2 grad, eher tr\u00fcb\/washington 8 grad, solala<\/span><span style=\"color: #000000;\">\u00a0\u00a0\u00a0\u00a0 <\/span><span style=\"color: #000000;\">&#8212;<\/span><span style=\"color: #000000;\">\u00a0\u00a0 <\/span><em><strong><span style=\"color: #000000;\">winter 16\/17, Folge 19<\/span><\/strong><\/em><\/span><\/p>\n<p><span style=\"margin: 0px; font-family: 'Times New Roman','serif'; font-size: 18pt;\"><span style=\"color: #000000;\">\u00a0<\/span><\/span><\/p>\n<p><span style=\"margin: 0px; font-family: 'Times New Roman','serif'; font-size: 18pt;\"><span style=\"color: #000000;\">Schollen treiben im Verband zum Teltowkanal hin. Eis macht sich auf dem Kanal breit, es ist ein strenger Winter im Berliner S\u00fcden. <\/span><\/span><\/p>\n<p><span style=\"margin: 0px; font-family: 'Times New Roman','serif'; font-size: 18pt;\"><span style=\"color: #000000;\">Links vom Wasser ist der Himmel gl\u00fchend rosa, rechts verblasst das Licht. Gleich ist Abend.<\/span><\/span><\/p>\n<p><span style=\"margin: 0px; font-family: 'Times New Roman','serif'; font-size: 18pt;\"><span style=\"color: #000000;\">Feierabendverkehr auf der Autobahn nebenan. Jogger auf dem Mauerweg. Bisschen Wind.<\/span><\/span><\/p>\n<p><span style=\"margin: 0px; font-family: 'Times New Roman','serif'; font-size: 18pt;\"><span style=\"color: #000000;\">Es ist der 27. Januar 2017.<\/span><\/span><\/p>\n<p><span style=\"margin: 0px; font-family: 'Times New Roman','serif'; font-size: 18pt;\"><span style=\"color: #000000;\">\u00a0<\/span><\/span><\/p>\n<figure id=\"attachment_2685\" aria-describedby=\"caption-attachment-2685\" style=\"width: 300px\" class=\"wp-caption aligncenter\"><img loading=\"lazy\" decoding=\"async\" class=\"wp-image-2685 size-medium\" src=\"http:\/\/vettensjournal.de\/klassischer-journalismus\/wp-content\/uploads\/2017\/01\/IMG_2207-2-300x233.jpg\" width=\"300\" height=\"233\" srcset=\"https:\/\/vettensjournal.de\/klassischer-journalismus\/wp-content\/uploads\/2017\/01\/IMG_2207-2-300x233.jpg 300w, https:\/\/vettensjournal.de\/klassischer-journalismus\/wp-content\/uploads\/2017\/01\/IMG_2207-2-768x596.jpg 768w, https:\/\/vettensjournal.de\/klassischer-journalismus\/wp-content\/uploads\/2017\/01\/IMG_2207-2-1024x795.jpg 1024w, https:\/\/vettensjournal.de\/klassischer-journalismus\/wp-content\/uploads\/2017\/01\/IMG_2207-2-600x466.jpg 600w\" sizes=\"auto, (max-width: 300px) 100vw, 300px\" \/><figcaption id=\"caption-attachment-2685\" class=\"wp-caption-text\">Rechts war DDR, links der Westen.<\/figcaption><\/figure>\n<p><span style=\"margin: 0px; font-family: 'Times New Roman','serif'; font-size: 18pt;\"><span style=\"color: #000000;\">Am 27. Januar 1967 hat es auf dem Kanal auch Eis gehabt. Geregnet hat es, und ein strammer Wind kr\u00e4uselte das Wasser.<\/span><\/span><\/p>\n<p><span style=\"margin: 0px; font-family: 'Times New Roman','serif'; font-size: 18pt;\"><span style=\"color: #000000;\">50 Jahre ist es her, da schossen die DDR-Grenzer\u00a0um 2.30 Uhr morgens\u00a0auf eine Person, die sich an den Grenzanlagen zu schaffen machte. Der Mann hatte die ersten Gr\u00e4ben schon hinter sich, er war auf dem Bauch zu einem Stacheldrahtzaun gerobbt, nun wand er sich durch das Loch, das er mit dem Bolzenschneider geknipst hatte.<\/span><\/span><\/p>\n<p><span style=\"margin: 0px; font-family: 'Times New Roman','serif'; font-size: 18pt;\"><span style=\"color: #000000;\">Noch war der Mann guter Dinge. Gleich w\u00fcrde er sich ans Ufer des Kanals kauern und auf seine Verlobte und ihre Freundin warten. Dann w\u00fcrden sie ins Wasser gehen und r\u00fcber in den Westen schwimmen. Der Gedanke an die Eisesk\u00e4lte war nicht drollig, aber es w\u00fcrde schon nicht so schlimm werden. Man hatte sich vor der Flucht Mut angetrunken. Das half jetzt.<\/span><\/span><\/p>\n<p><span style=\"margin: 0px; font-family: 'Times New Roman','serif'; font-size: 18pt;\"><span style=\"color: #000000;\">Es waren noch ein paar Schritte zum Kanal. Da wurde geschossen. Eine Kugel erwischte den Mann. Er fiel in den Matsch. Rappelte sich hoch, schleppte sich weiter. Mehr Sch\u00fcsse.<\/span><\/span><\/p>\n<p><span style=\"margin: 0px; font-family: 'Times New Roman','serif'; font-size: 18pt;\"><span style=\"color: #000000;\">Der Mann konnte jetzt nicht mehr auf die zwei M\u00e4dels warten. Er stapfte in den Kanal. Er begann zu schwimmen.<\/span><\/span><\/p>\n<p><span style=\"margin: 0px; font-family: 'Times New Roman','serif'; font-size: 18pt;\"><span style=\"color: #000000;\">\u00a0<\/span><\/span><\/p>\n<figure id=\"attachment_2684\" aria-describedby=\"caption-attachment-2684\" style=\"width: 300px\" class=\"wp-caption aligncenter\"><img loading=\"lazy\" decoding=\"async\" class=\"wp-image-2684 size-medium\" src=\"http:\/\/vettensjournal.de\/klassischer-journalismus\/wp-content\/uploads\/2017\/01\/IMG_2198-2-300x225.jpg\" width=\"300\" height=\"225\" srcset=\"https:\/\/vettensjournal.de\/klassischer-journalismus\/wp-content\/uploads\/2017\/01\/IMG_2198-2-300x225.jpg 300w, https:\/\/vettensjournal.de\/klassischer-journalismus\/wp-content\/uploads\/2017\/01\/IMG_2198-2-768x576.jpg 768w, https:\/\/vettensjournal.de\/klassischer-journalismus\/wp-content\/uploads\/2017\/01\/IMG_2198-2-1024x768.jpg 1024w, https:\/\/vettensjournal.de\/klassischer-journalismus\/wp-content\/uploads\/2017\/01\/IMG_2198-2-600x450.jpg 600w\" sizes=\"auto, (max-width: 300px) 100vw, 300px\" \/><figcaption id=\"caption-attachment-2684\" class=\"wp-caption-text\">Den Zaun hatte er hinter sich &#8211; da wurde geschossen.<\/figcaption><\/figure>\n<p><span style=\"margin: 0px; font-family: 'Times New Roman','serif'; font-size: 18pt;\"><span style=\"color: #000000;\">\u00a0<\/span><\/span><\/p>\n<p><span style=\"margin: 0px; font-family: 'Times New Roman','serif'; font-size: 18pt;\"><span style=\"color: #000000;\">Max Sahmland kommt am 28. M\u00e4rz 1929 in Berlin zur Welt. Er w\u00e4chst in Wildau, im S\u00fcdosten der Hauptstadt, auf. Es ist keine sch\u00f6ne Jugend, und Max kommt mit seinem Leben auch nach Kriegsende nicht klar. Er arbeitet in der Landwirtschaft und als Schmied, er gew\u00f6hnt sich das Saufen an. Heiratet, zeugt zwei Kinder. Noch mehr Verantwortung, noch gr\u00f6\u00dfere \u00dcberforderung.<\/span><\/span><\/p>\n<p><span style=\"margin: 0px; font-family: 'Times New Roman','serif'; font-size: 18pt;\"><span style=\"color: #000000;\">1961 h\u00e4lt er es nicht mehr aus und verschwindet in den Westen. Dort findet er auch keinen Halt, kommt zur\u00fcck nach Wildau. Er arbeitet in der Schwermaschinenfabrik, baut riesige Loks. Sahmland ist zornig und immer wieder in H\u00e4ndel verwickelt. Die Ehe geht in die Br\u00fcche. 1964 baut er besoffen einen schlimmen Unfall mit dem Auto, muss f\u00fcr 18 Monate in den Bau.<\/span><\/span><\/p>\n<p><span style=\"margin: 0px; font-family: 'Times New Roman','serif'; font-size: 18pt;\"><span style=\"color: #000000;\">Kaum ist er raus aus dem Knast, hat er schon wieder \u00c4rger. In einer Kneipe rastet er aus, schl\u00e4gt seine Verlobte nieder und legt sich mit den Volkspolizisten an. <\/span><\/span><\/p>\n<p><span style=\"margin: 0px; font-family: 'Times New Roman','serif'; font-size: 18pt;\"><span style=\"color: #000000;\">Im Januar 1967 verurteilt ihn der Richter zu sechs Monaten wegen schwerer K\u00f6rperverletzung und anschlie\u00dfender Einweisung in eine Trinkerheilanstalt.<\/span><\/span><\/p>\n<p><span style=\"margin: 0px; font-family: 'Times New Roman','serif'; font-size: 18pt;\"><span style=\"color: #000000;\">Das sagt sich der Max: Nix wie ab nach dem Westen!<\/span><\/span><\/p>\n<p><span style=\"margin: 0px; font-family: 'Times New Roman','serif'; font-size: 18pt;\"><span style=\"color: #000000;\">Die Verlobte will mit, eine Freundin auch. Sie gehen noch auf ein paar Bier in die Kneipe in Wildau, fahren mit der S-Bahn von Zeuthen nach Adlershof, marschieren durch n\u00e4chtlichen Regen ins Grenzgebiet. <\/span><\/span><\/p>\n<p><span style=\"margin: 0px; font-family: 'Times New Roman','serif'; font-size: 18pt;\"><span style=\"color: #000000;\">Max l\u00e4sst die Frauen in einem Graben zur\u00fcck. Sie m\u00f6gen in einer Viertelstunde nachkommen und durchs Loch im Zaun schl\u00fcpfen. Er warte dann schon am Wasser.<\/span><\/span><\/p>\n<p><span style=\"margin: 0px; font-family: 'Times New Roman','serif'; font-size: 18pt;\"><span style=\"color: #000000;\">Max verschwindet in der Nacht. Kalt geht der Regen. Die Frauen kauern im Graben und frieren.<\/span><\/span><\/p>\n<p><span style=\"margin: 0px; font-family: 'Times New Roman','serif'; font-size: 18pt;\"><span style=\"color: #000000;\">Dann h\u00f6ren sie Sch\u00fcsse. Stille. Rufe. Wieder Sch\u00fcsse. Scheinwerfer werden angeschaltet. Von Max kein Signal. Panik. Die Frauen fliehen zur\u00fcck zum S-Bahnhof.<\/span><\/span><\/p>\n<p><span style=\"margin: 0px; font-family: 'Times New Roman','serif'; font-size: 18pt;\"><span style=\"color: #000000;\">Am n\u00e4chsten Morgen werden sie festgenommen und wegen versuchter Republikflucht und \u201eAbwerbung\u201c zu langen Haftstrafen verurteilt.<\/span><\/span><\/p>\n<p><span style=\"margin: 0px; font-family: 'Times New Roman','serif'; font-size: 18pt;\"><span style=\"color: #000000;\">\u00a0<\/span><\/span><\/p>\n<figure id=\"attachment_2683\" aria-describedby=\"caption-attachment-2683\" style=\"width: 225px\" class=\"wp-caption aligncenter\"><img loading=\"lazy\" decoding=\"async\" class=\"wp-image-2683 size-medium\" src=\"http:\/\/vettensjournal.de\/klassischer-journalismus\/wp-content\/uploads\/2017\/01\/IMG_2204-2-225x300.jpg\" width=\"225\" height=\"300\" \/><figcaption id=\"caption-attachment-2683\" class=\"wp-caption-text\">&#8220;Wir haben nicht die Absicht, eine Mauer zu bauen.&#8221; Mit so einer Fake News h\u00e4lt sich ein Trump gar nicht erst auf.<\/figcaption><\/figure>\n<p><span style=\"margin: 0px; font-family: 'Times New Roman','serif'; font-size: 18pt;\"><span style=\"color: #000000;\">\u00a0<\/span><\/span><\/p>\n<p><span style=\"margin: 0px; font-family: 'Times New Roman','serif'; font-size: 18pt;\"><span style=\"color: #000000;\">\u00a0<\/span><\/span><\/p>\n<p><span style=\"margin: 0px; font-family: 'Times New Roman','serif'; font-size: 18pt;\"><span style=\"color: #000000;\">Der Mann war verletzt, aber er konnte schwimmen. Er paddelte durch den Kanal. Die Grenzer hatten das Schie\u00dfen wieder aufgenommen. Es gab kein Zur\u00fcck. Der Mann versuchte, unter Wasser zu schwimmen. Wenn er auftauchte um Luft zu holen und sich zu orientieren, war das Pfeifen der Kugeln sehr nah an seinem Kopf.<\/span><\/span><\/p>\n<p><span style=\"margin: 0px; font-family: 'Times New Roman','serif'; font-size: 18pt;\"><span style=\"color: #000000;\">Er blickte nach vorn, hatte vielleicht noch zehn Meter. Auf der Westseite riefen ein paar Arbeiter etwas. Sie waren vom Eternitwerk her\u00fcber gerannt, als sie die Sch\u00fcsse geh\u00f6rt hatten. Nun verschanzten sie sich hinter einem Wall und riefen, er habe es nicht mehr weit, sie w\u00fcrden ihn dann da aus dem Wasser heben.<\/span><\/span><\/p>\n<p><span style=\"margin: 0px; font-family: 'Times New Roman','serif'; font-size: 18pt;\"><span style=\"color: #000000;\">Noch ein paar Schwimmz\u00fcge, dann h\u00e4tte er es geschafft.<\/span><\/span><\/p>\n<p><span style=\"margin: 0px; font-family: 'Times New Roman','serif'; font-size: 18pt;\"><span style=\"color: #000000;\">Da trafen die DDR-Grenzer.<\/span><\/span><\/p>\n<p><span style=\"margin: 0px; font-family: 'Times New Roman','serif'; font-size: 18pt;\"><span style=\"color: #000000;\">Der Mann versank im Wasser. War einfach weg.<\/span><\/span><\/p>\n<p><span style=\"margin: 0px; font-family: 'Times New Roman','serif'; font-size: 18pt;\"><span style=\"color: #000000;\">Erst am 8. M\u00e4rz 1967 fischten Westdeutsche den Leichnam des Max Sahmland aus dem Teltowkanal. Er wurde auf dem Neuk\u00f6llner Parkfriedhof beigesetzt. Die 70-j\u00e4hrige Mutter konnte nicht zur Beerdigung, die DDR hatte sie mit einer Reisesperre belegt.<\/span><\/span><\/p>\n<p><span style=\"margin: 0px; font-family: 'Times New Roman','serif'; font-size: 18pt;\"><span style=\"color: #000000;\">Der Todessch\u00fctze stand 2000 vor Gericht und wurde frei gesprochen. Er sagte aus, er habe seinerzeit absichtlich mehrere Meter daneben geschossen. Er k\u00f6nne es nicht gewesen sein, der den Fl\u00fcchtigen in den rechten Lungenfl\u00fcgel getroffen habe.<\/span><\/span><\/p>\n<p><span style=\"margin: 0px; font-family: 'Times New Roman','serif'; font-size: 18pt;\"><span style=\"color: #000000;\">\u00a0<\/span><\/span><\/p>\n<figure id=\"attachment_2687\" aria-describedby=\"caption-attachment-2687\" style=\"width: 300px\" class=\"wp-caption aligncenter\"><img loading=\"lazy\" decoding=\"async\" class=\"wp-image-2687 size-medium\" src=\"http:\/\/vettensjournal.de\/klassischer-journalismus\/wp-content\/uploads\/2017\/01\/sahmland-2-300x225.jpg\" width=\"300\" height=\"225\" \/><figcaption id=\"caption-attachment-2687\" class=\"wp-caption-text\">Was bleibt&#8230;<\/figcaption><\/figure>\n<p><span style=\"margin: 0px; font-family: 'Times New Roman','serif'; font-size: 18pt;\"><span style=\"color: #000000;\">\u00a0<\/span><\/span><span style=\"margin: 0px; font-family: 'Times New Roman','serif'; font-size: 18pt;\"><span style=\"color: #000000;\">Was das alles mit Donald Trump zu tun hat?<\/span><\/span><\/p>\n<p><span style=\"margin: 0px; font-family: 'Times New Roman','serif'; font-size: 18pt;\"><span style=\"color: #000000;\">Nichts. Au\u00dfer dass der Pr\u00e4sident der Vereinigten Staaten von Amerika 50 Jahre nach dem Tod eines deutschen Niemands eine Mauer gegen mexikanische Nobodys bauen will.<\/span><\/span><\/p>\n<p><span style=\"margin: 0px; font-family: 'Times New Roman','serif'; font-size: 18pt;\"><span style=\"color: #000000;\">\u00a0<\/span><\/span><\/p>\n","protected":false},"excerpt":{"rendered":"<p>27. januar, berlin, 2 grad, eher tr\u00fcb\/washington 8 grad, solala\u00a0\u00a0\u00a0\u00a0 &#8212;\u00a0\u00a0 winter 16\/17, Folge 19 \u00a0 Schollen treiben im Verband zum Teltowkanal hin. Eis macht sich auf dem Kanal breit, es ist ein strenger Winter im Berliner S\u00fcden. Links vom Wasser ist der Himmel gl\u00fchend rosa, rechts verblasst das Licht. Gleich ist Abend. Feierabendverkehr auf [&hellip;]<\/p>\n","protected":false},"author":3,"featured_media":0,"comment_status":"closed","ping_status":"closed","sticky":false,"template":"","format":"standard","meta":{"footnotes":""},"categories":[4,1,714],"tags":[747,762,761,744],"class_list":["post-2688","post","type-post","status-publish","format-standard","hentry","category-journal","category-uncategorized","category-winter-1617","tag-100-tage","tag-max-sahmland","tag-tag-8","tag-trump","has-post-title","has-post-date","has-post-category","has-post-tag","has-post-comment","has-post-author",""],"_links":{"self":[{"href":"https:\/\/vettensjournal.de\/klassischer-journalismus\/wp-json\/wp\/v2\/posts\/2688","targetHints":{"allow":["GET"]}}],"collection":[{"href":"https:\/\/vettensjournal.de\/klassischer-journalismus\/wp-json\/wp\/v2\/posts"}],"about":[{"href":"https:\/\/vettensjournal.de\/klassischer-journalismus\/wp-json\/wp\/v2\/types\/post"}],"author":[{"embeddable":true,"href":"https:\/\/vettensjournal.de\/klassischer-journalismus\/wp-json\/wp\/v2\/users\/3"}],"replies":[{"embeddable":true,"href":"https:\/\/vettensjournal.de\/klassischer-journalismus\/wp-json\/wp\/v2\/comments?post=2688"}],"version-history":[{"count":1,"href":"https:\/\/vettensjournal.de\/klassischer-journalismus\/wp-json\/wp\/v2\/posts\/2688\/revisions"}],"predecessor-version":[{"id":2691,"href":"https:\/\/vettensjournal.de\/klassischer-journalismus\/wp-json\/wp\/v2\/posts\/2688\/revisions\/2691"}],"wp:attachment":[{"href":"https:\/\/vettensjournal.de\/klassischer-journalismus\/wp-json\/wp\/v2\/media?parent=2688"}],"wp:term":[{"taxonomy":"category","embeddable":true,"href":"https:\/\/vettensjournal.de\/klassischer-journalismus\/wp-json\/wp\/v2\/categories?post=2688"},{"taxonomy":"post_tag","embeddable":true,"href":"https:\/\/vettensjournal.de\/klassischer-journalismus\/wp-json\/wp\/v2\/tags?post=2688"}],"curies":[{"name":"wp","href":"https:\/\/api.w.org\/{rel}","templated":true}]}}