{"id":2672,"date":"2017-01-25T22:19:15","date_gmt":"2017-01-25T22:19:15","guid":{"rendered":"http:\/\/vettensjournal.de\/klassischer-journalismus\/?p=2672"},"modified":"2017-01-25T22:20:02","modified_gmt":"2017-01-25T22:20:02","slug":"pipeline-gebaut","status":"publish","type":"post","link":"https:\/\/vettensjournal.de\/klassischer-journalismus\/pipeline-gebaut\/","title":{"rendered":"PIPELINE GEBAUT"},"content":{"rendered":"<p>24. januar 2017, washington, 2 grad tr\u00fcb\/berlin, 0 grad, grau &#8212;-\u00a0\u00a0\u00a0 <em><strong>winter 16\/17, Folge VII<\/strong><\/em><\/p>\n<p>&nbsp;<\/p>\n<p>Heute hat Donald ein bisserl Luft. Er wird bis Mitternacht nur viermal Nennenswertes zu twittern haben.<\/p>\n<p>Morgens erkl\u00e4rt er nach dem Z\u00e4hneputzen, dass er um neun ganz wichtige Herrschaften der Automobilindustrie erwartet. Mit denen wird er entscheiden, wie man die Ami-Schlitten am besten unter die Menschheit bringt. Au\u00dferdem m\u00fcssen die BMW- und Toyota- und Renault-Typen mal richtig in ihre Schranken gewiesen werden. MAGA!<\/p>\n<p>Ein Fotograf (Vorname: Abbas) hat ein sch\u00f6nes Panoramabild von Washington am 20. Januar 2017 gemacht und dem Pr\u00e4sidenten geschenkt. Der ist entz\u00fcckt. Das Capitol sieht er, viele Flaggen der Nation, die Menschen als verz\u00fcckte Masse. Dr\u00fcber ein graubrauner Himmel, durch den sich doch bald die Sonne des frischen Pr\u00e4sidenten brechen wird. Wie gemalt ist das Bild. Oder war es Fotoshop? Oder hat es wirklich so ausgesehen? Egal &#8211; \u00a0falls es nicht so ausgesehen hat, dann ist dieses Foto eben eine \u201ealternative Wahrheit\u201c.<\/p>\n<p>Twitter Nummer drei: Das Treffen mit den Auto-Heinis war \u201egreat\u201c. Sogar \u2018ne Blonde hat am Tisch gesessen. Naja, nicht superblond, aber so semmelblond. Und eine Granate war\u2019s auch nicht. Zu wenig Titte. Und neben Donald sitzt einer, der hat doch echt kein Sakko an. Daf\u00fcr ist der Binder des Pr\u00e4sidenten blitzblau \u2013 passt gut zu Blond.<\/p>\n<p>Letzter Twitter des Tages: Herr Trump unterzeichnet Vertr\u00e4ge f\u00fcr extralange Pipelines. And\u00e4chtig sehen ihm die Frauen und M\u00e4nner im Oval Office zu, wie er konzentriert die Signatur setzt. \u00dcbrigens: Der Schreibtisch im Oval Office ist unschuldig rein. Es gibt ja Fotos aus seiner fr\u00fcheren Zeit als Magnat \u2013 da stapelten sich die Akten, Memorabilia und B\u00fccher (echt, B\u00fccher! Dabei ist er doch ein bekennender Nicht-Leser). Jetzt, als Pr\u00e4sident, h\u00e4lt er Ordnung. \u201eSimplify your life\u201c ist die Devise. Also, der Schreibtisch ist sauber. Nur zwei Telefone sind zu sehen.<\/p>\n<p>Und \u00fcbrigens: \u201eTogether we will #MAGA\u201d. Was? Sie wissen nicht, was das hei\u00dft. Ganz einfach: Make America great again. Das ist die Sprache von Herrenmenschen.<\/p>\n<p>&nbsp;<\/p>\n<p>In der Umkleide vom McFit in der Berliner Stra\u00dfe sagt ein Dicker, er werde heute Bauch trainieren. \u201eAuf geht\u2019s\u201c sagt er \u2013 es ist die Zeit, zu der auf der anderen Seite des Gro\u00dfen Teichs Donald seinen ersten Twitter schreibt.<\/p>\n<p>\u201eAuf geht\u2019s\u201c, sagt der Dicke. \u201eAch, wei\u00dfte was? Ich kann den Trump gut leiden.\u201c<\/p>\n<p>&nbsp;<\/p>\n","protected":false},"excerpt":{"rendered":"<p>24. januar 2017, washington, 2 grad tr\u00fcb\/berlin, 0 grad, grau &#8212;-\u00a0\u00a0\u00a0 winter 16\/17, Folge VII &nbsp; Heute hat Donald ein bisserl Luft. Er wird bis Mitternacht nur viermal Nennenswertes zu twittern haben. Morgens erkl\u00e4rt er nach dem Z\u00e4hneputzen, dass er um neun ganz wichtige Herrschaften der Automobilindustrie erwartet. Mit denen wird er entscheiden, wie man [&hellip;]<\/p>\n","protected":false},"author":3,"featured_media":0,"comment_status":"closed","ping_status":"closed","sticky":false,"template":"","format":"standard","meta":{"footnotes":""},"categories":[4,714],"tags":[747,757,756,658],"class_list":["post-2672","post","type-post","status-publish","format-standard","hentry","category-journal","category-winter-1617","tag-100-tage","tag-maga","tag-tag-5","tag-trump-donald","has-post-title","has-post-date","has-post-category","has-post-tag","has-post-comment","has-post-author",""],"_links":{"self":[{"href":"https:\/\/vettensjournal.de\/klassischer-journalismus\/wp-json\/wp\/v2\/posts\/2672","targetHints":{"allow":["GET"]}}],"collection":[{"href":"https:\/\/vettensjournal.de\/klassischer-journalismus\/wp-json\/wp\/v2\/posts"}],"about":[{"href":"https:\/\/vettensjournal.de\/klassischer-journalismus\/wp-json\/wp\/v2\/types\/post"}],"author":[{"embeddable":true,"href":"https:\/\/vettensjournal.de\/klassischer-journalismus\/wp-json\/wp\/v2\/users\/3"}],"replies":[{"embeddable":true,"href":"https:\/\/vettensjournal.de\/klassischer-journalismus\/wp-json\/wp\/v2\/comments?post=2672"}],"version-history":[{"count":1,"href":"https:\/\/vettensjournal.de\/klassischer-journalismus\/wp-json\/wp\/v2\/posts\/2672\/revisions"}],"predecessor-version":[{"id":2674,"href":"https:\/\/vettensjournal.de\/klassischer-journalismus\/wp-json\/wp\/v2\/posts\/2672\/revisions\/2674"}],"wp:attachment":[{"href":"https:\/\/vettensjournal.de\/klassischer-journalismus\/wp-json\/wp\/v2\/media?parent=2672"}],"wp:term":[{"taxonomy":"category","embeddable":true,"href":"https:\/\/vettensjournal.de\/klassischer-journalismus\/wp-json\/wp\/v2\/categories?post=2672"},{"taxonomy":"post_tag","embeddable":true,"href":"https:\/\/vettensjournal.de\/klassischer-journalismus\/wp-json\/wp\/v2\/tags?post=2672"}],"curies":[{"name":"wp","href":"https:\/\/api.w.org\/{rel}","templated":true}]}}