{"id":2669,"date":"2017-01-24T12:10:27","date_gmt":"2017-01-24T12:10:27","guid":{"rendered":"http:\/\/vettensjournal.de\/klassischer-journalismus\/?p=2669"},"modified":"2017-01-25T22:21:07","modified_gmt":"2017-01-25T22:21:07","slug":"nur-nicht-reden","status":"publish","type":"post","link":"https:\/\/vettensjournal.de\/klassischer-journalismus\/nur-nicht-reden\/","title":{"rendered":"NUR NICHT REDEN!"},"content":{"rendered":"<p>23. januar 2017, washington, 1 grad, regen\/berlin, 2 grad, diesig &#8212;&#8211; <em><strong>winter 16\/17, Folge XVI<\/strong><\/em><\/p>\n<p>TPP taugt nix. Donald hat\u2019s beschlossen und kippt mal schnell ein Handelsabkommen. In Asien ringen sie um Contenance. Gerade die Japaner halten es ja auch in Extremsituationen mit unbegr\u00fcndeter H\u00f6flichkeit. \u00a0Ministerpr\u00e4sident Shinzo Abe w\u00fcrde gern mit dem US-Chef \u00fcber die strategische und wirtschaftliche Bedeutung der Trans-Pazifischen Partnerschaft reden.<\/p>\n<p>Aber der l\u00e4sst durchblicken, dass er keine Zeit hat. Er muss noch so viele Sachen erledigen.<\/p>\n<p>Na denn.<\/p>\n<p>&nbsp;<\/p>\n<p>&nbsp;<\/p>\n<p>In der Hauptstra\u00dfe in Sch\u00f6neberg ist all das den Leuten ziemlich egal. Auf H\u00f6he der ehemaligen David-Bowie-Bude lebt eine t\u00fcrkische Familie. Der Vater hat Arbeit, die S\u00f6hne haben schnelle Autos, die T\u00f6chter haben zuviel Make Up aufgelegt und wollen einen reichen Mann.<\/p>\n<p>Die Mutter darf nur zum Lidl aus dem Haus. Sie sitzt in einer Wohnung, deren Roll\u00e4den Tag und Nacht herunter gelassen sind. Auf dem Balkon h\u00e4ngt eine sch\u00f6ne Fahne, die dem Westen trutzig die Mondsichel zeigt. Nach drau\u00dfen in die Welt gibt es die Satellitensch\u00fcssel.<\/p>\n<p>Hier haben sich Menschen verschanzt, denen Donald Trump schei\u00dfegal ist.<\/p>\n<p style=\"text-align: right;\">FOTO: BARBARA VOLKMER<\/p>\n<p>&nbsp;<\/p>\n","protected":false},"excerpt":{"rendered":"<p>23. januar 2017, washington, 1 grad, regen\/berlin, 2 grad, diesig &#8212;&#8211; winter 16\/17, Folge XVI TPP taugt nix. Donald hat\u2019s beschlossen und kippt mal schnell ein Handelsabkommen. In Asien ringen sie um Contenance. Gerade die Japaner halten es ja auch in Extremsituationen mit unbegr\u00fcndeter H\u00f6flichkeit. \u00a0Ministerpr\u00e4sident Shinzo Abe w\u00fcrde gern mit dem US-Chef \u00fcber die [&hellip;]<\/p>\n","protected":false},"author":3,"featured_media":2654,"comment_status":"closed","ping_status":"closed","sticky":false,"template":"","format":"standard","meta":{"footnotes":""},"categories":[4,714],"tags":[747,755,753,754,658],"class_list":["post-2669","post","type-post","status-publish","format-standard","has-post-thumbnail","hentry","category-journal","category-winter-1617","tag-100-tage","tag-abe-shinzo","tag-tag-4","tag-tpp","tag-trump-donald","has-post-title","has-post-date","has-post-category","has-post-tag","has-post-comment","has-post-author",""],"_links":{"self":[{"href":"https:\/\/vettensjournal.de\/klassischer-journalismus\/wp-json\/wp\/v2\/posts\/2669","targetHints":{"allow":["GET"]}}],"collection":[{"href":"https:\/\/vettensjournal.de\/klassischer-journalismus\/wp-json\/wp\/v2\/posts"}],"about":[{"href":"https:\/\/vettensjournal.de\/klassischer-journalismus\/wp-json\/wp\/v2\/types\/post"}],"author":[{"embeddable":true,"href":"https:\/\/vettensjournal.de\/klassischer-journalismus\/wp-json\/wp\/v2\/users\/3"}],"replies":[{"embeddable":true,"href":"https:\/\/vettensjournal.de\/klassischer-journalismus\/wp-json\/wp\/v2\/comments?post=2669"}],"version-history":[{"count":1,"href":"https:\/\/vettensjournal.de\/klassischer-journalismus\/wp-json\/wp\/v2\/posts\/2669\/revisions"}],"predecessor-version":[{"id":2675,"href":"https:\/\/vettensjournal.de\/klassischer-journalismus\/wp-json\/wp\/v2\/posts\/2669\/revisions\/2675"}],"wp:featuredmedia":[{"embeddable":true,"href":"https:\/\/vettensjournal.de\/klassischer-journalismus\/wp-json\/wp\/v2\/media\/2654"}],"wp:attachment":[{"href":"https:\/\/vettensjournal.de\/klassischer-journalismus\/wp-json\/wp\/v2\/media?parent=2669"}],"wp:term":[{"taxonomy":"category","embeddable":true,"href":"https:\/\/vettensjournal.de\/klassischer-journalismus\/wp-json\/wp\/v2\/categories?post=2669"},{"taxonomy":"post_tag","embeddable":true,"href":"https:\/\/vettensjournal.de\/klassischer-journalismus\/wp-json\/wp\/v2\/tags?post=2669"}],"curies":[{"name":"wp","href":"https:\/\/api.w.org\/{rel}","templated":true}]}}