{"id":2666,"date":"2017-01-24T11:48:04","date_gmt":"2017-01-24T11:48:04","guid":{"rendered":"http:\/\/vettensjournal.de\/klassischer-journalismus\/?p=2666"},"modified":"2017-01-24T11:48:53","modified_gmt":"2017-01-24T11:48:53","slug":"wow-was-fur-eine-welt","status":"publish","type":"post","link":"https:\/\/vettensjournal.de\/klassischer-journalismus\/wow-was-fur-eine-welt\/","title":{"rendered":"WOW, WHAT A WORLD!"},"content":{"rendered":"<p>22. januar 2017, washington, feucht, 1 grad\/lindow, heiter, 0 grad\u00a0\u00a0\u00a0\u00a0\u00a0<em><strong> &#8212;&#8211;\u00a0\u00a0\u00a0\u00a0\u00a0 Winter 16\/17, Folge XV<\/strong><\/em><\/p>\n<p>Der Papst bittet, man m\u00f6ge Geduld mit Donald Trump haben. Die Presseabteilung des Wei\u00dfen Hauses erkl\u00e4rt der Journaille den Krieg. Mister T. macht seinen Frieden mit der CIA. Und wir machen uns Sorgen.<\/p>\n<p>Doch die Welt dreht sich weiter. Eis-Idylle in der Mark Brandenburg. Ein Sonnenuntergang zum Niederknien. \u201eSputnik\u201c freut sich, weil alles ganz wunderbar nach Spuren im Schnee riecht. Die Welt k\u00f6nnte echt sch\u00f6n sein.<\/p>\n<figure id=\"attachment_2647\" aria-describedby=\"caption-attachment-2647\" style=\"width: 300px\" class=\"wp-caption aligncenter\"><img loading=\"lazy\" decoding=\"async\" class=\"wp-image-2647 size-medium\" src=\"http:\/\/vettensjournal.de\/klassischer-journalismus\/wp-content\/uploads\/2017\/01\/land13-300x205.jpg\" width=\"300\" height=\"205\" srcset=\"https:\/\/vettensjournal.de\/klassischer-journalismus\/wp-content\/uploads\/2017\/01\/land13-300x205.jpg 300w, https:\/\/vettensjournal.de\/klassischer-journalismus\/wp-content\/uploads\/2017\/01\/land13-768x526.jpg 768w, https:\/\/vettensjournal.de\/klassischer-journalismus\/wp-content\/uploads\/2017\/01\/land13-600x411.jpg 600w, https:\/\/vettensjournal.de\/klassischer-journalismus\/wp-content\/uploads\/2017\/01\/land13.jpg 980w\" sizes=\"auto, (max-width: 300px) 100vw, 300px\" \/><figcaption id=\"caption-attachment-2647\" class=\"wp-caption-text\">Still, der See. Die Enten laufen Schlittschuh. Die Menschen stehen staunend, und die Kinder lassen Kiesel flitzen.<\/figcaption><\/figure>\n<figure id=\"attachment_2641\" aria-describedby=\"caption-attachment-2641\" style=\"width: 300px\" class=\"wp-caption aligncenter\"><img loading=\"lazy\" decoding=\"async\" class=\"wp-image-2641 size-medium\" src=\"http:\/\/vettensjournal.de\/klassischer-journalismus\/wp-content\/uploads\/2017\/01\/land11-300x199.jpg\" width=\"300\" height=\"199\" srcset=\"https:\/\/vettensjournal.de\/klassischer-journalismus\/wp-content\/uploads\/2017\/01\/land11-300x199.jpg 300w, https:\/\/vettensjournal.de\/klassischer-journalismus\/wp-content\/uploads\/2017\/01\/land11-768x509.jpg 768w, https:\/\/vettensjournal.de\/klassischer-journalismus\/wp-content\/uploads\/2017\/01\/land11-600x397.jpg 600w, https:\/\/vettensjournal.de\/klassischer-journalismus\/wp-content\/uploads\/2017\/01\/land11.jpg 980w\" sizes=\"auto, (max-width: 300px) 100vw, 300px\" \/><figcaption id=\"caption-attachment-2641\" class=\"wp-caption-text\">Gleich ist sie weg. Dann wird das Eis schwarz und knackt gef\u00e4hrlich. Aber das macht nichts. Jetzt ab an den Herd und warten. Morgen ist wieder ein Tag &#8211; und morgen ist&#8217;s wieder gut.<\/figcaption><\/figure>\n<figure id=\"attachment_2636\" aria-describedby=\"caption-attachment-2636\" style=\"width: 300px\" class=\"wp-caption aligncenter\"><img loading=\"lazy\" decoding=\"async\" class=\"wp-image-2636 size-medium\" src=\"http:\/\/vettensjournal.de\/klassischer-journalismus\/wp-content\/uploads\/2017\/01\/land4-300x199.jpg\" width=\"300\" height=\"199\" srcset=\"https:\/\/vettensjournal.de\/klassischer-journalismus\/wp-content\/uploads\/2017\/01\/land4-300x199.jpg 300w, https:\/\/vettensjournal.de\/klassischer-journalismus\/wp-content\/uploads\/2017\/01\/land4-768x509.jpg 768w, https:\/\/vettensjournal.de\/klassischer-journalismus\/wp-content\/uploads\/2017\/01\/land4-600x397.jpg 600w, https:\/\/vettensjournal.de\/klassischer-journalismus\/wp-content\/uploads\/2017\/01\/land4.jpg 980w\" sizes=\"auto, (max-width: 300px) 100vw, 300px\" \/><figcaption id=\"caption-attachment-2636\" class=\"wp-caption-text\">Ist doch so: Der Mensch kann tun und machen, wie er will. Die Natur hat eine dicke Haut.<\/figcaption><\/figure>\n<figure id=\"attachment_2644\" aria-describedby=\"caption-attachment-2644\" style=\"width: 300px\" class=\"wp-caption aligncenter\"><img loading=\"lazy\" decoding=\"async\" class=\"wp-image-2644 size-medium\" src=\"http:\/\/vettensjournal.de\/klassischer-journalismus\/wp-content\/uploads\/2017\/01\/land6-300x199.jpg\" width=\"300\" height=\"199\" \/><figcaption id=\"caption-attachment-2644\" class=\"wp-caption-text\">Da mag der Mensch noch so wild seine Spuren ins Land furchen.<\/figcaption><\/figure>\n<figure id=\"attachment_2648\" aria-describedby=\"caption-attachment-2648\" style=\"width: 300px\" class=\"wp-caption aligncenter\"><img loading=\"lazy\" decoding=\"async\" class=\"wp-image-2648 size-medium\" src=\"http:\/\/vettensjournal.de\/klassischer-journalismus\/wp-content\/uploads\/2017\/01\/land8-300x199.jpg\" width=\"300\" height=\"199\" srcset=\"https:\/\/vettensjournal.de\/klassischer-journalismus\/wp-content\/uploads\/2017\/01\/land8-300x199.jpg 300w, https:\/\/vettensjournal.de\/klassischer-journalismus\/wp-content\/uploads\/2017\/01\/land8-768x509.jpg 768w, https:\/\/vettensjournal.de\/klassischer-journalismus\/wp-content\/uploads\/2017\/01\/land8-600x397.jpg 600w, https:\/\/vettensjournal.de\/klassischer-journalismus\/wp-content\/uploads\/2017\/01\/land8.jpg 980w\" sizes=\"auto, (max-width: 300px) 100vw, 300px\" \/><figcaption id=\"caption-attachment-2648\" class=\"wp-caption-text\">Blick nach Westen. Dort, wo die Sonne versinkt, sitzt ein einsamer Mister Universum und tippt eifrig 140-Zeichen-Wichtigkeiten.<\/figcaption><\/figure>\n<figure id=\"attachment_2638\" aria-describedby=\"caption-attachment-2638\" style=\"width: 300px\" class=\"wp-caption aligncenter\"><img loading=\"lazy\" decoding=\"async\" class=\"wp-image-2638 size-medium\" src=\"http:\/\/vettensjournal.de\/klassischer-journalismus\/wp-content\/uploads\/2017\/01\/land16-300x199.jpg\" width=\"300\" height=\"199\" srcset=\"https:\/\/vettensjournal.de\/klassischer-journalismus\/wp-content\/uploads\/2017\/01\/land16-300x199.jpg 300w, https:\/\/vettensjournal.de\/klassischer-journalismus\/wp-content\/uploads\/2017\/01\/land16-768x509.jpg 768w, https:\/\/vettensjournal.de\/klassischer-journalismus\/wp-content\/uploads\/2017\/01\/land16-600x397.jpg 600w, https:\/\/vettensjournal.de\/klassischer-journalismus\/wp-content\/uploads\/2017\/01\/land16.jpg 980w\" sizes=\"auto, (max-width: 300px) 100vw, 300px\" \/><figcaption id=\"caption-attachment-2638\" class=\"wp-caption-text\">So lange tippt der Mann, bis wir keinen Durchblick mehr haben.<\/figcaption><\/figure>\n<figure id=\"attachment_2643\" aria-describedby=\"caption-attachment-2643\" style=\"width: 300px\" class=\"wp-caption aligncenter\"><img loading=\"lazy\" decoding=\"async\" class=\"wp-image-2643 size-medium\" src=\"http:\/\/vettensjournal.de\/klassischer-journalismus\/wp-content\/uploads\/2017\/01\/land3-300x194.jpg\" width=\"300\" height=\"194\" srcset=\"https:\/\/vettensjournal.de\/klassischer-journalismus\/wp-content\/uploads\/2017\/01\/land3-300x194.jpg 300w, https:\/\/vettensjournal.de\/klassischer-journalismus\/wp-content\/uploads\/2017\/01\/land3-768x498.jpg 768w, https:\/\/vettensjournal.de\/klassischer-journalismus\/wp-content\/uploads\/2017\/01\/land3-600x389.jpg 600w, https:\/\/vettensjournal.de\/klassischer-journalismus\/wp-content\/uploads\/2017\/01\/land3.jpg 980w\" sizes=\"auto, (max-width: 300px) 100vw, 300px\" \/><figcaption id=\"caption-attachment-2643\" class=\"wp-caption-text\">Und wenn Mister Universum fertig ist, geht bei ihm die Sonne auch unter. Der Mann hat einen Lieblingssong: &#8220;Here goes the sun.&#8221; FOTOS: BARBARA VOLKMER<\/figcaption><\/figure>\n","protected":false},"excerpt":{"rendered":"<p>22. januar 2017, washington, feucht, 1 grad\/lindow, heiter, 0 grad\u00a0\u00a0\u00a0\u00a0\u00a0 &#8212;&#8211;\u00a0\u00a0\u00a0\u00a0\u00a0 Winter 16\/17, Folge XV Der Papst bittet, man m\u00f6ge Geduld mit Donald Trump haben. Die Presseabteilung des Wei\u00dfen Hauses erkl\u00e4rt der Journaille den Krieg. Mister T. macht seinen Frieden mit der CIA. Und wir machen uns Sorgen. Doch die Welt dreht sich weiter. Eis-Idylle [&hellip;]<\/p>\n","protected":false},"author":3,"featured_media":2649,"comment_status":"closed","ping_status":"closed","sticky":false,"template":"","format":"standard","meta":{"footnotes":""},"categories":[4,602,714],"tags":[747,751,752,750,143,749,658],"class_list":["post-2666","post","type-post","status-publish","format-standard","has-post-thumbnail","hentry","category-journal","category-sputniks-welt","category-winter-1617","tag-100-tage","tag-cia","tag-idylle-brandenburg","tag-papst","tag-sputniks-welt","tag-tag-3","tag-trump-donald","has-post-title","has-post-date","has-post-category","has-post-tag","has-post-comment","has-post-author",""],"_links":{"self":[{"href":"https:\/\/vettensjournal.de\/klassischer-journalismus\/wp-json\/wp\/v2\/posts\/2666","targetHints":{"allow":["GET"]}}],"collection":[{"href":"https:\/\/vettensjournal.de\/klassischer-journalismus\/wp-json\/wp\/v2\/posts"}],"about":[{"href":"https:\/\/vettensjournal.de\/klassischer-journalismus\/wp-json\/wp\/v2\/types\/post"}],"author":[{"embeddable":true,"href":"https:\/\/vettensjournal.de\/klassischer-journalismus\/wp-json\/wp\/v2\/users\/3"}],"replies":[{"embeddable":true,"href":"https:\/\/vettensjournal.de\/klassischer-journalismus\/wp-json\/wp\/v2\/comments?post=2666"}],"version-history":[{"count":1,"href":"https:\/\/vettensjournal.de\/klassischer-journalismus\/wp-json\/wp\/v2\/posts\/2666\/revisions"}],"predecessor-version":[{"id":2668,"href":"https:\/\/vettensjournal.de\/klassischer-journalismus\/wp-json\/wp\/v2\/posts\/2666\/revisions\/2668"}],"wp:featuredmedia":[{"embeddable":true,"href":"https:\/\/vettensjournal.de\/klassischer-journalismus\/wp-json\/wp\/v2\/media\/2649"}],"wp:attachment":[{"href":"https:\/\/vettensjournal.de\/klassischer-journalismus\/wp-json\/wp\/v2\/media?parent=2666"}],"wp:term":[{"taxonomy":"category","embeddable":true,"href":"https:\/\/vettensjournal.de\/klassischer-journalismus\/wp-json\/wp\/v2\/categories?post=2666"},{"taxonomy":"post_tag","embeddable":true,"href":"https:\/\/vettensjournal.de\/klassischer-journalismus\/wp-json\/wp\/v2\/tags?post=2666"}],"curies":[{"name":"wp","href":"https:\/\/api.w.org\/{rel}","templated":true}]}}