{"id":2662,"date":"2017-01-24T11:22:20","date_gmt":"2017-01-24T11:22:20","guid":{"rendered":"http:\/\/vettensjournal.de\/klassischer-journalismus\/?p=2662"},"modified":"2017-01-25T22:21:38","modified_gmt":"2017-01-25T22:21:38","slug":"unvorstellbarer-mensch","status":"publish","type":"post","link":"https:\/\/vettensjournal.de\/klassischer-journalismus\/unvorstellbarer-mensch\/","title":{"rendered":"UNVORSTELLBAR"},"content":{"rendered":"<p>21. januar, berlin, grau, 1 Grad\/washington, bedeckt, 2 Grad &#8212;- <em><strong>winter 16\/17, Folge XIV<\/strong><\/em><\/p>\n<p style=\"text-align: center;\"><em>\u201eAls ich ihn zuerst aus der N\u00e4he sah, dachte ich, na ja, eigentlich ist er ein h\u00e4sslicher Mann. Aber er hatte eine ungeheure Ausstrahlung und er brauchte nur ein Wort zu sagen, dann wirkte er auf seine Umgebung wie ein Guru. Er \u00a0hatte eine magische Wirkung auf die Menschen. Ich erkl\u00e4re es mir so: Er war eine schizophrene Gestalt, durchaus positiv und gewinnend, dann aber wieder ein unvorstellbar b\u00f6ser Mensch, mit diesem entsetzlichen Hass auf die Juden.\u201c<\/em><\/p>\n<figure id=\"attachment_2659\" aria-describedby=\"caption-attachment-2659\" style=\"width: 300px\" class=\"wp-caption aligncenter\"><img loading=\"lazy\" decoding=\"async\" class=\"wp-image-2659 size-medium\" src=\"http:\/\/vettensjournal.de\/klassischer-journalismus\/wp-content\/uploads\/2017\/01\/t3-300x198.jpg\" width=\"300\" height=\"198\" \/><figcaption id=\"caption-attachment-2659\" class=\"wp-caption-text\">Heil, Erl\u00f6ser, Heil!<\/figcaption><\/figure>\n<p style=\"text-align: center;\"><em>\u201eAls ich ihn zur Rede stellte, antwortete er nur, er k\u00f6nne mit mir dar\u00fcber keine Diskussion f\u00fchren &#8211; er beendete abrupt das Gespr\u00e4ch, rief seinen Adjutanten und sagte ihm: Bitte f\u00fchren Sie Fr\u00e4ulein Riefenstahl hinaus, sie m\u00f6chte nach Hause gehen.\u201c<\/em><\/p>\n<figure id=\"attachment_2657\" aria-describedby=\"caption-attachment-2657\" style=\"width: 300px\" class=\"wp-caption aligncenter\"><img loading=\"lazy\" decoding=\"async\" class=\"wp-image-2657 size-medium\" src=\"http:\/\/vettensjournal.de\/klassischer-journalismus\/wp-content\/uploads\/2017\/01\/t2-300x199.jpg\" width=\"300\" height=\"199\" \/><figcaption id=\"caption-attachment-2657\" class=\"wp-caption-text\">God bless the greatest of all! Bitte beachten: Trumps Gene sind \u00fcberall (der blonde Mister unten rechts geh\u00f6rt zum Klon-Clan). OPTIK: BARBARA VOLKMER<\/figcaption><\/figure>\n<p style=\"text-align: center;\"><em>\u201eEin andermal blickte er \u00fcberrascht auf und sagte mit freudig erregter Stimme, etwas pathetisch, die H\u00e4nde hochhebend und den Blick nach oben gewandt, wie ich es schon einmal bei meiner ersten Begegnung mit ihm erlebt hatte: \u201aGott gebe, dass ich nicht zu einem Krieg gezwungen werde.\u2018 Ich war erschrocken, als ich das Wort \u201aKrieg\u2018 h\u00f6rte.\u201c<\/em><\/p>\n<p style=\"text-align: right;\"><strong>Die K\u00fcnstlerin Leni Riefenstahl \u00fcber einen faszinierenden Mann, der die Welt ver\u00e4ndert hat. Fr\u00e4ulein Riefenstahl ist 2003 im Alter von 101 Jahren in P\u00f6cking gestorben. Bis zuletzt hat sie immer geglaubt, sie sei im Recht.<\/strong><\/p>\n","protected":false},"excerpt":{"rendered":"<p>21. januar, berlin, grau, 1 Grad\/washington, bedeckt, 2 Grad &#8212;- winter 16\/17, Folge XIV \u201eAls ich ihn zuerst aus der N\u00e4he sah, dachte ich, na ja, eigentlich ist er ein h\u00e4sslicher Mann. Aber er hatte eine ungeheure Ausstrahlung und er brauchte nur ein Wort zu sagen, dann wirkte er auf seine Umgebung wie ein Guru. [&hellip;]<\/p>\n","protected":false},"author":3,"featured_media":0,"comment_status":"closed","ping_status":"closed","sticky":false,"template":"","format":"standard","meta":{"footnotes":""},"categories":[4,714],"tags":[747,748,658],"class_list":["post-2662","post","type-post","status-publish","format-standard","hentry","category-journal","category-winter-1617","tag-100-tage","tag-riefenstahl-leni","tag-trump-donald","has-post-title","has-post-date","has-post-category","has-post-tag","has-post-comment","has-post-author",""],"_links":{"self":[{"href":"https:\/\/vettensjournal.de\/klassischer-journalismus\/wp-json\/wp\/v2\/posts\/2662","targetHints":{"allow":["GET"]}}],"collection":[{"href":"https:\/\/vettensjournal.de\/klassischer-journalismus\/wp-json\/wp\/v2\/posts"}],"about":[{"href":"https:\/\/vettensjournal.de\/klassischer-journalismus\/wp-json\/wp\/v2\/types\/post"}],"author":[{"embeddable":true,"href":"https:\/\/vettensjournal.de\/klassischer-journalismus\/wp-json\/wp\/v2\/users\/3"}],"replies":[{"embeddable":true,"href":"https:\/\/vettensjournal.de\/klassischer-journalismus\/wp-json\/wp\/v2\/comments?post=2662"}],"version-history":[{"count":1,"href":"https:\/\/vettensjournal.de\/klassischer-journalismus\/wp-json\/wp\/v2\/posts\/2662\/revisions"}],"predecessor-version":[{"id":2676,"href":"https:\/\/vettensjournal.de\/klassischer-journalismus\/wp-json\/wp\/v2\/posts\/2662\/revisions\/2676"}],"wp:attachment":[{"href":"https:\/\/vettensjournal.de\/klassischer-journalismus\/wp-json\/wp\/v2\/media?parent=2662"}],"wp:term":[{"taxonomy":"category","embeddable":true,"href":"https:\/\/vettensjournal.de\/klassischer-journalismus\/wp-json\/wp\/v2\/categories?post=2662"},{"taxonomy":"post_tag","embeddable":true,"href":"https:\/\/vettensjournal.de\/klassischer-journalismus\/wp-json\/wp\/v2\/tags?post=2662"}],"curies":[{"name":"wp","href":"https:\/\/api.w.org\/{rel}","templated":true}]}}