{"id":2574,"date":"2017-01-04T08:03:45","date_gmt":"2017-01-04T08:03:45","guid":{"rendered":"http:\/\/vettensjournal.de\/klassischer-journalismus\/?p=2574"},"modified":"2017-01-05T19:23:28","modified_gmt":"2017-01-05T19:23:28","slug":"tief-inne-seele","status":"publish","type":"post","link":"https:\/\/vettensjournal.de\/klassischer-journalismus\/tief-inne-seele\/","title":{"rendered":"TIEF INNE SEELE"},"content":{"rendered":"<p><span style=\"margin: 0px; color: black; font-family: 'Times New Roman','serif'; font-size: 18pt;\">berlin, 4. januar 2017, <em><strong>winter &#8217;16\/&#8217;17, Folge VI\u00a0\u00a0\u00a0\u00a0 &#8212;&#8211;\u00a0\u00a0\u00a0\u00a0<\/strong> <\/em>Karin kommt am 2. M\u00e4rz 1944 im Sudetengau zur Welt. Drau\u00dfen schneit es, die zwei Jahre \u00e4ltere Schwester wird von der Nachbarin genommen. <\/span><\/p>\n<p><span style=\"margin: 0px; color: black; font-family: 'Times New Roman','serif'; font-size: 18pt;\">Die Mutter beeilt sich mit der Niederkunft. Nur nicht viel Zeit verlieren. Man hat zu tun. Man muss schnell wieder auf den Beinen sein. Es ist nicht leicht in diesen Tagen, das bisschen Brot und die Kartoffeln zu besorgen. Feuerholz muss organisiert werden. Im Haus wohnen welche, denen man nicht trauen kann, man muss aufpassen, dass einem das Wenige, was man mitgebracht hat, nicht unterm Arsch weg geklaut wird.<\/span><\/p>\n<p><span style=\"margin: 0px; color: black; font-family: 'Times New Roman','serif'; font-size: 18pt;\">Also: An Kleinigkeiten wie eine Geburt verschwendet man in diesen Tagen keine Sentimentalit\u00e4ten.<\/span><\/p>\n<p>&nbsp;<\/p>\n<figure id=\"attachment_2551\" aria-describedby=\"caption-attachment-2551\" style=\"width: 300px\" class=\"wp-caption aligncenter\"><img loading=\"lazy\" decoding=\"async\" class=\"wp-image-2551 size-medium\" src=\"http:\/\/vettensjournal.de\/klassischer-journalismus\/wp-content\/uploads\/2016\/12\/marke6-300x295.jpg\" width=\"300\" height=\"295\" srcset=\"https:\/\/vettensjournal.de\/klassischer-journalismus\/wp-content\/uploads\/2016\/12\/marke6-300x295.jpg 300w, https:\/\/vettensjournal.de\/klassischer-journalismus\/wp-content\/uploads\/2016\/12\/marke6-768x756.jpg 768w, https:\/\/vettensjournal.de\/klassischer-journalismus\/wp-content\/uploads\/2016\/12\/marke6-600x591.jpg 600w, https:\/\/vettensjournal.de\/klassischer-journalismus\/wp-content\/uploads\/2016\/12\/marke6.jpg 980w\" sizes=\"auto, (max-width: 300px) 100vw, 300px\" \/><figcaption id=\"caption-attachment-2551\" class=\"wp-caption-text\">Geboren in der falschen Zeit.<\/figcaption><\/figure>\n<p>&nbsp;<\/p>\n<p><span style=\"margin: 0px; color: black; font-family: 'Times New Roman','serif'; font-size: 18pt;\">Die Mutter ist ja erst einmal froh, dass sie im Sudetengau untergekommen ist. Der Mann hat sie in einen Zug gesteckt und gemeint, sie solle nicht viel fragen. Es m\u00fcsse sein.<\/span><\/p>\n<p><span style=\"margin: 0px; color: black; font-family: 'Times New Roman','serif'; font-size: 18pt;\">Der Mann, ein hohes Tier im Reichsluftfahrtministerium, hat gesagt, Berlin\u00a0sei nicht mehr sicher, das werde jetzt immer schlimmer. \u201eIhr m\u00fcsst weg \u2013 bevor das Kind kommt.\u201c <\/span><\/p>\n<p><span style=\"margin: 0px; color: black; font-family: 'Times New Roman','serif'; font-size: 18pt;\">Er hat ja Recht gehabt. Bisher haben nur die Engl\u00e4nder tags\u00fcber angegriffen und die Bomben \u00fcber Berlin abgeworfen. Knapp 180 Angriffe hat Karins Mutter mitmachen m\u00fcssen in der Leipziger Stra\u00dfe. Nun h\u00f6rt sie aus dem Volksempf\u00e4nger, dass auch die Amis \u00fcber die Stadt herfallen. Tag und Nacht.<\/span><\/p>\n<p>&nbsp;<\/p>\n<figure id=\"attachment_2548\" aria-describedby=\"caption-attachment-2548\" style=\"width: 300px\" class=\"wp-caption aligncenter\"><img loading=\"lazy\" decoding=\"async\" class=\"wp-image-2548 size-medium\" src=\"http:\/\/vettensjournal.de\/klassischer-journalismus\/wp-content\/uploads\/2016\/12\/marke3-300x255.jpg\" width=\"300\" height=\"255\" srcset=\"https:\/\/vettensjournal.de\/klassischer-journalismus\/wp-content\/uploads\/2016\/12\/marke3-300x255.jpg 300w, https:\/\/vettensjournal.de\/klassischer-journalismus\/wp-content\/uploads\/2016\/12\/marke3-768x653.jpg 768w, https:\/\/vettensjournal.de\/klassischer-journalismus\/wp-content\/uploads\/2016\/12\/marke3-600x510.jpg 600w, https:\/\/vettensjournal.de\/klassischer-journalismus\/wp-content\/uploads\/2016\/12\/marke3.jpg 980w\" sizes=\"auto, (max-width: 300px) 100vw, 300px\" \/><figcaption id=\"caption-attachment-2548\" class=\"wp-caption-text\">Wollt Ihr das totale Ende?<\/figcaption><\/figure>\n<p>&nbsp;<\/p>\n<p><span style=\"margin: 0px; color: black; font-family: 'Times New Roman','serif'; font-size: 18pt;\">Ist schon alles in Ordnung so, wie es ist.<\/span><\/p>\n<p><span style=\"margin: 0px; color: black; font-family: 'Times New Roman','serif'; font-size: 18pt;\">\u00a0<\/span><\/p>\n<p><span style=\"margin: 0px; color: black; font-family: 'Times New Roman','serif'; font-size: 18pt;\">\u00a0<\/span><\/p>\n<p><span style=\"margin: 0px; color: black; font-family: 'Times New Roman','serif'; font-size: 18pt;\">Erst nach dem Krieg kehrt die Mutter in die Heimat zur\u00fcck. Mit dem Bollerwagen werden sie und die kleinen M\u00e4dchen zum Bahnhof von Liberec gekarrt. In voll gepferchten Waggons schlagen sie sich durch in den Norden. Schweigend blickt die Mutter zum Fenster hinaus, als der Zug zwischen den Ruinen eines Bahnhofs zum Stehen kommt.<\/span><\/p>\n<p><span style=\"margin: 0px; color: black; font-family: 'Times New Roman','serif'; font-size: 18pt;\">Die Familie zieht beim Opa in Britz ein. Da ist die Verw\u00fcstung nicht gro\u00df. Die G\u00e4rtnereien stehen noch. Gut so \u2013 da kann sich der Vater nach einem neuen Beruf umsehen.<\/span><\/p>\n<p>&nbsp;<\/p>\n<figure id=\"attachment_2550\" aria-describedby=\"caption-attachment-2550\" style=\"width: 300px\" class=\"wp-caption aligncenter\"><img loading=\"lazy\" decoding=\"async\" class=\"wp-image-2550 size-medium\" src=\"http:\/\/vettensjournal.de\/klassischer-journalismus\/wp-content\/uploads\/2016\/12\/marke5-300x188.jpg\" width=\"300\" height=\"188\" srcset=\"https:\/\/vettensjournal.de\/klassischer-journalismus\/wp-content\/uploads\/2016\/12\/marke5-300x188.jpg 300w, https:\/\/vettensjournal.de\/klassischer-journalismus\/wp-content\/uploads\/2016\/12\/marke5-768x480.jpg 768w, https:\/\/vettensjournal.de\/klassischer-journalismus\/wp-content\/uploads\/2016\/12\/marke5-600x375.jpg 600w, https:\/\/vettensjournal.de\/klassischer-journalismus\/wp-content\/uploads\/2016\/12\/marke5.jpg 980w\" sizes=\"auto, (max-width: 300px) 100vw, 300px\" \/><figcaption id=\"caption-attachment-2550\" class=\"wp-caption-text\">Wir ham nix, wir geben nix.<\/figcaption><\/figure>\n<p>&nbsp;<\/p>\n<p><span style=\"margin: 0px; color: black; font-family: 'Times New Roman','serif'; font-size: 18pt;\">Vor dem Krieg hat er Autos verkauft. Bei Opel hatten sie in Berlin keinen Besseren. Aber jetzt brauchen die Menschen erstmal keine Autos.<\/span><\/p>\n<p><span style=\"margin: 0px; color: black; font-family: 'Times New Roman','serif'; font-size: 18pt;\">Also schult Karins Vater auf Blumengro\u00dfh\u00e4ndler um. Er ist ein hagerer schweigender Mensch, der gute Gesch\u00e4fte macht und nicht lacht. Geizig sind seine Frau und er. Und streng. Sie haben es nicht anders gelernt.<\/span><\/p>\n<p><span style=\"margin: 0px; color: black; font-family: 'Times New Roman','serif'; font-size: 18pt;\">Die Mutter ist Jahrgang \u201803, der Vater wurde 1904 geboren. Ein verstocktes freudloses \u00dcberlebens-Team.<\/span><\/p>\n<p><span style=\"margin: 0px; color: black; font-family: 'Times New Roman','serif'; font-size: 18pt;\">\u201eDie waren 40, als ich kam. Da waren sie uralt\u201c, sagt Karin. \u201eDas waren keine Eltern zum Liebhaben.\u201c<\/span><\/p>\n<p style=\"text-align: center;\"><em><span style=\"margin: 0px; color: black; font-family: 'Times New Roman','serif'; font-size: 18pt;\">\u201eWenn mein Vater jesacht hat, dit wird jemacht, denn wurde dit jemacht. Und wenn et nich jemacht wurde, hat er nochmal jesacht, dit wird jemacht. Und wenn et dann nich funktioniert hat, dann hat et jerappelt.<\/span><\/em><\/p>\n<p style=\"text-align: center;\"><em><span style=\"margin: 0px; color: black; font-family: 'Times New Roman','serif'; font-size: 18pt;\">Auch die Mutter hat nich lang jefackelt. Wenn der was nich passte, isse mir mitn Ausklopper nach, immer um den K\u00fcchentisch rum.\u201c<\/span><\/em><\/p>\n<p><span style=\"margin: 0px; color: black; font-family: 'Times New Roman','serif'; font-size: 18pt;\">\u00a0<\/span><\/p>\n<p><span style=\"margin: 0px; color: black; font-family: 'Times New Roman','serif'; font-size: 18pt;\">\u00a0<\/span><\/p>\n<p><span style=\"margin: 0px; color: black; font-family: 'Times New Roman','serif'; font-size: 18pt;\">Einmal malt sie sich als Teenager die Lippen rot an und geht \u00a0auf die Stra\u00dfe. Bei der R\u00fcckkehr gro\u00dfes Theater. <\/span><\/p>\n<p style=\"text-align: center;\"><em><span style=\"margin: 0px; color: black; font-family: 'Times New Roman','serif'; font-size: 18pt;\">\u201eEnge Hosn, lange Haare, anjemalte Lippen \u2013 durft ick nich. Det wee\u00df ick heute noch, wie wenn et jrad passiert w\u00e4r. Alle durften se inne Schule lange Haare ham. Alle durften se enge Hosen ham. Alle hatten\u2018se Ballerinas, so wei\u00dfe niedliche Sch\u00fchchen. Ick hab keene engen Hosen jekriecht, ick musste mir die Haare schneiden lassen, ick hab Klumpen an den F\u00fc\u00dfen jehabt.<\/span><\/em><\/p>\n<p style=\"text-align: center;\"><em><span style=\"margin: 0px; color: black; font-family: 'Times New Roman','serif'; font-size: 18pt;\">Denn\u00a0 musst&#8217; ick zun Friseur, mir die Haare abschneiden lassen. Da hab ick mir sone Innenrolle machen lassen. Nach \u2018n paar Tagen ham sich die Haare raus gewachsen. Und Mutter hat jetobt. ,Du hast Dir die Haare wieder nich richtich schneidn lassen.\u2018 Dann setzte es was. Beim n\u00e4chsten Mal hat \u2018se bein Friseur anjerufen, und der hat mir dann \u2018ne Dauerwelle verpasst. Ick hab ausjeseh\u2019n wie \u2018n Pudel.<\/span><\/em><\/p>\n<p style=\"text-align: center;\"><em><span style=\"margin: 0px; color: black; font-family: 'Times New Roman','serif'; font-size: 18pt;\">Dit hat sich bei mir inne Seele einjebrannt, bis heute.\u201c<\/span><\/em><\/p>\n<p><span style=\"margin: 0px; color: black; font-family: 'Times New Roman','serif'; font-size: 18pt;\">\u00a0<\/span><\/p>\n<p><span style=\"margin: 0px; color: black; font-family: 'Times New Roman','serif'; font-size: 18pt;\">\u00a0<\/span><\/p>\n<p><span style=\"margin: 0px; color: black; font-family: 'Times New Roman','serif'; font-size: 18pt;\">\u00a0<\/span><\/p>\n<p><span style=\"margin: 0px; color: black; font-family: 'Times New Roman','serif'; font-size: 18pt;\">Schaufensterdekorateurin will sie werden. Das w\u00fcrde ihr gefallen. Sie w\u00e4re gern eine der jungen Frauen, die da in den gro\u00dfen Kaufh\u00e4usern die weite Welt in die Auslagen zaubern. Aber nein, das wollen die Eltern nicht. Karin soll im Betrieb einscheren. Also schickt man sie erstmal auf die Handelsschule\u00a0 am Viktoria-Luise-Platz. Steno, Buchf\u00fchrung, solche Dinge.<\/span><\/p>\n<p style=\"text-align: center;\"><em><span style=\"margin: 0px; color: black; font-family: 'Times New Roman','serif'; font-size: 18pt;\">\u201e,Frollein Karin, kommense mal zum Diktat!\u2018 Wie ick dit jehasst hab\u2018. Hatte ick doch jar keene Lust f\u00fcr.\u201c<\/span><\/em><\/p>\n<p><span style=\"margin: 0px; color: black; font-family: 'Times New Roman','serif'; font-size: 18pt;\">Eine dunkelblonde junge Frau mit sch\u00f6nen Beinen. Waden, die sich rund hinunter ziehen bis an die Fesseln. Stracke Oberschenkel. Guter Busen. Es gibt Fotos von ihr, da flirtet sie mit der Kamera. Hat einen knappen Einteiler an und sieht nach S\u00fcnde aus.<\/span><\/p>\n<p><span style=\"margin: 0px; color: black; font-family: 'Times New Roman','serif'; font-size: 18pt;\">Aber sie hat gar keine Gelegenheit zur S\u00fcnde.<\/span><\/p>\n<p>&nbsp;<\/p>\n<figure id=\"attachment_2552\" aria-describedby=\"caption-attachment-2552\" style=\"width: 300px\" class=\"wp-caption aligncenter\"><img loading=\"lazy\" decoding=\"async\" class=\"wp-image-2552 size-medium\" src=\"http:\/\/vettensjournal.de\/klassischer-journalismus\/wp-content\/uploads\/2016\/12\/marke7-300x202.jpg\" width=\"300\" height=\"202\" srcset=\"https:\/\/vettensjournal.de\/klassischer-journalismus\/wp-content\/uploads\/2016\/12\/marke7-300x202.jpg 300w, https:\/\/vettensjournal.de\/klassischer-journalismus\/wp-content\/uploads\/2016\/12\/marke7-768x518.jpg 768w, https:\/\/vettensjournal.de\/klassischer-journalismus\/wp-content\/uploads\/2016\/12\/marke7-600x405.jpg 600w, https:\/\/vettensjournal.de\/klassischer-journalismus\/wp-content\/uploads\/2016\/12\/marke7.jpg 980w\" sizes=\"auto, (max-width: 300px) 100vw, 300px\" \/><figcaption id=\"caption-attachment-2552\" class=\"wp-caption-text\">&#8220;Mein Vater war uralt.&#8221; DIE MARKEN SIND AUS DER SAMMLUNG VON BARBARA VOLKMER, ALLES AM LYZEUM M\u00dcHSAM ERTAUSCHT<\/figcaption><\/figure>\n<p>&nbsp;<\/p>\n<p><span style=\"margin: 0px; color: black; font-family: 'Times New Roman','serif'; font-size: 18pt;\">Einmal geht sie mit einem, den darf sie aber nicht nach Hause bringen. Also treffen sie sich zum Knutschen in den Britzer Feldern oder zum Fernsehen bei seinen Eltern in der Fritz-Erler-Allee. <\/span><\/p>\n<p><span style=\"margin: 0px; color: black; font-family: 'Times New Roman','serif'; font-size: 18pt;\">Er ist kein begnadeter Liebhaber, zappelt so rum an ihr, aber er wei\u00df nicht, was er mit ihr anfangen soll. Ins Kino l\u00e4dt er sie auch nicht ein. Und beim Fernsehen kann man nix Rechtes anfangen, weil man ja nicht allein ist.<\/span><\/p>\n<p><span style=\"margin: 0px; color: black; font-family: 'Times New Roman','serif'; font-size: 18pt;\">Der Freund ist arm und sieht nicht besonders aus. Karin hat kein Taschengeld. Da ist nicht viel mit Vergn\u00fcgen.<\/span><\/p>\n<p><span style=\"margin: 0px; color: black; font-family: 'Times New Roman','serif'; font-size: 18pt;\">Wenigstens Fernsehen. Das haben sich der Vater und die Mutter in ihrem Geiz nicht anschaffen wollen. Und so ist Karin schon froh, wenn sie dem Totenhaus in der Mohriner Allee entfliehen kann.<\/span><\/p>\n<p style=\"text-align: center;\"><em><span style=\"margin: 0px; color: black; font-family: 'Times New Roman','serif'; font-size: 18pt;\">\u201eWir ham keen Fernseher jehabt. Wir ham keene Waschmaschine jehabt, die Mutta hat noch mit die H\u00e4nde jewaschn, nur die Bettw\u00e4sche hat man nach au\u00dfen jejeben. Radio hat der Vatta f\u00fcr sich alleene jehabt. Da hamwa \u2013 meine Schwester, die war zwee Jahre \u00e4lter, und icke \u2013 durch die Wand Radio h\u00f6rn k\u00f6nnen, dit war det H\u00f6chste der Jef\u00fchle.\u201c<\/span><\/em><\/p>\n<p><span style=\"margin: 0px; color: black; font-family: 'Times New Roman','serif'; font-size: 18pt;\">Dann wechselt Karin den Freund. Den Neuen lernt sie in der G\u00e4rtnerei kennen. <\/span><\/p>\n<p><span style=\"margin: 0px; color: black; font-family: 'Times New Roman','serif'; font-size: 18pt;\">Der hat ein bisschen Pinkepinke, es reicht auch ab und zu f\u00fcrs Kino, wo es warm und trocken ist. Und in der letzten Reihe sitzen die, die nicht gesehen werden wollen. <\/span><\/p>\n<p><span style=\"margin: 0px; color: black; font-family: 'Times New Roman','serif'; font-size: 18pt;\">Der Neue schenkt ihr ein kleines Kofferradio. Daf\u00fcr ist sie auch ganz lieb mit ihm. Er f\u00e4hrt einen K\u00e4fer, da isses eng, man muss sich verrenken, aber man ist ja jung. Und Liebe-Machen riecht nach VW.<\/span><\/p>\n<p><span style=\"margin: 0px; color: black; font-family: 'Times New Roman','serif'; font-size: 18pt;\">Das brennt sich in die Seele ein.<\/span><\/p>\n<p><span style=\"margin: 0px; color: black; font-family: 'Times New Roman','serif'; font-size: 18pt;\">Radio h\u00f6rt sie abends unter der Bettdecke. Elvis. Beatles. B\u00f6se Sachen. Ganz leise dreht sie den Ton, dass es die Eltern nicht mitkriegen.<\/span><\/p>\n<p><span style=\"margin: 0px; color: black; font-family: 'Times New Roman','serif'; font-size: 18pt;\">Sie beginnt sich &#8211; nun ist sie 23, 24 \u2013 ganz wohl zu f\u00fchlen. Das Leben ist noch vor ihr. Und sch\u00f6ne Br\u00fcste hat sie ja.<\/span><\/p>\n<p><span style=\"margin: 0px; color: black; font-family: 'Times New Roman','serif'; font-size: 18pt;\">Da muss doch noch was kommen.<\/span><\/p>\n<p style=\"text-align: right;\"><em><strong><span style=\"margin: 0px; color: black; font-family: 'Times New Roman','serif'; font-size: 18pt;\">N\u00e4chste Folge: Falscher Mann<\/span><\/strong><\/em><\/p>\n<p><span style=\"margin: 0px; color: black; font-family: 'Times New Roman','serif'; font-size: 18pt;\">\u00a0<\/span><\/p>\n<p><span style=\"margin: 0px; color: black; font-family: 'Times New Roman','serif'; font-size: 18pt;\">\u00a0<\/span><\/p>\n<p><span style=\"margin: 0px; color: black; font-family: 'Times New Roman','serif'; font-size: 18pt;\">\u00a0<\/span><\/p>\n<p><span style=\"margin: 0px; color: black; font-family: 'Times New Roman','serif'; font-size: 18pt;\">\u00a0<\/span><\/p>\n<p><span style=\"margin: 0px; color: black; font-family: 'Times New Roman','serif'; font-size: 18pt;\">\u00a0<\/span><\/p>\n<p><span style=\"font-family: Calibri;\">\u00a0<\/span><\/p>\n","protected":false},"excerpt":{"rendered":"<p>berlin, 4. januar 2017, winter &#8217;16\/&#8217;17, Folge VI\u00a0\u00a0\u00a0\u00a0 &#8212;&#8211;\u00a0\u00a0\u00a0\u00a0 Karin kommt am 2. M\u00e4rz 1944 im Sudetengau zur Welt. Drau\u00dfen schneit es, die zwei Jahre \u00e4ltere Schwester wird von der Nachbarin genommen. Die Mutter beeilt sich mit der Niederkunft. Nur nicht viel Zeit verlieren. Man hat zu tun. Man muss schnell wieder auf den Beinen [&hellip;]<\/p>\n","protected":false},"author":3,"featured_media":2556,"comment_status":"closed","ping_status":"closed","sticky":false,"template":"","format":"standard","meta":{"footnotes":""},"categories":[4,714],"tags":[182,723,732],"class_list":["post-2574","post","type-post","status-publish","format-standard","has-post-thumbnail","hentry","category-journal","category-winter-1617","tag-berlin","tag-karin-vom-zoo","tag-nachkriegszeit","has-post-title","has-post-date","has-post-category","has-post-tag","has-post-comment","has-post-author",""],"_links":{"self":[{"href":"https:\/\/vettensjournal.de\/klassischer-journalismus\/wp-json\/wp\/v2\/posts\/2574","targetHints":{"allow":["GET"]}}],"collection":[{"href":"https:\/\/vettensjournal.de\/klassischer-journalismus\/wp-json\/wp\/v2\/posts"}],"about":[{"href":"https:\/\/vettensjournal.de\/klassischer-journalismus\/wp-json\/wp\/v2\/types\/post"}],"author":[{"embeddable":true,"href":"https:\/\/vettensjournal.de\/klassischer-journalismus\/wp-json\/wp\/v2\/users\/3"}],"replies":[{"embeddable":true,"href":"https:\/\/vettensjournal.de\/klassischer-journalismus\/wp-json\/wp\/v2\/comments?post=2574"}],"version-history":[{"count":2,"href":"https:\/\/vettensjournal.de\/klassischer-journalismus\/wp-json\/wp\/v2\/posts\/2574\/revisions"}],"predecessor-version":[{"id":2579,"href":"https:\/\/vettensjournal.de\/klassischer-journalismus\/wp-json\/wp\/v2\/posts\/2574\/revisions\/2579"}],"wp:featuredmedia":[{"embeddable":true,"href":"https:\/\/vettensjournal.de\/klassischer-journalismus\/wp-json\/wp\/v2\/media\/2556"}],"wp:attachment":[{"href":"https:\/\/vettensjournal.de\/klassischer-journalismus\/wp-json\/wp\/v2\/media?parent=2574"}],"wp:term":[{"taxonomy":"category","embeddable":true,"href":"https:\/\/vettensjournal.de\/klassischer-journalismus\/wp-json\/wp\/v2\/categories?post=2574"},{"taxonomy":"post_tag","embeddable":true,"href":"https:\/\/vettensjournal.de\/klassischer-journalismus\/wp-json\/wp\/v2\/tags?post=2574"}],"curies":[{"name":"wp","href":"https:\/\/api.w.org\/{rel}","templated":true}]}}