{"id":2437,"date":"2016-11-23T21:10:03","date_gmt":"2016-11-23T21:10:03","guid":{"rendered":"http:\/\/vettensjournal.de\/klassischer-journalismus\/?p=2437"},"modified":"2016-11-23T21:10:54","modified_gmt":"2016-11-23T21:10:54","slug":"braune-brut","status":"publish","type":"post","link":"https:\/\/vettensjournal.de\/klassischer-journalismus\/braune-brut\/","title":{"rendered":"BRAUNE BRUT"},"content":{"rendered":"<p>brenner, im november 2016\u00a0 &#8212;\u00a0 <strong>\u00dcBERN BERG, Teil 2<\/strong><\/p>\n<p><strong>\u00a0<\/strong><\/p>\n<p>Das wird ein strenger Winter, das ist ein klirrkalter Novemberabend. Oben am Brenner rollen die <em>tumbleweeds<\/em> durch die Gassen, die Rotlichtpinte ist verdammt geschlossen. Schon lang sind sie weiter gezogen, die Schnaps-Nutten. Vielleicht nach Innsbruck, da kann man nett arbeiten. Vielleicht auch nach Bozen, da machen die <em>poliziotti<\/em> gerade Hatz auf die <em>putane<\/em>.<\/p>\n<p>Egal. Sie sind weg. Und sie fehlen. Es fehlen auch die Radio-Fritzen. Hier haben vor einem Dutzend Jahren eine Handvoll Anarchisten das \u201eradio brenner\u201c gemacht. Wenn Du das geh\u00f6rt hast, ist der Zorn in Dich \u00fcbergegangen.<\/p>\n<p>Jetzt rollen \u2013 seien wir ehrlich \u2013 nicht mal dorrige Kugelb\u00fcsche \u00fcber die Stra\u00dfe. Tumbleweeds sind aus, daf\u00fcr ist ein Outlet-Centre in. Ansonsten haben sie den Brenner vollgem\u00fcllt. Der Ort friert um neun Uhr abends vor sich hin, nicht mal die Ratten haben Bock auf action.<\/p>\n<p>Menschen verkriechen sich schlussendlich in die Bahnhofs-Bar. Da stehen sie und warten den Zehn-Uhr-Zapfenstreich ab. Dann ist der letzte Personenzug durch, und die Bar wird dicht gemacht.<\/p>\n<p>Die Bedienung hat lange Beine, ein paar Tattoos, keine Lust auf morgen und so.<\/p>\n<p>\u201eChiudiamo\u201c, sagt sie, \u201ewir schlie\u00dfen\u201c.<\/p>\n<p>Man trinkt aus. Zieht sich an und denkt fr\u00f6stelnd an drau\u00dfen<\/p>\n<p>Mehr ist da nicht am Brenner.<\/p>\n<p>Einer will gar nicht gehen. Hat einen ordentlichen Rausch und redet mit sich selbst. Ab und zu entf\u00e4hrt ihm ein schriller Lacher. Er hat ein wichtiges Thema, Au\u00dfenstehende werden nicht recht klug aus seinem Gemurmel. Nur manchmal entl\u00e4sst er Wortfetzen in den Saal, die nach Tirol klingen.<\/p>\n<p>\u201eBagasch, varreckte!\u201c<\/p>\n<p>\u201eHoamschickn, olle mitnand!!<\/p>\n<p>\u201eN\u00e4ga, arbeitslose.\u201c<\/p>\n<p>\u201eDes is insa Land.\u201c<\/p>\n<p>&nbsp;<\/p>\n<p>Die braune Brut gedeiht pr\u00e4chtig hier an der Grenze zwischen uns und den Itakern. Unl\u00e4ngst hat es in der Zeitung gestanden, dass sie wieder einen erwischt hatten an der Grenze hier heroben am Pass.<\/p>\n<p><strong>\u201e<\/strong><em>Brenner \u2013 Am Brenner ist am Samstagabend ein Fl\u00fcchtling stark unterk\u00fchlt in einem Lkw entdeckt worden. Bei der Lkw-Kontrollstelle schaute der Mann durch einen Schlitz in der Plane heraus und wurde dabei von einem Passanten entdeckt.<\/em><\/p>\n<p><em>Die Polizei nahm den etwa 20-j\u00e4hrigen Migranten fest&#8230;\u201c<\/em><\/p>\n<p><em>\u00a0<\/em><\/p>\n<p><em>\u00a0<\/em><\/p>\n<p>So stand es im Regionalblatt \u2013 und im Netz brach der Sturm los. Die wackeren Tiroler mit einer v\u00f6lkischen Gesinnung setzten sich auf ihre breiten \u00c4rsche und dichteten, dass Donald Trump seine Freude gehabt h\u00e4tte.<\/p>\n<p>\u201eJogl\u201c: <strong><em>Er hat es geschafft, der sogenannte Fl\u00fcchtling! Nun kann er es sich aussuchen\u00a0 wo er am besten versorgt wird.Vor Abschiebung braucht er keine Angst haben.<\/em><\/strong><\/p>\n<p>\u201eStaenkerer\u201c: <strong><em>a \u201cormer fl\u00fcchtling\u201d der in \u201csicherheit\u201d wor u. nor es geld genua hot quer durch europa zu \u201cfl\u00fcchtn\u201d weil er bestimmt wo er bleibn will \u2026 jo, jo \u2026 a oanzelfoll ..<\/em><\/strong><\/p>\n<p>\u201eoli\u201c: <strong><em>der wollte nur mal schauen ob es am Brenner schon Schnee hat , dann weiter nach Deutschland zur MUTTI . Aber so hat S\u00fcdtirol ein Facharbeiter der MUTTI genommen<\/em><\/strong><\/p>\n<p>\u201efelix\u201c: <strong><em>von was ist er eigentlich aus griechenland und italien gefl\u00fcchtet\u2026\u2026?<\/em><\/strong><\/p>\n<p>\u201eWitschi\u201c: <strong><em>wollte er w\u00e4hrend der fahrt vielleicht noch einen cappuccino mit brioches?<\/em><\/strong><\/p>\n<p>\u201eMissx\u201c: <strong><em>Sorry, unter Migrant verstehe ich etwas anderes als auf einem LKW unterwegs zu sein. Offensichtlich verbotenerweise, sonst h\u00e4tte er ja mit dem Zug oder via Autostop kommen k\u00f6nnen.<\/em><\/strong><\/p>\n<p>\u201eRasputin\u201c: de <strong><em>probleme van lkw \u2013 fahrer mecht i itz net hobm<\/em><\/strong><\/p>\n<p>\u201eraunzer\u201c: <strong><em>Gebt den Mann zu essen und zu trinken und dann schnellstens zur\u00fcck bevor diese Masche der illegalen Einwanderung Schule macht.<\/em><\/strong><\/p>\n<p>\u201eAlpenrepublik\u201c: <strong><em>Nun dann gute R\u00fcckkehr nach Afghanistan\u2026. Europa und wir k\u00f6nnen nicht die ganze Welt aufnehmen und retten!!!!!!<\/em><\/strong><\/p>\n<p><strong><em>\u00a0<\/em><\/strong><\/p>\n<p><strong><em>\u00a0<\/em><\/strong>Da hat \u201eAlpenrepublik&#8221; wohl Recht. Oben am Brenner ist nichts mehr zu retten.<\/p>\n<p>&nbsp;<\/p>\n<p style=\"text-align: right;\"><strong>Morgen: Doppelter Boden<\/strong><\/p>\n","protected":false},"excerpt":{"rendered":"<p>brenner, im november 2016\u00a0 &#8212;\u00a0 \u00dcBERN BERG, Teil 2 \u00a0 Das wird ein strenger Winter, das ist ein klirrkalter Novemberabend. Oben am Brenner rollen die tumbleweeds durch die Gassen, die Rotlichtpinte ist verdammt geschlossen. Schon lang sind sie weiter gezogen, die Schnaps-Nutten. Vielleicht nach Innsbruck, da kann man nett arbeiten. Vielleicht auch nach Bozen, da [&hellip;]<\/p>\n","protected":false},"author":3,"featured_media":2430,"comment_status":"closed","ping_status":"closed","sticky":false,"template":"","format":"standard","meta":{"footnotes":""},"categories":[652,4,5,20,24],"tags":[684,593,688,687,686],"class_list":["post-2437","post","type-post","status-publish","format-standard","has-post-thumbnail","hentry","category-brenner","category-journal","category-klassischer-journalismus","category-reportage","category-schwerpunkt","tag-brenner","tag-fluchtlinge","tag-internet","tag-nutten","tag-ubern-berg","has-post-title","has-post-date","has-post-category","has-post-tag","has-post-comment","has-post-author",""],"_links":{"self":[{"href":"https:\/\/vettensjournal.de\/klassischer-journalismus\/wp-json\/wp\/v2\/posts\/2437","targetHints":{"allow":["GET"]}}],"collection":[{"href":"https:\/\/vettensjournal.de\/klassischer-journalismus\/wp-json\/wp\/v2\/posts"}],"about":[{"href":"https:\/\/vettensjournal.de\/klassischer-journalismus\/wp-json\/wp\/v2\/types\/post"}],"author":[{"embeddable":true,"href":"https:\/\/vettensjournal.de\/klassischer-journalismus\/wp-json\/wp\/v2\/users\/3"}],"replies":[{"embeddable":true,"href":"https:\/\/vettensjournal.de\/klassischer-journalismus\/wp-json\/wp\/v2\/comments?post=2437"}],"version-history":[{"count":1,"href":"https:\/\/vettensjournal.de\/klassischer-journalismus\/wp-json\/wp\/v2\/posts\/2437\/revisions"}],"predecessor-version":[{"id":2439,"href":"https:\/\/vettensjournal.de\/klassischer-journalismus\/wp-json\/wp\/v2\/posts\/2437\/revisions\/2439"}],"wp:featuredmedia":[{"embeddable":true,"href":"https:\/\/vettensjournal.de\/klassischer-journalismus\/wp-json\/wp\/v2\/media\/2430"}],"wp:attachment":[{"href":"https:\/\/vettensjournal.de\/klassischer-journalismus\/wp-json\/wp\/v2\/media?parent=2437"}],"wp:term":[{"taxonomy":"category","embeddable":true,"href":"https:\/\/vettensjournal.de\/klassischer-journalismus\/wp-json\/wp\/v2\/categories?post=2437"},{"taxonomy":"post_tag","embeddable":true,"href":"https:\/\/vettensjournal.de\/klassischer-journalismus\/wp-json\/wp\/v2\/tags?post=2437"}],"curies":[{"name":"wp","href":"https:\/\/api.w.org\/{rel}","templated":true}]}}