{"id":2392,"date":"2016-11-06T17:51:03","date_gmt":"2016-11-06T17:51:03","guid":{"rendered":"http:\/\/vettensjournal.de\/klassischer-journalismus\/?p=2392"},"modified":"2016-11-06T18:00:16","modified_gmt":"2016-11-06T18:00:16","slug":"vollig-irre","status":"publish","type":"post","link":"https:\/\/vettensjournal.de\/klassischer-journalismus\/vollig-irre\/","title":{"rendered":"V\u00d6LLIG IRRE"},"content":{"rendered":"<p><strong>m\u00fcnchen, 7. november 2016<\/strong><\/p>\n<p>&nbsp;<\/p>\n<p>Unl\u00e4ngst hat sich \u201eSputnik\u201c an der Psychiatrie von Haar bei M\u00fcnchen rum getrieben. Sch\u00f6nes Gel\u00e4nde. Viel Wald, ein Sportplatz, ein Kiesh\u00fcgel, von dem aus man einen Feldherrn-Blick \u00fcber das Geb\u00e4ude-Ensemble hat.<\/p>\n<p>Dort leben Menschen, die in der Gesellschaft aus dem Gleis geraten sind. Manche sagen, Haar sei in Oberbayern ein anderes Wort f\u00fcr \u201eKlapse\u201c \u2013 Motto: They never come back. Andere hoffen, dass die Menschen dort wieder aufs Gleis zur\u00fcck finden.<\/p>\n<p>Aber Haar ist \u00fcberall, wei\u00df der Lebens-Schn\u00fcffler \u201eSputnik\u201c. Er nimmt es als gegeben hin, dass diese Menschen es irgendwie nicht auf die Reihe kriegen miteinander.<\/p>\n<p>Man nehme nur mal die Alpha-Wesen Hillary und Donald. Die w\u00fcrden in \u201eSputniks\u201c Welt so was von auf der Schnauze landen. Wie die ihren kleinen Rudelkampf ausfechten! Das ist Tollwut in der finalen Phase.<\/p>\n<p>In der Tierwelt w\u00fcrden Donald und Hillary j\u00e4mmerlich vor die Hunde gehen. Da geh\u00f6ren die Getriebenen zu den Verlierern. Ein souver\u00e4ner Rudelf\u00fchrer tut den Teufel, aggressives Verhalten zu provozieren und st\u00e4ndig seinen Rang zu demonstrieren. Was soll er mit solchen Kleinigkeiten seine Energie verschwenden? L\u00e4ssig leitet er das Rudel. Und wenn es rumort, dann reicht ein kurzes Knurren aus der Tiefe der Kehle \u2013 und die Revoluzzer verkriechen sich hinterm n\u00e4chsten Busch.<\/p>\n<p>Der Verhaltensforscher Konrad Lorenz hat nach jahrzehntelangem Beobachten den Tieren attestiert, dass der Mensch sich von ihnen ab und zu was abgucken k\u00f6nnte.<\/p>\n<p>Sie werden es nicht glauben&#8221;, erkl\u00e4rte ein streitbarer und mit dem homo sapiens durchaus unzufriedener Lorenz. &#8220;Sie werden es nicht glauben, aber es gibt soziale Staaten, die von den Kl\u00fcgsten regiert werden; das ist bei den Pavianen oder den Hunden der Fall.&#8221;<\/p>\n<p>&#8220;Sputnik&#8221; blickt auf die Haar-Klapse und denkt sich sein Teil. Im Unterschied zu den Donaldarys dieser Welt hat er den Durchblick.<\/p>\n<p>Und er sp\u00fcrt: Was auch immer in Amerika passiert &#8211; auf den Hund kommt die Menschheit nicht. Das hat sie nicht drauf.<\/p>\n<p>&nbsp;<\/p>\n<p>&nbsp;<\/p>\n","protected":false},"excerpt":{"rendered":"<p>m\u00fcnchen, 7. november 2016 &nbsp; Unl\u00e4ngst hat sich \u201eSputnik\u201c an der Psychiatrie von Haar bei M\u00fcnchen rum getrieben. Sch\u00f6nes Gel\u00e4nde. Viel Wald, ein Sportplatz, ein Kiesh\u00fcgel, von dem aus man einen Feldherrn-Blick \u00fcber das Geb\u00e4ude-Ensemble hat. Dort leben Menschen, die in der Gesellschaft aus dem Gleis geraten sind. Manche sagen, Haar sei in Oberbayern ein [&hellip;]<\/p>\n","protected":false},"author":3,"featured_media":739,"comment_status":"closed","ping_status":"closed","sticky":false,"template":"","format":"standard","meta":{"footnotes":""},"categories":[602],"tags":[657,239,659,190,658],"class_list":["post-2392","post","type-post","status-publish","format-standard","has-post-thumbnail","hentry","category-sputniks-welt","tag-clinton-hillary","tag-haar","tag-lorenz-konrad","tag-sputnik","tag-trump-donald","has-post-title","has-post-date","has-post-category","has-post-tag","has-post-comment","has-post-author",""],"_links":{"self":[{"href":"https:\/\/vettensjournal.de\/klassischer-journalismus\/wp-json\/wp\/v2\/posts\/2392","targetHints":{"allow":["GET"]}}],"collection":[{"href":"https:\/\/vettensjournal.de\/klassischer-journalismus\/wp-json\/wp\/v2\/posts"}],"about":[{"href":"https:\/\/vettensjournal.de\/klassischer-journalismus\/wp-json\/wp\/v2\/types\/post"}],"author":[{"embeddable":true,"href":"https:\/\/vettensjournal.de\/klassischer-journalismus\/wp-json\/wp\/v2\/users\/3"}],"replies":[{"embeddable":true,"href":"https:\/\/vettensjournal.de\/klassischer-journalismus\/wp-json\/wp\/v2\/comments?post=2392"}],"version-history":[{"count":1,"href":"https:\/\/vettensjournal.de\/klassischer-journalismus\/wp-json\/wp\/v2\/posts\/2392\/revisions"}],"predecessor-version":[{"id":2395,"href":"https:\/\/vettensjournal.de\/klassischer-journalismus\/wp-json\/wp\/v2\/posts\/2392\/revisions\/2395"}],"wp:featuredmedia":[{"embeddable":true,"href":"https:\/\/vettensjournal.de\/klassischer-journalismus\/wp-json\/wp\/v2\/media\/739"}],"wp:attachment":[{"href":"https:\/\/vettensjournal.de\/klassischer-journalismus\/wp-json\/wp\/v2\/media?parent=2392"}],"wp:term":[{"taxonomy":"category","embeddable":true,"href":"https:\/\/vettensjournal.de\/klassischer-journalismus\/wp-json\/wp\/v2\/categories?post=2392"},{"taxonomy":"post_tag","embeddable":true,"href":"https:\/\/vettensjournal.de\/klassischer-journalismus\/wp-json\/wp\/v2\/tags?post=2392"}],"curies":[{"name":"wp","href":"https:\/\/api.w.org\/{rel}","templated":true}]}}