{"id":2167,"date":"2016-01-26T14:03:25","date_gmt":"2016-01-26T14:03:25","guid":{"rendered":"http:\/\/vettensjournal.de\/klassischer-journalismus\/?p=2167"},"modified":"2016-01-26T14:03:25","modified_gmt":"2016-01-26T14:03:25","slug":"buh-2","status":"publish","type":"post","link":"https:\/\/vettensjournal.de\/klassischer-journalismus\/buh-2\/","title":{"rendered":"BUH!"},"content":{"rendered":"<p><strong><em>berlin, 26. Januar 2016<\/em><\/strong><\/p>\n<p>\u201eDie Salome ist schon ein Extremfall\u201c, hat der Regisseur Claus Guth eine Woche vor seiner Premiere gesagt und dabei sehr nett f\u00fcrs Foto gel\u00e4chelt. Dann wurde er gefragt, ob er damit rechne, ausgebuht zu werden.<\/p>\n<p>Guth, ein wunderbarer Quergeist im Opernbetrieb \u2013 der, seit er vor gef\u00fchlt 30 Jahren in Mannheim zum ersten Mal aus einem Musiksaal gebuht worden ist, die Szene auf wundervolle Weise in Rage bringt -, erkl\u00e4rte: \u201eIch lege es nicht darauf an, aber es wird unvermeidlich sein. Bestimmte vertraute Bilder, die ja biblischen Ursprungs sind, die werde ich nicht bedienen.\u201c<\/p>\n<p>&nbsp;<\/p>\n<figure id=\"attachment_2172\" aria-describedby=\"caption-attachment-2172\" style=\"width: 703px\" class=\"wp-caption aligncenter\"><img loading=\"lazy\" decoding=\"async\" class=\"wp-image-2172 size-full\" src=\"http:\/\/vettensjournal.de\/klassischer-journalismus\/wp-content\/uploads\/2016\/01\/OTg4MzkxN0MtQTdCMi00NUZCLThDRUMtODg4QzJFQjc5RDcwjsessionid63893F66F3A439049A5683D67161983A-n2.jpg\" alt=\"OTg4MzkxN0MtQTdCMi00NUZCLThDRUMtODg4QzJFQjc5RDcw;jsessionid=63893F66F3A439049A5683D67161983A-n2\" width=\"703\" height=\"980\" srcset=\"https:\/\/vettensjournal.de\/klassischer-journalismus\/wp-content\/uploads\/2016\/01\/OTg4MzkxN0MtQTdCMi00NUZCLThDRUMtODg4QzJFQjc5RDcwjsessionid63893F66F3A439049A5683D67161983A-n2.jpg 703w, https:\/\/vettensjournal.de\/klassischer-journalismus\/wp-content\/uploads\/2016\/01\/OTg4MzkxN0MtQTdCMi00NUZCLThDRUMtODg4QzJFQjc5RDcwjsessionid63893F66F3A439049A5683D67161983A-n2-215x300.jpg 215w, https:\/\/vettensjournal.de\/klassischer-journalismus\/wp-content\/uploads\/2016\/01\/OTg4MzkxN0MtQTdCMi00NUZCLThDRUMtODg4QzJFQjc5RDcwjsessionid63893F66F3A439049A5683D67161983A-n2-600x836.jpg 600w\" sizes=\"auto, (max-width: 703px) 100vw, 703px\" \/><figcaption id=\"caption-attachment-2172\" class=\"wp-caption-text\">Du willst \u00c4rger?<\/figcaption><\/figure>\n<p>&nbsp;<\/p>\n<p>Okay, er hat gekriegt, was er verdient hat. Sie haben ihn zur Minna machen wollen, die Bewahrer gem\u00fctlicher Traditionen.<\/p>\n<p>Der Berichterstatter der \u201eBerliner Zeitung\u201c beobachtete, dass Guth, der Arme, bei der \u201ePremiere schwerste Buh-St\u00fcrme auszuhalten\u201c hatte.<\/p>\n<p>Selber schuld. Was sucht er sich auch die Salome aus? Die hat doch bekannterma\u00dfen die Pest an der Sch\u00e4rpe.<\/p>\n<p>Fertig geschrieben hat Richard Strauss das Skandalon (entsprungen dem irren Hirn eines Oscar Wilde) im Sommer 1905. Von da an: nix als \u00c4rger.<\/p>\n<p>&nbsp;<\/p>\n<figure id=\"attachment_2171\" aria-describedby=\"caption-attachment-2171\" style=\"width: 689px\" class=\"wp-caption aligncenter\"><img loading=\"lazy\" decoding=\"async\" class=\"wp-image-2171 size-full\" src=\"http:\/\/vettensjournal.de\/klassischer-journalismus\/wp-content\/uploads\/2016\/01\/MEE0MDU3OTItNjJDNy00MTZDLUEwOEUtRUVENzYyQjBFNkU2jsessionid63893F66F3A439049A5683D67161983A-n2.jpg\" alt=\"MEE0MDU3OTItNjJDNy00MTZDLUEwOEUtRUVENzYyQjBFNkU2;jsessionid=63893F66F3A439049A5683D67161983A-n2\" width=\"689\" height=\"980\" srcset=\"https:\/\/vettensjournal.de\/klassischer-journalismus\/wp-content\/uploads\/2016\/01\/MEE0MDU3OTItNjJDNy00MTZDLUEwOEUtRUVENzYyQjBFNkU2jsessionid63893F66F3A439049A5683D67161983A-n2.jpg 689w, https:\/\/vettensjournal.de\/klassischer-journalismus\/wp-content\/uploads\/2016\/01\/MEE0MDU3OTItNjJDNy00MTZDLUEwOEUtRUVENzYyQjBFNkU2jsessionid63893F66F3A439049A5683D67161983A-n2-211x300.jpg 211w, https:\/\/vettensjournal.de\/klassischer-journalismus\/wp-content\/uploads\/2016\/01\/MEE0MDU3OTItNjJDNy00MTZDLUEwOEUtRUVENzYyQjBFNkU2jsessionid63893F66F3A439049A5683D67161983A-n2-600x853.jpg 600w\" sizes=\"auto, (max-width: 689px) 100vw, 689px\" \/><figcaption id=\"caption-attachment-2171\" class=\"wp-caption-text\">Kannst Du haben.<\/figcaption><\/figure>\n<p>&nbsp;<\/p>\n<p>\u201eAbgesehen von mehr textuellen Bedenken kann ich \u00fcber das Absto\u00dfende des ganzen Sujets nicht hinaus und kann nur wiederholen: Die Darstellung von Vorg\u00e4ngen, die in das Gebiet der Sexualpathologie geh\u00f6ren, eignet sich nicht f\u00fcr unsere Hofb\u00fchne.\u201c<\/p>\n<p>So schrieb am 31. Oktober 1905 der Zensor der Wiener Staatsoper Dr. Emil Jettel von Ettenach an den Direktor des Hauses Gustav Mahler<\/p>\n<p>Und raus war die \u201eSalome\u201c aus dem Wiener Kulturbetrieb. Im Dezember freilich wurde die Oper von Richard Strauss in Dresden uraufgef\u00fchrt. Und dann geh\u00f6rte \u2013 allen Buhs zum Trotz das sexualpatholgische Oeuvre zur Opern-Weltliteratur.<\/p>\n<p>Nun machte sich Herr Guth 110 Jahre sp\u00e4ter ans Werk. Und er schaffte wieder mal die kreative Spaltung des Publikums.<\/p>\n<p>&nbsp;<\/p>\n<figure id=\"attachment_2169\" aria-describedby=\"caption-attachment-2169\" style=\"width: 652px\" class=\"wp-caption aligncenter\"><img loading=\"lazy\" decoding=\"async\" class=\"wp-image-2169 size-full\" src=\"http:\/\/vettensjournal.de\/klassischer-journalismus\/wp-content\/uploads\/2016\/01\/MDMxQjEzRDAtQjUxRC00MjQ1LThFNTktNzE4QjI1MUYyNzZGjsessionid63893F66F3A439049A5683D67161983A-n2.jpg\" alt=\"MDMxQjEzRDAtQjUxRC00MjQ1LThFNTktNzE4QjI1MUYyNzZG;jsessionid=63893F66F3A439049A5683D67161983A-n2\" width=\"652\" height=\"980\" srcset=\"https:\/\/vettensjournal.de\/klassischer-journalismus\/wp-content\/uploads\/2016\/01\/MDMxQjEzRDAtQjUxRC00MjQ1LThFNTktNzE4QjI1MUYyNzZGjsessionid63893F66F3A439049A5683D67161983A-n2.jpg 652w, https:\/\/vettensjournal.de\/klassischer-journalismus\/wp-content\/uploads\/2016\/01\/MDMxQjEzRDAtQjUxRC00MjQ1LThFNTktNzE4QjI1MUYyNzZGjsessionid63893F66F3A439049A5683D67161983A-n2-200x300.jpg 200w, https:\/\/vettensjournal.de\/klassischer-journalismus\/wp-content\/uploads\/2016\/01\/MDMxQjEzRDAtQjUxRC00MjQ1LThFNTktNzE4QjI1MUYyNzZGjsessionid63893F66F3A439049A5683D67161983A-n2-600x902.jpg 600w\" sizes=\"auto, (max-width: 652px) 100vw, 652px\" \/><figcaption id=\"caption-attachment-2169\" class=\"wp-caption-text\">Leg Dich einfach mit denen an, die nichts \u00e4ndern wollen.<\/figcaption><\/figure>\n<p>&nbsp;<\/p>\n<p>Die Kritiker der Stadt waren hin- und hergerissen. Zum Einen wollten sie es sich nicht ganz mit den Werte-bewussten Opern-Altvorderen verderben. Zum Anderen mussten sie anerkennen, dass da etwas Besonderes auf der B\u00fchne geschehen war.<\/p>\n<p>Ulrich Amling im \u201eTagesspiegel\u201c: \u201eWer klassisches Sex and Crime sucht, wird durch Claus Guths Inszenierung keinerlei Befriedigung erfahren, es sei denn, er ist ein leidenschaftlicher Buhrufer. Doch Guths Entwurf einer autorit\u00e4ren und doch vaterlosen Gesellschaft und der daraus folgenden weiblichen Fixierung ist von gro\u00dfer intellektueller Einf\u00fchlungskraft\u2026.F\u00fcr Salome hat Claus Guth zusammen mit seiner neuen B\u00fchnenbildnerin Muriel Gerstner sein hoch virtuoses Drehb\u00fchnentheater angehalten.&#8221;<\/p>\n<p>Matthias N\u00f6ther schlie\u00dft sich in der \u201eMorgenpost\u201c an: \u201eEine bemerkens- und bedenkenswerte Auff\u00fchrung \u2013 und ungeachtet der Buhs f\u00fcr das Regieteam nicht nur in musikalischer Hinsicht.\u201c<\/p>\n<p>Nur Peter Peter Pachl h\u00e4ngte sich in der \u201eNeuen Musik-Zeitung\u201c in den Windschatten der erbosten Bildungs-B\u00fcrger: \u201eDas Premierenpublikum jubelte den S\u00e4ngerInneren der Hauptpartien zu, angesichts einer sch\u00f6nen, wenn auch g\u00e4nzlich auf Konsonanten verzichtenden Schlussphrase der Titelpartiegestalterin und empfing das Regieteam mit heftigen Buhrufen. Guths beabsichtigte Provokation ist also aufgegangen \u2013 aber zu welchem\u00a0Zweck?\u201c<\/p>\n<p>Man k\u00f6nnte darauf antworten: Ist doch prima, dass sich die Leute aufregen. Dann tut sich wenigstens was im Saal. Die Oper braucht ADS-Kreative.<\/p>\n<p>Sonst erstickt sie noch am eigenen Staub.<\/p>\n<p>&nbsp;<\/p>\n<figure id=\"attachment_2173\" aria-describedby=\"caption-attachment-2173\" style=\"width: 649px\" class=\"wp-caption aligncenter\"><img loading=\"lazy\" decoding=\"async\" class=\"wp-image-2173 size-full\" src=\"http:\/\/vettensjournal.de\/klassischer-journalismus\/wp-content\/uploads\/2016\/01\/MjI3RTc1RTMtM0E4RC00RUE2LTgzNkUtRUExNEVDODA5Njg4jsessionid63893F66F3A439049A5683D67161983A-n2.jpg\" alt=\"MjI3RTc1RTMtM0E4RC00RUE2LTgzNkUtRUExNEVDODA5Njg4;jsessionid=63893F66F3A439049A5683D67161983A-n2\" width=\"649\" height=\"980\" srcset=\"https:\/\/vettensjournal.de\/klassischer-journalismus\/wp-content\/uploads\/2016\/01\/MjI3RTc1RTMtM0E4RC00RUE2LTgzNkUtRUExNEVDODA5Njg4jsessionid63893F66F3A439049A5683D67161983A-n2.jpg 649w, https:\/\/vettensjournal.de\/klassischer-journalismus\/wp-content\/uploads\/2016\/01\/MjI3RTc1RTMtM0E4RC00RUE2LTgzNkUtRUExNEVDODA5Njg4jsessionid63893F66F3A439049A5683D67161983A-n2-199x300.jpg 199w, https:\/\/vettensjournal.de\/klassischer-journalismus\/wp-content\/uploads\/2016\/01\/MjI3RTc1RTMtM0E4RC00RUE2LTgzNkUtRUExNEVDODA5Njg4jsessionid63893F66F3A439049A5683D67161983A-n2-600x906.jpg 600w\" sizes=\"auto, (max-width: 649px) 100vw, 649px\" \/><figcaption id=\"caption-attachment-2173\" class=\"wp-caption-text\">Dann haste ihn, Deinen \u00c4rger. Aber wie! Foto: BARBARA VOLKMER (www.barbara-ellen.com)<\/figcaption><\/figure>\n<p>&nbsp;<\/p>\n<p>Zusammen mit den Studenten des Studienganges &#8220;Sound Studies&#8221; der Universit\u00e4t der K\u00fcnste haben vor zwei Jahren Dorothea Schroeder und Anne Oppermann einen \u201eSound-Walk\u201c rund um die Geschichte der Deutschen Oper Berlin installiert.<\/p>\n<p>War auch so ein willkommener Aufreger.<\/p>\n<p>Vor allem ist es um die kleinen und gro\u00dfen Revolten in der Kulturszene gegangen. Faustregel: Wenn es rumort, ist Leben in der Bude.<\/p>\n<p>Da wurde vergn\u00fcglich daran erinnert, wie prickelnd es war, als sich die aufgebrachten Premierenbesucher von Henzes \u201eK\u00f6nig Hirsch\u201c nicht mehr mit wilden Buhrufen begn\u00fcgten \u2013 auf einmal skandierte der Saal ein \u201eWir wollen Lohengrin\u201c. Geiler wilder Abend. Viele Diskussionen. Musica viva.<\/p>\n<p>Das ist uns abhanden gekommen, befanden Dorothea Schroeder und Anne Oppermann nach monatelangem \u201eW\u00fchlen in den Archiven\u201c. \u201eHeute wei\u00df man, wogegen man ist, aber man wei\u00df nicht genau, wof\u00fcr man ist&#8221;, sagte Oppermann nachdenklich.<\/p>\n<p>Wenn man freilich gegen was sei, halte man heute mit seiner Meinung hinterm Berg. Buhrufer machen sich eher im Internet Luft als in Heiligen Hallen. Im Netz k\u00f6nnen sie anonym und ungestraft p\u00f6beln \u2013 in der Oper geht das nicht.<\/p>\n<p>&#8220;Uns ist die zivilisierte Emp\u00f6rung abhanden gekommen&#8221;, sagt Dorothea Schroeder. &#8220;Das kann nicht so weitergehen. Denn sonst wird unsere Demokratie immer mehr zur Farce.&#8221;<\/p>\n<p>Also, fassen wir zusammen: Ein dreimal Hoch auf die Buh-Aktivisten.<\/p>\n","protected":false},"excerpt":{"rendered":"<p>berlin, 26. Januar 2016 \u201eDie Salome ist schon ein Extremfall\u201c, hat der Regisseur Claus Guth eine Woche vor seiner Premiere gesagt und dabei sehr nett f\u00fcrs Foto gel\u00e4chelt. Dann wurde er gefragt, ob er damit rechne, ausgebuht zu werden. Guth, ein wunderbarer Quergeist im Opernbetrieb \u2013 der, seit er vor gef\u00fchlt 30 Jahren in Mannheim [&hellip;]<\/p>\n","protected":false},"author":3,"featured_media":2170,"comment_status":"closed","ping_status":"closed","sticky":false,"template":"","format":"standard","meta":{"footnotes":""},"categories":[23,1],"tags":[587,583,580,586,421,582,581,584,585],"class_list":["post-2167","post","type-post","status-publish","format-standard","has-post-thumbnail","hentry","category-story","category-uncategorized","tag-buh","tag-deutsche-oper","tag-guth-claus","tag-mahler-gustav","tag-oper","tag-oper-berlin","tag-salome","tag-strauss-richard","tag-wilde-oscar","has-post-title","has-post-date","has-post-category","has-post-tag","has-post-comment","has-post-author",""],"_links":{"self":[{"href":"https:\/\/vettensjournal.de\/klassischer-journalismus\/wp-json\/wp\/v2\/posts\/2167","targetHints":{"allow":["GET"]}}],"collection":[{"href":"https:\/\/vettensjournal.de\/klassischer-journalismus\/wp-json\/wp\/v2\/posts"}],"about":[{"href":"https:\/\/vettensjournal.de\/klassischer-journalismus\/wp-json\/wp\/v2\/types\/post"}],"author":[{"embeddable":true,"href":"https:\/\/vettensjournal.de\/klassischer-journalismus\/wp-json\/wp\/v2\/users\/3"}],"replies":[{"embeddable":true,"href":"https:\/\/vettensjournal.de\/klassischer-journalismus\/wp-json\/wp\/v2\/comments?post=2167"}],"version-history":[{"count":2,"href":"https:\/\/vettensjournal.de\/klassischer-journalismus\/wp-json\/wp\/v2\/posts\/2167\/revisions"}],"predecessor-version":[{"id":2175,"href":"https:\/\/vettensjournal.de\/klassischer-journalismus\/wp-json\/wp\/v2\/posts\/2167\/revisions\/2175"}],"wp:featuredmedia":[{"embeddable":true,"href":"https:\/\/vettensjournal.de\/klassischer-journalismus\/wp-json\/wp\/v2\/media\/2170"}],"wp:attachment":[{"href":"https:\/\/vettensjournal.de\/klassischer-journalismus\/wp-json\/wp\/v2\/media?parent=2167"}],"wp:term":[{"taxonomy":"category","embeddable":true,"href":"https:\/\/vettensjournal.de\/klassischer-journalismus\/wp-json\/wp\/v2\/categories?post=2167"},{"taxonomy":"post_tag","embeddable":true,"href":"https:\/\/vettensjournal.de\/klassischer-journalismus\/wp-json\/wp\/v2\/tags?post=2167"}],"curies":[{"name":"wp","href":"https:\/\/api.w.org\/{rel}","templated":true}]}}