{"id":1917,"date":"2015-07-18T11:53:07","date_gmt":"2015-07-18T11:53:07","guid":{"rendered":"http:\/\/vettensjournal.de\/klassischer-journalismus\/?p=1917"},"modified":"2015-07-20T13:58:28","modified_gmt":"2015-07-20T13:58:28","slug":"wut-und-weihnacht","status":"publish","type":"post","link":"https:\/\/vettensjournal.de\/klassischer-journalismus\/wut-und-weihnacht\/","title":{"rendered":"WUT UND WEIHNACHT"},"content":{"rendered":"<p style=\"text-align: center\"><strong><em>sommer zwanzichfuffzehn IX<br \/>\n<\/em><\/strong><\/p>\n<p>Das war ein Muster, das Hans Krohn\u00a0 kannte: Zuerst trinken sie und erz\u00e4hlen und sind nett. Sie trinken weiter und werden netter. H\u00f6ren nicht mehr auf mit dem Erz\u00e4hlen.<\/p>\n<p>Dann st\u00fcrzen sie weg.<\/p>\n<p>Die gesamte Lebenswut bricht aus ihnen heraus. Alle Verletzungen bluten wieder. Sie werden b\u00f6se. H\u00f6chste Zeit, vor ihnen Rei\u00dfaus zu nehmen.<\/p>\n<p>Ja, das kannte Krohn. Er hatte mal mit so einer Frau gelebt.<\/p>\n<p>Egal.<\/p>\n<p>Fest stand, dass dieser Eugen Matuschke so ein b\u00f6ser S\u00e4ufer war.<\/p>\n<p>Er st\u00fcrzte gerade weg.<\/p>\n<p style=\"text-align: center\"><em>&#8220;H\u00f6r zu, mein Freund!<\/em><\/p>\n<p style=\"text-align: center\"><em>War doch nicht meine Schuld, dass sich der Vater das Bein weg ges\u00e4belt hat. Ich war so klein, verstehste. Heute wei\u00df ich, was da falsch gelaufen ist.<\/em><\/p>\n<p style=\"text-align: center\"><em>H\u00e4tte mich wehren m\u00fcssen.<\/em><\/p>\n<p style=\"text-align: center\"><em>H\u00e4tte ihm vor den Koffer schei\u00dfen m\u00fcssen.<\/em><\/p>\n<p style=\"text-align: center\"><em>H\u00e4tte die Biege machen m\u00fcssen.<\/em><\/p>\n<p style=\"text-align: center\"><em>Aber wie sollte das gehen? Er hat mich nicht mal oft geschlagen, das war gar nicht n\u00f6tig.<\/em><\/p>\n<p style=\"text-align: center\"><em>Mach dies! Mach das!<\/em><\/p>\n<p style=\"text-align: center\"><em>Lass dies! Lass das!<\/em><\/p>\n<p style=\"text-align: center\"><em>Sowas hat er ganz ruhig gesagt. Ich hatte keine Chance.<\/em><\/p>\n<p style=\"text-align: center\"><em>Gl\u00fcckliche Kindheit &#8211; wenn ich das schon h\u00f6re! Gl\u00fcckliche Kindheit: Sowas kenne ich nicht. Ich habe versucht, die Tage rum zu bringen, ohne dass es ein Ungl\u00fcck f\u00fcr mich gegeben hat. Froh war ich, wenn ich mich im Stall in meine ,Werkstatt&#8217; verdr\u00fccken konnte. Die Schule habe ich gemocht, wenn es Mathe oder Physik gab. Der Rest: Absitzen, die Zeit. Als ich \u00e4lter wurde, ist es besser gewesen. Dann hat mich der Vater f\u00fcrs Reparieren gebraucht, da hat er eine Art Respekt gehabt, weil ich es konnte. Er hat mich sogar anpacken lassen, als wir den ersten Fernsehen bekommen haben. Schwer wie Blei war der.<\/em><\/p>\n<p style=\"text-align: center\"><em>Der Fernseher war gut.<\/em><\/p>\n<p style=\"text-align: center\"><em>Und Weihnachten. <\/em><\/p>\n<p style=\"text-align: center\"><em>Weihnachten war immer gut. Der Vater hat einen Christbaum gechlagen. Die Verwandten aus demWesten haben Lametta geschickt, das hat die Mutter aufgeb\u00fcgelt. Ich habe Gips auf die \u00c4ste gegeben, dann sah das aus wie Schnee.<\/em><\/p>\n<p style=\"text-align: center\"><em>Gut zu essen hat es gegeben. Manchmal war Besuch vom Westen da. Ansonsten haben die Pakete geschickt, wir hatten zu Weihnachten zehn, zw\u00f6lf Pakete unterm Baum. Die rochen nach gutem Kaffee und so.<\/em><\/p>\n<p style=\"text-align: center\"><em>Und es war toll: An Weihnachten hat der Vater gesoffen und war nie b\u00f6se. Das war sehr sch\u00f6n.&#8221;<\/em><\/p>\n<p style=\"text-align: right\"><strong>18. juli 2015<\/strong><\/p>\n","protected":false},"excerpt":{"rendered":"<p>sommer zwanzichfuffzehn IX Das war ein Muster, das Hans Krohn\u00a0 kannte: Zuerst trinken sie und erz\u00e4hlen und sind nett. Sie trinken weiter und werden netter. H\u00f6ren nicht mehr auf mit dem Erz\u00e4hlen. Dann st\u00fcrzen sie weg. Die gesamte Lebenswut bricht aus ihnen heraus. Alle Verletzungen bluten wieder. Sie werden b\u00f6se. H\u00f6chste Zeit, vor ihnen Rei\u00dfaus [&hellip;]<\/p>\n","protected":false},"author":3,"featured_media":1911,"comment_status":"closed","ping_status":"closed","sticky":false,"template":"","format":"standard","meta":{"footnotes":""},"categories":[23,1],"tags":[553,569],"class_list":["post-1917","post","type-post","status-publish","format-standard","has-post-thumbnail","hentry","category-story","category-uncategorized","tag-sommer-zwanzichfuffzehn","tag-weihnachten","has-post-title","has-post-date","has-post-category","has-post-tag","has-post-comment","has-post-author",""],"_links":{"self":[{"href":"https:\/\/vettensjournal.de\/klassischer-journalismus\/wp-json\/wp\/v2\/posts\/1917","targetHints":{"allow":["GET"]}}],"collection":[{"href":"https:\/\/vettensjournal.de\/klassischer-journalismus\/wp-json\/wp\/v2\/posts"}],"about":[{"href":"https:\/\/vettensjournal.de\/klassischer-journalismus\/wp-json\/wp\/v2\/types\/post"}],"author":[{"embeddable":true,"href":"https:\/\/vettensjournal.de\/klassischer-journalismus\/wp-json\/wp\/v2\/users\/3"}],"replies":[{"embeddable":true,"href":"https:\/\/vettensjournal.de\/klassischer-journalismus\/wp-json\/wp\/v2\/comments?post=1917"}],"version-history":[{"count":1,"href":"https:\/\/vettensjournal.de\/klassischer-journalismus\/wp-json\/wp\/v2\/posts\/1917\/revisions"}],"predecessor-version":[{"id":1927,"href":"https:\/\/vettensjournal.de\/klassischer-journalismus\/wp-json\/wp\/v2\/posts\/1917\/revisions\/1927"}],"wp:featuredmedia":[{"embeddable":true,"href":"https:\/\/vettensjournal.de\/klassischer-journalismus\/wp-json\/wp\/v2\/media\/1911"}],"wp:attachment":[{"href":"https:\/\/vettensjournal.de\/klassischer-journalismus\/wp-json\/wp\/v2\/media?parent=1917"}],"wp:term":[{"taxonomy":"category","embeddable":true,"href":"https:\/\/vettensjournal.de\/klassischer-journalismus\/wp-json\/wp\/v2\/categories?post=1917"},{"taxonomy":"post_tag","embeddable":true,"href":"https:\/\/vettensjournal.de\/klassischer-journalismus\/wp-json\/wp\/v2\/tags?post=1917"}],"curies":[{"name":"wp","href":"https:\/\/api.w.org\/{rel}","templated":true}]}}