{"id":1892,"date":"2015-07-16T21:01:32","date_gmt":"2015-07-16T21:01:32","guid":{"rendered":"http:\/\/vettensjournal.de\/klassischer-journalismus\/?p=1892"},"modified":"2015-07-16T21:01:32","modified_gmt":"2015-07-16T21:01:32","slug":"ein-guter-sohn","status":"publish","type":"post","link":"https:\/\/vettensjournal.de\/klassischer-journalismus\/ein-guter-sohn\/","title":{"rendered":"EIN GUTER SOHN"},"content":{"rendered":"<p style=\"text-align: center\"><em><strong>sommer zwanzichfuffzehn VII<\/strong><\/em><\/p>\n<p>Eugen trank und redete. Redete und trank. Er war ein routinierter S\u00e4ufer. Einer, der nicht die Kontrolle verlor. Aber er nahm es hin, dass ihn die Bosheit und die Wut fluteten.\u00a0 Wellen des Zorns schlugen \u00fcber ihm zusammen. Zorn \u00fcber die Ungerechtigkeit. Zorn \u00fcber die Geburt am falschen Ort. \u00dcber den Diebstahl jeder Heimat. \u00dcber seine Eltern, auf die er nicht zornig sein durfte.<\/p>\n<p>Der alte Freund des zornigen Mannes schlief sich durch seinen Rausch, und manchmal war sein Gesicht mit der Welt im Reinen. Was f\u00fcr ein gezeichneter Mensch!<\/p>\n<p>Trinken. Reden. Reden. Reden. Den Ton nicht wechseln. Die W\u00f6rter kommen stet und unaufhaltsam. Es gibt keinen Punkt und kein Komma in diesem Reden. Keine Wichtigkeit, keine Nebensache. Das ist ein Monolog wie eine Gehirnw\u00e4sche.<\/p>\n<p style=\"text-align: center\"><em>&#8220;Das war nicht zum Lachen, mein Freund. Was wir gespielt haben, als Kinder? Wir haben nicht viel gespielt, wir waren doch nur die Schrazen von Aussiedlern, die nicht genug zum Fressen hatten. Einer von den Jungs hatte einen Igelit-Ball, dem haben wir sch\u00f6n getan, dann konnten wir V\u00f6lkerball spielen. Daf\u00fcr ist er immer zuerst gew\u00e4hlt worden. Dabei war er dumm wie ein Karpfen.<\/em><\/p>\n<p style=\"text-align: center\"><em>Eigentlich war ich nicht scharf auf V\u00f6lkerball. Die anderen Kinder sind mir auch am Arsch vorbei gegangen. Aber was sollte man schon machen, hier drau\u00dfen? Es war langweilig hier. Zum See durften wir nicht &#8211; wenn wir da erwischt worden sind, haben wir ordentlich Senge gekriegt. Meine Geschwister haben mich nicht f\u00fcr voll genommen, ich war denen doch viel zu klein. Also habe ich mich schon fr\u00fch mit irgendeinem kaputten Teil verdr\u00fcckt und repariert. Ich habe alles gemocht, was mit Technik zu tun hatte. Am Anfang waren es die Landmaschinen. Dann stand da in einer Ecke des Maschinenschuppens ein altes Moped. Ich habe es nie ins Fahren gekriegt, aber ich habe alles auseinander genommen, was ging.<\/em><\/p>\n<p style=\"text-align: center\"><em>Und als ich dann mein eigenes Moped kriegte, wusste ich Bescheid.<\/em><\/p>\n<p style=\"text-align: center\"><em>Eine 50er Java war das. Drei G\u00e4nge. Kickstarter. Rostfarben. Der Vater hat sie mir geschenkt, weil ich einen ganzen Sommer den Hof gemacht hatte.<\/em><\/p>\n<p style=\"text-align: center\"><em>Ja, so konnte der Vater auch sein. Ist eines Tages verschwunden. Und als er wieder kam, hatte er die Java dabei. Hat nicht viel gesagt. ,Da! Machse nich gleich kaputt!&#8217; Das war&#8217;s.<\/em><\/p>\n<p style=\"text-align: center\"><em>Der Vater war ein sturer Knochen. Ich wei\u00df nicht, ob das immer so gewesen ist. Ich habe ihn jedenfalls nur so erlebt. Bevor der ein Wort gesagt hat, konntest Du den Mond verschieben. Morgens ist er wortlos in den Stall &#8211; und wenn Du nicht gespurt hast beim Helfen, hat er Dir mit der Handkante den Hinterkopf rasiert. Das konnte \u00fcbel weh tun. Beim Fr\u00fchst\u00fcck hat er nicht geredet, wir durften auch nichts sagen. Nur die Mutter, die hat sich nicht um die ganze Schweigsamkeit gek\u00fcmmert. Sie hat wie so ein Offizier eine Ansprache gehalten, was jeder den ganzen Tag zu tun hatte. Die Mutter hatte immer irgendwelche Gesch\u00e4fte am Laufen, einen Tag ohne Arbeit gab es bei ihr nicht.<\/em><\/p>\n<p style=\"text-align: center\"><em>Ich habe nicht oft erlebt, dass die Beiden miteinander geredet h\u00e4tten. Vater war bei Leipzig, als wir den Krieg verloren haben. Er hat sich nach Brandenburg durchgeschlagen und Arbeit auf dem Hof gefunden. Bald haben sie gemerkt, dass er sich auskennt und ihn zum Chef gemacht. Da hat er meiner Mutter geschrieben, dass sie mit dem Gro\u00dfvater und den beiden Kindern nachkommen soll. In Elbing hatten sie ein B\u00fcrgerhaus und geh\u00f6rten zur besseren Gesellschaft.<br \/>\n<\/em><\/p>\n<p style=\"text-align: center\"><em>Hier waren wir nix.<\/em><\/p>\n<p style=\"text-align: center\"><em>Wenn ich konnte, habe ich mich aus allem raus gehalten. Ich war mager und habe das Maul gehalten. Ich musste mich nicht mit jemandem schlagen, wenn es \u00c4rger gab. Sowas habe ich anders geregelt.<\/em><\/p>\n<p style=\"text-align: center\"><em>Nach zehn Jahren war ich mit der Schule fertig. Die Lehrer haben gesagt, ich soll einen technischen Beruf anfangen, das war mein Ding.<\/em><\/p>\n<p style=\"text-align: center\"><em>Aber der Vater wollte das nicht h\u00f6ren. ,Du bleibst auf dem Hof&#8217;, sagte er. Ich habe widersprochen, und er hat mir eine verpasst. Ich hatte keine Chance, ich musste ein Bauer werden.<\/em><\/p>\n<p style=\"text-align: center\"><em>Noch einmal habe ich aufgemuckt, damals suchte man einen Mechaniker im Nachbarort und h\u00e4tte mich auch genommen. Dabei hatte ich das gar nicht gelernt. Aber die Leute wussten, dass ich alles reparieren konnte. Also haben sie mir die Stelle angeboten.<\/em><\/p>\n<p style=\"text-align: center\"><img loading=\"lazy\" decoding=\"async\" class=\"aligncenter size-medium wp-image-1899\" src=\"http:\/\/vettensjournal.de\/klassischer-journalismus\/wp-content\/uploads\/2015\/07\/IMG_5843-234x300.jpg\" alt=\"IMG_5843\" width=\"234\" height=\"300\" srcset=\"https:\/\/vettensjournal.de\/klassischer-journalismus\/wp-content\/uploads\/2015\/07\/IMG_5843-234x300.jpg 234w, https:\/\/vettensjournal.de\/klassischer-journalismus\/wp-content\/uploads\/2015\/07\/IMG_5843-600x768.jpg 600w, https:\/\/vettensjournal.de\/klassischer-journalismus\/wp-content\/uploads\/2015\/07\/IMG_5843.jpg 766w\" sizes=\"auto, (max-width: 234px) 100vw, 234px\" \/><\/p>\n<p style=\"text-align: center\"><em>Ich bin nach Hause und habe es erz\u00e4hlt. Da hat der Vater die Hose ausgezogen, das Holzbein abgenommen und auf den Stummel gezeigt. ,Du Rotzl\u00f6ffel&#8217;, hat er gefragt, ,und was ist damit?&#8217;<\/em><\/p>\n<p style=\"text-align: center\"><em>Also bin ich geblieben.&#8221;<\/em><\/p>\n<p style=\"text-align: right\"><strong>16.juli 2015<\/strong><\/p>\n","protected":false},"excerpt":{"rendered":"<p>sommer zwanzichfuffzehn VII Eugen trank und redete. Redete und trank. Er war ein routinierter S\u00e4ufer. Einer, der nicht die Kontrolle verlor. Aber er nahm es hin, dass ihn die Bosheit und die Wut fluteten.\u00a0 Wellen des Zorns schlugen \u00fcber ihm zusammen. Zorn \u00fcber die Ungerechtigkeit. Zorn \u00fcber die Geburt am falschen Ort. \u00dcber den Diebstahl [&hellip;]<\/p>\n","protected":false},"author":3,"featured_media":1899,"comment_status":"closed","ping_status":"closed","sticky":false,"template":"","format":"standard","meta":{"footnotes":""},"categories":[23,1],"tags":[567,553],"class_list":["post-1892","post","type-post","status-publish","format-standard","has-post-thumbnail","hentry","category-story","category-uncategorized","tag-elbing","tag-sommer-zwanzichfuffzehn","has-post-title","has-post-date","has-post-category","has-post-tag","has-post-comment","has-post-author",""],"_links":{"self":[{"href":"https:\/\/vettensjournal.de\/klassischer-journalismus\/wp-json\/wp\/v2\/posts\/1892","targetHints":{"allow":["GET"]}}],"collection":[{"href":"https:\/\/vettensjournal.de\/klassischer-journalismus\/wp-json\/wp\/v2\/posts"}],"about":[{"href":"https:\/\/vettensjournal.de\/klassischer-journalismus\/wp-json\/wp\/v2\/types\/post"}],"author":[{"embeddable":true,"href":"https:\/\/vettensjournal.de\/klassischer-journalismus\/wp-json\/wp\/v2\/users\/3"}],"replies":[{"embeddable":true,"href":"https:\/\/vettensjournal.de\/klassischer-journalismus\/wp-json\/wp\/v2\/comments?post=1892"}],"version-history":[{"count":1,"href":"https:\/\/vettensjournal.de\/klassischer-journalismus\/wp-json\/wp\/v2\/posts\/1892\/revisions"}],"predecessor-version":[{"id":1900,"href":"https:\/\/vettensjournal.de\/klassischer-journalismus\/wp-json\/wp\/v2\/posts\/1892\/revisions\/1900"}],"wp:featuredmedia":[{"embeddable":true,"href":"https:\/\/vettensjournal.de\/klassischer-journalismus\/wp-json\/wp\/v2\/media\/1899"}],"wp:attachment":[{"href":"https:\/\/vettensjournal.de\/klassischer-journalismus\/wp-json\/wp\/v2\/media?parent=1892"}],"wp:term":[{"taxonomy":"category","embeddable":true,"href":"https:\/\/vettensjournal.de\/klassischer-journalismus\/wp-json\/wp\/v2\/categories?post=1892"},{"taxonomy":"post_tag","embeddable":true,"href":"https:\/\/vettensjournal.de\/klassischer-journalismus\/wp-json\/wp\/v2\/tags?post=1892"}],"curies":[{"name":"wp","href":"https:\/\/api.w.org\/{rel}","templated":true}]}}