{"id":1873,"date":"2015-07-15T21:44:11","date_gmt":"2015-07-15T21:44:11","guid":{"rendered":"http:\/\/vettensjournal.de\/klassischer-journalismus\/?p=1873"},"modified":"2015-07-15T21:53:54","modified_gmt":"2015-07-15T21:53:54","slug":"heimat","status":"publish","type":"post","link":"https:\/\/vettensjournal.de\/klassischer-journalismus\/heimat\/","title":{"rendered":"HEIMAT"},"content":{"rendered":"<p style=\"text-align: center\"><em><strong>sommer zwanzichfuffzehn VI<\/strong><\/em><\/p>\n<p>Halt mal! In der einen Hand hatte Matuschke eine Schnapsflasche (Beluga Noble Vodka, immerhin, Respekt!) &#8211; und unter den linken Arm hatte er einen Apple geklemmt. Mit seinem alten Freund im Schlepptau n\u00e4herte er sich Hans Krohn. Er machte eine vage Handbewegung.<\/p>\n<p>&#8220;Da hinten ist eine Bank. Komm, mein Freund.&#8221;<\/p>\n<p>Eugen Matuschke wies auf die Bank mit der wackligen Lehne. Der alte Mann und Krohn setzten sich, Matuschke blieb stehen, nahm einen Schluck, reichte sie seinem Freund. Der trank durstig, Krohn wollte nicht. Na gut, dann eben nicht.<\/p>\n<p>&#8220;Ich habe Dir doch gesagt, dass meine Leute aus Ostpreussen sind. Ja, das sind wir. Wir sind bekannt f\u00fcr unsere Dicksch\u00e4del. Vor allem mein Vater hat einen Dicksch\u00e4del gehabt. Ein Bein zu wenig, aber einen Kopf wie Holz.&#8221;<\/p>\n<p>&#8220;Wo in Ostpreussen sind Sie geboren?&#8221;<\/p>\n<p>&#8220;Du wirst mich nicht st\u00f6ren, ich mag das nicht. Du wirst einfach nur gut zuh\u00f6ren. Bist Du der Strittmatter oder nicht? Glaubst Du, der h\u00e4tte schreiben k\u00f6nnen, wenn er dauernd gequatscht h\u00e4tte? Also: Ohren auf!&#8221;<\/p>\n<p>Krohn sagte nichts. Das war nicht der erste Interviewpartner, der einen an der Klatsche hatte. Die musste man reden lassen, sonst kriegte man nichts aus ihnen raus.<\/p>\n<p>Eugen Matuschke hatte eine unangenehme Art zu reden. Er modulierte nicht. Sein Singsang ging einem schnell auf den Zeiger. Aber Achtung! Matuschke lie\u00df beim Vortrag den Gegen\u00fcber nicht aus den Augen. Er griff mit b\u00f6sem Blick an. &#8220;Mein Freund&#8221; sagte er, und es klang wie eine Drohung. Matuschke machte allen Vorw\u00fcrfe. Er erkl\u00e4rte, dass alle schlecht seien, schlecht und undankbar. &#8220;Damals, zu meiner Zeit&#8221;, sagte er, &#8220;damals konnte man sich noch freuen, mein Lieber. Merk&#8217; Dir: Freuen kann man sich nur, wenn man in Not ist.&#8221;<\/p>\n<p>Er trank z\u00fcgig, aber er wurde nicht besoffen. Nur die Augen r\u00f6teten sich.<\/p>\n<p>Nein, er war nicht in Ostpreussen geboren<\/p>\n<p>&#8220;Ich habe Dir etwas mitgebracht. Wir schauen uns jetzt Filme \u00fcber meine Heimat an. Dann verstehst Du mich. Ist schon klar, was Du jetzt sagen willst. Ich bin hier in Brandenburg geboren&#8230;<\/p>\n<p>Aber die Heimat ist Ostpreussen. Mein Vater hat es aus dem Krieg nicht mehr nach Hause geschafft, weil es kein Zuhause mehr gegeben hat. Die Mutter ist mit dem Rest der Familie hierher &#8211; jeder hat gerade mal so viel dabei gehabt, wie er tragen konnte. Der Krieg, der Hitler, der Ami, die Russen haben meiner Familie alles weg genommen. Wir hatten ein gro\u00dfes Haus am Marktplatz, meine Eltern waren geachtete Leute in Elbing. Der Vater, mit dem sich keiner angelegt hat, wegen seinem Dickkopf und so. Und die Mutter, das war eine Gesch\u00e4ftsfrau, der keiner was vor machte.<\/p>\n<p>Meine Geschwister sind in Elbing geboren, die Schwester war in der Vierten, als der Krieg zu Ende ging. Mich haben die Eltern hier in Brandenburg gemacht.<\/p>\n<p>Aber deswegen bin ich doch keiner von den Schwachk\u00f6pfen hier. Mein Blut ist ostpreussisch, ich bin da stolz drauf.&#8221;<\/p>\n<p>Matuschke nahm einen Schluck.<\/p>\n<p>&#8220;Schau, vor ein paar Jahren habe ich mir das mit dem Internet beibringen lassen. Jetzt kann ich immer die Filme \u00fcber die Heimat anschauen. Ich zeige sie Dir.&#8221;<\/p>\n<p>Er schaltete den Computer ein. Setzte sich zu seinem Freund und zu Hans Krohn. Der Freund war sehr m\u00fcde, er hatte obendrein die Filme schon hunderte Male gesehen.<\/p>\n<p>Es waren Bilder aus einer verschwundenen Welt. Die Musik kam von Wagner. Die Sprecher schwelgten in deutschem Basstum.<\/p>\n<p>Elbing.<\/p>\n<p>Vorspann:<\/p>\n<p style=\"text-align: center\"><em>&#8220;Die Stadt wurde im Jahre 1237 in Pogesanien, damals Teil des Deutschordenslandes, nahe dem altpreussischen Handelsort Truso an der Bernsteinstra\u00dfe gegr\u00fcndet. Diesen Ort Truso am Flusse Ilfing erw\u00e4hnt schon der angels\u00e4chsische Reisende Wulfstan im Jahre 900. 1241 erhielt Elbing das Stadtrecht nach L\u00fcbischem Recht.&#8221;<\/em><\/p>\n<figure id=\"attachment_1886\" aria-describedby=\"caption-attachment-1886\" style=\"width: 300px\" class=\"wp-caption aligncenter\"><img loading=\"lazy\" decoding=\"async\" class=\"wp-image-1886 size-medium\" src=\"http:\/\/vettensjournal.de\/klassischer-journalismus\/wp-content\/uploads\/2015\/07\/IMG_5818-300x174.jpg\" alt=\"IMG_5818\" width=\"300\" height=\"174\" srcset=\"https:\/\/vettensjournal.de\/klassischer-journalismus\/wp-content\/uploads\/2015\/07\/IMG_5818-300x174.jpg 300w, https:\/\/vettensjournal.de\/klassischer-journalismus\/wp-content\/uploads\/2015\/07\/IMG_5818-600x349.jpg 600w, https:\/\/vettensjournal.de\/klassischer-journalismus\/wp-content\/uploads\/2015\/07\/IMG_5818.jpg 980w\" sizes=\"auto, (max-width: 300px) 100vw, 300px\" \/><figcaption id=\"caption-attachment-1886\" class=\"wp-caption-text\">&#8220;Wei\u00dft Du, wenn ich unseren Fischfang in die Stadt brachte, in unser Elbing \u2013 es war immer wieder sch\u00f6n.&#8221;<\/figcaption><\/figure>\n<p>&nbsp;<\/p>\n<figure id=\"attachment_1885\" aria-describedby=\"caption-attachment-1885\" style=\"width: 217px\" class=\"wp-caption aligncenter\"><img loading=\"lazy\" decoding=\"async\" class=\"wp-image-1885 size-medium\" src=\"http:\/\/vettensjournal.de\/klassischer-journalismus\/wp-content\/uploads\/2015\/07\/IMG_5820-217x300.jpg\" alt=\"IMG_5820\" width=\"217\" height=\"300\" srcset=\"https:\/\/vettensjournal.de\/klassischer-journalismus\/wp-content\/uploads\/2015\/07\/IMG_5820-217x300.jpg 217w, https:\/\/vettensjournal.de\/klassischer-journalismus\/wp-content\/uploads\/2015\/07\/IMG_5820-600x831.jpg 600w, https:\/\/vettensjournal.de\/klassischer-journalismus\/wp-content\/uploads\/2015\/07\/IMG_5820.jpg 708w\" sizes=\"auto, (max-width: 217px) 100vw, 217px\" \/><figcaption id=\"caption-attachment-1885\" class=\"wp-caption-text\">&#8220;Da waren dann die H\u00e4user, die wunderbaren B\u00fcrgerh\u00e4user mit ihren Jahrhunderte alten Giebeln. Richtig angekuschelt lagen die H\u00e4user um die Kirche herum. Das Altersheim schenkte seine Geborgenheit an alle, die m\u00fcde Glieder hatten. Es war heimisch und sauber wie die ganze Stadt.&#8221;<\/figcaption><\/figure>\n<figure id=\"attachment_1884\" aria-describedby=\"caption-attachment-1884\" style=\"width: 300px\" class=\"wp-caption aligncenter\"><img loading=\"lazy\" decoding=\"async\" class=\"wp-image-1884 size-medium\" src=\"http:\/\/vettensjournal.de\/klassischer-journalismus\/wp-content\/uploads\/2015\/07\/IMG_5821-300x189.jpg\" alt=\"IMG_5821\" width=\"300\" height=\"189\" srcset=\"https:\/\/vettensjournal.de\/klassischer-journalismus\/wp-content\/uploads\/2015\/07\/IMG_5821-300x189.jpg 300w, https:\/\/vettensjournal.de\/klassischer-journalismus\/wp-content\/uploads\/2015\/07\/IMG_5821-600x377.jpg 600w, https:\/\/vettensjournal.de\/klassischer-journalismus\/wp-content\/uploads\/2015\/07\/IMG_5821.jpg 980w\" sizes=\"auto, (max-width: 300px) 100vw, 300px\" \/><figcaption id=\"caption-attachment-1884\" class=\"wp-caption-text\">&#8220;Oben standen die Leute auf den Br\u00fccken. Wo sie jetzt wohl sind?&#8221;<\/figcaption><\/figure>\n<figure id=\"attachment_1883\" aria-describedby=\"caption-attachment-1883\" style=\"width: 300px\" class=\"wp-caption aligncenter\"><img loading=\"lazy\" decoding=\"async\" class=\"wp-image-1883 size-medium\" src=\"http:\/\/vettensjournal.de\/klassischer-journalismus\/wp-content\/uploads\/2015\/07\/IMG_5825-300x157.jpg\" alt=\"IMG_5825\" width=\"300\" height=\"157\" srcset=\"https:\/\/vettensjournal.de\/klassischer-journalismus\/wp-content\/uploads\/2015\/07\/IMG_5825-300x157.jpg 300w, https:\/\/vettensjournal.de\/klassischer-journalismus\/wp-content\/uploads\/2015\/07\/IMG_5825-600x313.jpg 600w, https:\/\/vettensjournal.de\/klassischer-journalismus\/wp-content\/uploads\/2015\/07\/IMG_5825.jpg 890w\" sizes=\"auto, (max-width: 300px) 100vw, 300px\" \/><figcaption id=\"caption-attachment-1883\" class=\"wp-caption-text\">&#8220;Jeder von ihnen hatte seine Sorgen. Aber man war zuhaus\u2018. Man hielt auf gute Nachbarschaft.&#8221;<\/figcaption><\/figure>\n<figure id=\"attachment_1882\" aria-describedby=\"caption-attachment-1882\" style=\"width: 300px\" class=\"wp-caption aligncenter\"><img loading=\"lazy\" decoding=\"async\" class=\"wp-image-1882 size-medium\" src=\"http:\/\/vettensjournal.de\/klassischer-journalismus\/wp-content\/uploads\/2015\/07\/IMG_5826-300x197.jpg\" alt=\"IMG_5826\" width=\"300\" height=\"197\" srcset=\"https:\/\/vettensjournal.de\/klassischer-journalismus\/wp-content\/uploads\/2015\/07\/IMG_5826-300x197.jpg 300w, https:\/\/vettensjournal.de\/klassischer-journalismus\/wp-content\/uploads\/2015\/07\/IMG_5826-600x394.jpg 600w, https:\/\/vettensjournal.de\/klassischer-journalismus\/wp-content\/uploads\/2015\/07\/IMG_5826.jpg 980w\" sizes=\"auto, (max-width: 300px) 100vw, 300px\" \/><figcaption id=\"caption-attachment-1882\" class=\"wp-caption-text\">&#8220;Das war keine Hetzerei.&#8221;<\/figcaption><\/figure>\n<figure id=\"attachment_1881\" aria-describedby=\"caption-attachment-1881\" style=\"width: 300px\" class=\"wp-caption aligncenter\"><img loading=\"lazy\" decoding=\"async\" class=\"wp-image-1881 size-medium\" src=\"http:\/\/vettensjournal.de\/klassischer-journalismus\/wp-content\/uploads\/2015\/07\/IMG_5831-300x173.jpg\" alt=\"IMG_5831\" width=\"300\" height=\"173\" srcset=\"https:\/\/vettensjournal.de\/klassischer-journalismus\/wp-content\/uploads\/2015\/07\/IMG_5831-300x173.jpg 300w, https:\/\/vettensjournal.de\/klassischer-journalismus\/wp-content\/uploads\/2015\/07\/IMG_5831-600x346.jpg 600w, https:\/\/vettensjournal.de\/klassischer-journalismus\/wp-content\/uploads\/2015\/07\/IMG_5831.jpg 980w\" sizes=\"auto, (max-width: 300px) 100vw, 300px\" \/><figcaption id=\"caption-attachment-1881\" class=\"wp-caption-text\">&#8220;Ja, in unserem Elbing, da wohnten flei\u00dfige und bescheidene Menschen. &#8220;<\/figcaption><\/figure>\n<figure id=\"attachment_1879\" aria-describedby=\"caption-attachment-1879\" style=\"width: 244px\" class=\"wp-caption aligncenter\"><img loading=\"lazy\" decoding=\"async\" class=\"wp-image-1879 size-medium\" src=\"http:\/\/vettensjournal.de\/klassischer-journalismus\/wp-content\/uploads\/2015\/07\/IMG_5835-244x300.jpg\" alt=\"IMG_5835\" width=\"244\" height=\"300\" srcset=\"https:\/\/vettensjournal.de\/klassischer-journalismus\/wp-content\/uploads\/2015\/07\/IMG_5835-244x300.jpg 244w, https:\/\/vettensjournal.de\/klassischer-journalismus\/wp-content\/uploads\/2015\/07\/IMG_5835-600x739.jpg 600w, https:\/\/vettensjournal.de\/klassischer-journalismus\/wp-content\/uploads\/2015\/07\/IMG_5835.jpg 796w\" sizes=\"auto, (max-width: 244px) 100vw, 244px\" \/><figcaption id=\"caption-attachment-1879\" class=\"wp-caption-text\">&#8220;Die wussten von der H\u00e4nde Arbeit, was ein Groschen wert war.&#8221;<\/figcaption><\/figure>\n<figure id=\"attachment_1878\" aria-describedby=\"caption-attachment-1878\" style=\"width: 300px\" class=\"wp-caption aligncenter\"><img loading=\"lazy\" decoding=\"async\" class=\"wp-image-1878 size-medium\" src=\"http:\/\/vettensjournal.de\/klassischer-journalismus\/wp-content\/uploads\/2015\/07\/IMG_5837-300x168.jpg\" alt=\"IMG_5837\" width=\"300\" height=\"168\" srcset=\"https:\/\/vettensjournal.de\/klassischer-journalismus\/wp-content\/uploads\/2015\/07\/IMG_5837-300x168.jpg 300w, https:\/\/vettensjournal.de\/klassischer-journalismus\/wp-content\/uploads\/2015\/07\/IMG_5837-600x337.jpg 600w, https:\/\/vettensjournal.de\/klassischer-journalismus\/wp-content\/uploads\/2015\/07\/IMG_5837.jpg 980w\" sizes=\"auto, (max-width: 300px) 100vw, 300px\" \/><figcaption id=\"caption-attachment-1878\" class=\"wp-caption-text\">&#8220;An jedem Haus merkte man, wie der Flei\u00df Stein um Stein aufgebaut hatte. Wir wussten noch nicht, was die Zukunft bringen wird. Aber stolz waren wir auf die Vergangenheit. Blitzblank sah es in der K\u00fcche aus. Da sa\u00dfen wir dann und sprachen von der Arbeit, die kommen w\u00fcrde. Und sprachen von den Erinnerungen. Der Ofen h\u00f6rte zu. Das sch\u00f6ne Land belohnte jeden Tropfen Bauernschwei\u00df mit guter Ernte. Wie hei\u00dft es doch: Nicht das Schwert regiert das Land, sondern der Pflug. Und der Acker gehorcht nicht dem Szepter, sondern der schwieligen Faust.&#8221;<\/figcaption><\/figure>\n<figure id=\"attachment_1877\" aria-describedby=\"caption-attachment-1877\" style=\"width: 300px\" class=\"wp-caption aligncenter\"><img loading=\"lazy\" decoding=\"async\" class=\"wp-image-1877 size-medium\" src=\"http:\/\/vettensjournal.de\/klassischer-journalismus\/wp-content\/uploads\/2015\/07\/IMG_5840-300x184.jpg\" alt=\"IMG_5840\" width=\"300\" height=\"184\" srcset=\"https:\/\/vettensjournal.de\/klassischer-journalismus\/wp-content\/uploads\/2015\/07\/IMG_5840-300x184.jpg 300w, https:\/\/vettensjournal.de\/klassischer-journalismus\/wp-content\/uploads\/2015\/07\/IMG_5840-600x368.jpg 600w, https:\/\/vettensjournal.de\/klassischer-journalismus\/wp-content\/uploads\/2015\/07\/IMG_5840.jpg 980w\" sizes=\"auto, (max-width: 300px) 100vw, 300px\" \/><figcaption id=\"caption-attachment-1877\" class=\"wp-caption-text\">&#8220;Es lag Gottes Segen auf diesem Fleckchen Erde.&#8221;<\/figcaption><\/figure>\n<p>&nbsp;<\/p>\n<p>Die Show war zu Ende. Matuschke schloss das Programm.<\/p>\n<p>&#8220;Haste gelesen, was da zum Schluss gestanden hat?&#8221;, wollte er wissen.<\/p>\n<p>Hans Krohn erinnerte sich. Doch er sch\u00fcttelte den Kopf. Matuschke blickte ihn zornig an.<\/p>\n<p>&#8220;Dann sage ich es Dir noch einmal. Ich kann es auswendig. Das sollte man jedem Deutschen einbl\u00e4uen:<\/p>\n<p style=\"text-align: center\"><em>&#8220;In Gedenken an alle deutschen Einwohner, die aus dieser Stadt vertrieben, entrechtet oder ermordet wurden.<\/em><\/p>\n<p style=\"text-align: center\"><em>\u00a0In Liebe zu Westpreussen und zum Wahren Ostdeutschland.&#8221;<\/em><\/p>\n<p>Das ist ja der tiefste braune Sumpf, in den ich je getappt bin, dachte Krohn. Ihm war schlecht. Der Tod von Wolf Gremm, der Nazi-Schlick, der stinkende, trinkende Matuschke &#8211; das war ein bisschen viel.<\/p>\n<p>&#8220;Also&#8221;, erkl\u00e4rte Hans Krohn, &#8220;ich muss dann mal. Habe noch einen ganz sch\u00f6nen Weg.&#8221;<\/p>\n<p>&#8220;Nein!&#8221;<\/p>\n<p>Eugen Matuschke sagte das ganz ruhig.<\/p>\n<p>&#8220;Nein.&#8221;<\/p>\n<p>Er trank. Sein alter Freund war eingeschlafen.<\/p>\n<p>&#8220;Du hast wissen wollen, was hier vor sich geht. Also gut, ich erz\u00e4hle es Dir. Du bleibst sitzen. Denn jetzt kommt die Geschichte. Du hast meine Maschinen fotografiert. Ich werde Dir von den Maschinen erz\u00e4hlen.&#8221;<\/p>\n<p>Krohn suchte nach einer Antwort.<\/p>\n<p>Ihm fiel keine ein.<\/p>\n<p>&#8220;Von den Maschinen erz\u00e4hle ich Dir. Und von der DDR und dem ganzen Beschiss. Und von der Treuhand. Und von der Merkel. Und dem ganzen \u00dcber-Beschiss.&#8221;<\/p>\n<p>B\u00f6ses Lachen.<\/p>\n<p style=\"text-align: right\"><strong>15. juli 2015<\/strong><\/p>\n","protected":false},"excerpt":{"rendered":"<p>sommer zwanzichfuffzehn VI Halt mal! In der einen Hand hatte Matuschke eine Schnapsflasche (Beluga Noble Vodka, immerhin, Respekt!) &#8211; und unter den linken Arm hatte er einen Apple geklemmt. Mit seinem alten Freund im Schlepptau n\u00e4herte er sich Hans Krohn. Er machte eine vage Handbewegung. &#8220;Da hinten ist eine Bank. Komm, mein Freund.&#8221; Eugen Matuschke [&hellip;]<\/p>\n","protected":false},"author":3,"featured_media":1880,"comment_status":"closed","ping_status":"closed","sticky":false,"template":"","format":"standard","meta":{"footnotes":""},"categories":[1],"tags":[567,568,553],"class_list":["post-1873","post","type-post","status-publish","format-standard","has-post-thumbnail","hentry","category-uncategorized","tag-elbing","tag-ostpreussen","tag-sommer-zwanzichfuffzehn","has-post-title","has-post-date","has-post-category","has-post-tag","has-post-comment","has-post-author",""],"_links":{"self":[{"href":"https:\/\/vettensjournal.de\/klassischer-journalismus\/wp-json\/wp\/v2\/posts\/1873","targetHints":{"allow":["GET"]}}],"collection":[{"href":"https:\/\/vettensjournal.de\/klassischer-journalismus\/wp-json\/wp\/v2\/posts"}],"about":[{"href":"https:\/\/vettensjournal.de\/klassischer-journalismus\/wp-json\/wp\/v2\/types\/post"}],"author":[{"embeddable":true,"href":"https:\/\/vettensjournal.de\/klassischer-journalismus\/wp-json\/wp\/v2\/users\/3"}],"replies":[{"embeddable":true,"href":"https:\/\/vettensjournal.de\/klassischer-journalismus\/wp-json\/wp\/v2\/comments?post=1873"}],"version-history":[{"count":1,"href":"https:\/\/vettensjournal.de\/klassischer-journalismus\/wp-json\/wp\/v2\/posts\/1873\/revisions"}],"predecessor-version":[{"id":1891,"href":"https:\/\/vettensjournal.de\/klassischer-journalismus\/wp-json\/wp\/v2\/posts\/1873\/revisions\/1891"}],"wp:featuredmedia":[{"embeddable":true,"href":"https:\/\/vettensjournal.de\/klassischer-journalismus\/wp-json\/wp\/v2\/media\/1880"}],"wp:attachment":[{"href":"https:\/\/vettensjournal.de\/klassischer-journalismus\/wp-json\/wp\/v2\/media?parent=1873"}],"wp:term":[{"taxonomy":"category","embeddable":true,"href":"https:\/\/vettensjournal.de\/klassischer-journalismus\/wp-json\/wp\/v2\/categories?post=1873"},{"taxonomy":"post_tag","embeddable":true,"href":"https:\/\/vettensjournal.de\/klassischer-journalismus\/wp-json\/wp\/v2\/tags?post=1873"}],"curies":[{"name":"wp","href":"https:\/\/api.w.org\/{rel}","templated":true}]}}